{"id":9730,"date":"2015-10-23T07:00:30","date_gmt":"2015-10-23T06:00:30","guid":{"rendered":"http:\/\/www.bilten.org\/?p=9730"},"modified":"2015-10-25T10:48:25","modified_gmt":"2015-10-25T09:48:25","slug":"bosnjacki-politicki-obrat-koalicija-mentora-mudzahedina-i-milosevicevog-daka","status":"publish","type":"post","link":"https:\/\/www.bilten.org\/?p=9730","title":{"rendered":"Bo\u0161nja\u010dki politi\u010dki obrat: koalicija &#8220;mentora mud\u017eahedina&#8221; i &#8220;Milo\u0161evi\u0107evog \u0111aka&#8221;"},"content":{"rendered":"<p><strong>Pomirenje i uspostava koalicije izme\u0111u dosada\u0161njih zakletih neprijatelja (i biv\u0161ih prijatelja) na &#8220;bo\u0161nja\u010dkoj politi\u010dkoj sceni&#8221;, Bakira Izetbegovi\u0107a i Fahrudina Radon\u010di\u0107a, predstavlja va\u017ean zaokret u bh. strana\u010dkoj dinamici. Koalicija zasnovana na prepoznavanju daljnje neisplativosti me\u0111usobnih sukoba, bojazni od prisnije suradnje hrvatskih i srpskih politi\u010dkih elita i potrebi za provedbom &#8220;reformske agende&#8221; koju su nametnule me\u0111unarodne institucije, donosi nove izazove za eventualne progresivne politi\u010dke projekte u Bosni i Hercegovini.<\/strong><\/p>\n<p>Dvanaesta godi\u0161njica smrti prvog lidera Stranke demokratske akcije (SDA) i dugogodi\u0161njeg uzastupnog predsjednika\/predsjedavaju\u0107eg Predsjedni\u0161tva BiH, Alije Izetbegovi\u0107a, obilje\u017eena je posebnim \u010dinom. Nakon vi\u0161egodi\u0161njeg sukoba do\u0161lo je do me\u0111ubo\u0161nja\u010dkog pomirenja, ta\u010dnije pomirenja lidera Saveza za bolju budu\u0107nost (SBB) i vlasnika medijske imperije Dnevni avaz Fahrudina Radon\u010di\u0107a i Bakira Izetbegovi\u0107a, o\u010devog nasljednika na mjestu predsjednika SDA.<\/p>\n<p>SDA i SBB su koaliciju ozvani\u010dili 19. oktobra, najaviv\u0161i rekontrukciju vlasti na kantonalnom i federalnom nivou u Federaciji BiH, \u0161to podrazumijeva izbacivanje Demokratske fronte (DF) \u017deljka Kom\u0161i\u0107a iz vladaju\u0107e koalicije \u010dime je dokinuta druga uzastopna SDA-ova neuspje\u0161na avantura sa nominalnom ljevicom (prvi put je to bila koalicija sa SDP-om iz koga se, uostalom, izdvojio DF). Time je okon\u010dan i medijski rat dvojice lidera, koji se manifestovao me\u0111usobnim optu\u017ebama za umije\u0161anost u megakriminalne afere, saradnju sa balkanskim narko-kartelima, ratne zlo\u010dine i poratne likvidacije politi\u010dkih protivnika, kao i saradnika koji su postali preopasni da bi ostali na \u017eivotu.<\/p>\n<p><b>Znam \u0161ta si radio u pro\u0161lom ratu<\/b><\/p>\n<p>Ako bismo prije samo pola godine prelistali Radon\u010di\u0107ev Dnevni avaz (ina\u010de osnovan tokom rata kapitalom doniranim od strane SDA, \u010diji je Radon\u010di\u0107 tada bio vjerni sljedbenik), nailazili bismo na desetine tekstova o kriminalu i zlo\u010dinima &#8220;<a href=\"http:\/\/www.avaz.ba\/clanak\/139012\/dinastija-izetbegovic-pokrala-je-milijarde-km-i-neka-se-bakir-ne-krije-iza-svoje-majke?url=clanak\/139012\/dinastija-izetbegovic-pokrala-je-milijarde-km-i-neka-se-bakir-ne-krije-iza-svoje-majke\" target=\"_blank\">dinastije Izetbegovi\u0107<\/a>&#8220;<span style=\"font-size: 13.3333px; line-height: 20px;\">.<\/span>\u00a0&#8220;Istra\u017eiva\u010dki tim Dnevnog avaza&#8221; je aktuelnog predsjednika SDA direktno optu\u017eivao da je &#8220;mentor mud\u017eahedina&#8221;, da je njegovao veze sa ljudima iz podzemlja, direktno zapovijedao Mu\u0161anu Topalovi\u0107u \u2013 Caci, ratnom zlo\u010dincu odgovornom za ratne likvidacije sarajevskih Srba (a koji je, navodno, likvidiran prilikom poku\u0161aja bijega), da je nare\u0111ivao likvidacije i progone ljudi iz pravosu\u0111a koji su imali informacije o predratnim procesima protiv Alije Izetbegovi\u0107a za &#8220;antidr\u017eavno djelovanje&#8221;, da je naredio ubistvo mafija\u0161a Ramiza Delali\u0107a \u2013 \u0106ele, koji ga je ucjenjivao zbog direktnih saznanja o ratnim i poratnim radnjama Izetbegovi\u0107a mla\u0111eg&#8230;<\/p>\n<p>&#8220;Bakir izetbegovi\u0107 je vo\u0111a bo\u0161nja\u010dke mafije. Sve dok ne otkrije kako je ubijeno petnaestak na\u0161ih komandanata i visokih politi\u010dkih funkcionera i dok ne vrati milijarde maraka koje je njegova porodica otela i krije ih u Turskoj, mi sa SDA, konkretno sa Izetbegovi\u0107em, nemamo \u0161ta da razgovaramo\u201d, izjavljivao je Radon\u010di\u0107 u raznim varijacijama (iako je njegov Dnevni avaz prije ulaska u sukob sa SDA o Izetbegovi\u0107u mla\u0111em pisao hvalospjeve i brutalno se prosta\u010dki razra\u010dunavao sa svim njegovim protivnicima). Njegove tvrdnje su se poklopile sa tvrdnjama biv\u0161eg direktora Agencije za istra\u017eivanje i dokumentaciju i vr\u0161ioca vi\u0161e rukovode\u0107ih funkcija u prijeratnoj Slu\u017ebi dr\u017eavne bezbjednosti BiH Munira Alibabi\u0107a o tome da su paraobavje\u0161tajni elementi SDA, koje on naziva MOS-om (Muslimanskom obavje\u0161tajnom slu\u017ebom) provodili teror vr\u0161e\u0107i etni\u010dko \u010di\u0161\u0107enje: &#8220;Gra\u0111ani su tretirani po kriterijima strana\u010dke, etni\u010dke i politi\u010dke pripadnosti. Nemuslimani i komunisti su bili na udaru. Bilo je &#8211; ili se suprostaviti MOS kriminalcima i teroristima ili propasti\u2026&#8221; Radon\u010di\u0107 je od 2010. godine cjelokupnu svoju politiku bazirao na obra\u010dunu sa SDA, tvrde\u0107i da &#8220;SBB nema nijednog razloga da ide u koaliciju s Izetbegovi\u0107em&#8221; i da &#8220;ne\u0107e da se obruka pred narodom&#8221;.<\/p>\n<p><b>Kome je smetala po\u0161tena mafija?<br \/>\n<\/b><\/p>\n<p>Izetbegovi\u0107, \u010dija se SDA tek odnedavno potrudila da nedostatak medijskog utjecaja uzrokovan gubitkom Dnevnog avaza kompenzira osnivanjem portala Faktor i nedjeljnika Stav (koje direktno finansira Stranka pravde i razvoja turskog predsjednika\u00a0<a href=\"http:\/\/www.bilten.org\/?p=9458\" target=\"_blank\">Red\u017eepa Tajipa Erdogana<\/a>), nije ostajao du\u017ean. Radon\u010di\u0107 je u \u017eestokoj medijskoj kampanji, posebno prije izbora, progla\u0161en saradnikom albanske narko-mafije: &#8220;Radon\u010di\u0107 i njegov SBB imaju vlastite medije, tornjeve i milione, ali nedavno \u010ditanje optu\u017enice Naseru Keljmendiju, u kojoj ameri\u010dki tu\u017eilac navodi Radon\u010di\u0107a kao \u010dlana zlo\u010dina\u010dke udruge, kona\u010dno stavlja ta\u010dku na mnoge dileme o liku i djelu Fahrudina Radon\u010di\u0107a&#8221;, izjavio je Izetbegovi\u0107 uo\u010di izbora za bo\u0161nja\u010dkog \u010dlana Predsjedni\u0161tva BiH na kojima je drugi put pobijedio lidera SBB-a. Da se nije radilo o pukim optu\u017ebama, <a href=\"http:\/\/balkans.aljazeera.net\/vijesti\/optuznica-protiv-kelmendija-radoncic-na-popisu-saradnika\" target=\"_blank\">potvrdio<\/a> je i ameri\u010dki tu\u017eitelj u Pri\u0161tini Andrew Hughes: &#8220;Optu\u017eeni Naser Kelmendi u suradnji sa Fahrudinom Radon\u010di\u0107em, Ekremom Leki\u0107em, Muhamed Ali Gashijem, Milovanom Jeremi\u0107em, Lubi\u0161om Buhom \u2013 \u010cumetom, Milanom Ostoji\u0107em \u2013 Sandokanom, Naserom Ori\u0107em, Senadom \u0160ahinpa\u0161i\u0107em, Neboj\u0161om Vukomanovi\u0107em, Ra\u0161etom Stranjan, Benjaminom Halimovi\u0107em, Edinom Ahmet\u0161ahi\u0107em i ostalim organizirao je, formirao, nadzirao, vodio i usmjeravao organiziranu i strukturiranu kriminalnu skupinu.&#8221;<\/p>\n<p>Radon\u010di\u0107 je optu\u017een da upravo on stoji iza ubistva pomenutog Ramiza Delali\u0107a \u2013 \u0106ele i to zbog toga \u0161to je bio konkurent albanskom narko-kartelu u Sarajevu. Prema dokumentima Dr\u017eavne agencije za istrage i za\u0161titu (SIPA) koji su procurili u javnost, a koje je Radon\u010di\u0107 proglasio falsifikatom, Naser Keljmendi je bio \u010dak suvlasnik Dnevnog avaza. Zbog toga i drugih razloga je Radon\u010di\u0107 u intepretaciji pomenutog proizetbegovi\u0107evskog sedmi\u010dnika Stav \u2013 odnsono njegovog glavnog i odgovornog urednika Filipa-Mursela Begiv\u0107a \u2013 postao &#8220;najbolji Milo\u0161evi\u0107ev \u0111ak&#8221; koji prijeti dr\u017eavnim udarom i koji je, zapravo, stajao iza protesta od 2. februara 2014. godine, kada su zapaljena sjedi\u0161ta kantonalnih vlada u Sarajevu, Tuzli, Zenici i Mostaru.<\/p>\n<p><b>Reformska agenda prijateljstva<br \/>\n<\/b><br \/>\nI onda je sve prestalo. &#8220;Vo\u0111a dr\u017eavne mafije i mentor mud\u017eahedina&#8221; i &#8220;Milo\u0161evi\u0107ev najbolji u\u010denik&#8221; su sklopili mir. Parafraziraju\u0107i prepredenog junaka iz popularne realpoliti\u010dko-<em>fantasy<\/em> serije dalo bi se zaklju\u010diti da je mir jedino i mogu\u0107e sklopiti me\u0111u neprijateljima. To je vrlo dobro shvatio knji\u017eevni i politi\u010dki analiti\u010dar, jedan od nekada\u0161njih najistaknutijih kriti\u010dara Radon\u010di\u0107a kao &#8220;hara\u010dlije dr\u017eavnog novca&#8221;, Enver Kazaz, koji je pomirenju dao intelektualni blagoslov i ocijenio ga &#8220;hvalevrijednim&#8221;, pogotovo zbog &#8220;otvorenih secesionisti\u010dkih nastojanja Milorada Dodika&#8221;. Pomirenje je pozitivno ocijenio i reisul-ulema Islamske zajednice BiH Husein Kazazovi\u0107, kao i biv\u0161i reisul-ulema, a sada biznismen i predsjednik Svjetskog bo\u0161nja\u010dkog kongresa Mustafa Ceri\u0107. Dnevni avaz Izetbegovi\u0107a sada ocjenjuje kao odgovornog politi\u010dara, uz prate\u0107e fotografije u\u010denja fatihe na o\u010devom grobu, dok je na ni\u0161an dospio \u0161ef DF-a \u017deljko Kom\u0161i\u0107, kojeg se progla\u0161ava &#8220;trojanskim konjem podmetnutim Bo\u0161njacima&#8221; i uspore\u0111uje sa Radovanom Karad\u017ei\u0107em.<\/p>\n<p>Sve ovo implicira tri stvari. I Bakir Izetbegovi\u0107 i Fahrudin Radon\u010di\u0107 su shvatili da previ\u0161e znaju jedan o drugome i da je daljnji &#8220;me\u0111ubo\u0161nja\u010dki&#8221; rat neisplativ. Drugo, shvatili su da daljnji antagonizmi s Hrvatima, koje su proizvele gra\u0111anske lijevo-liberalne opcije ignorisanjem izborne volje ve\u0107inskog hrvatskog glasa\u010dkog tijela u budu\u0107nosti mogu voditi samo jo\u0161 \u010dvr\u0161\u0107im vezama hrvatske i srpske politi\u010dke elite, a nau\u0161trb bo\u0161nja\u010dke, i tre\u0107e, &#8220;reformska agenda&#8221;, odnosno paket neoliberalnih mjera koje je oktroirala EU ne mo\u017ee se dovoljno brzo sprovoditi radi politikanstva socijal-liberala, za sada predvo\u0111enih DF-om, koji, u ovisnosti od trenuta\u010dne politi\u010dke koristi, glume \u010das ljevicu, \u010das desnicu, unose\u0107i tako haos u rad entitetskih institucija. Bo\u0161nja\u010dka konsolidacija samo je jo\u0161 jedan u nizu poraza gra\u0111anskih socijalno-liberalnih ideja, predvo\u0111enih najprije SDP-om, a potom i DF-om. Nizom pogre\u0161nih koraka i ignori\u0161u\u0107i histrijsko-politi\u010dku realnost BiH, ove su partije poku\u0161ale silom i preko no\u0107i nametnuti sistem &#8220;jedan \u010dovjek \u2013 jedan glas&#8221; u zemlji vrlo slo\u017eenih etni\u010dkih odnosa, gdje se takav koncept morao graditi postepeno, po\u0161tuju\u0107i politi\u010dku realnost, a ne \u010dizmu protektoratskih institucija, kao \u0161to su socijal-liberali poku\u0161avali i zbog \u010dega sada pla\u0107aju veliku cijenu.<\/p>\n<p>Pred opozicijom Radon\u010di\u0107u i Izetbegovi\u0107u veliki je zalogaj. Kako se konfrontirati s novim frontom narodnja\u010dkih stranaka i, kako, kada je u pitanju \u010dlanstvo, kona\u010dno prije\u0107i entitetsku crtu i stvoriti partiju koja ne\u0107e biti multietni\u010dka samo po u\u017eem \u010dlanstvu i kandidatima, ve\u0107 i po glasa\u010dkom tijelu? Kako izbje\u0107i ma\u0111arski scenarij na mikronivou, a izdi\u0107i se iznad populizma DF-a? Ono \u0161to se, s druge strane, mo\u017ee sasvim sigurno predvidjeti, jeste da ljubav dva bo\u0161nja\u010dka bloka, s obzirom na intenzitet okon\u010danih sukoba, ne\u0107e biti toliko prisna, ali, bez ikakve sumnje, dovoljno jaka da sebi obezbjedi dugotrajnu vlast, mo\u017eda sve do onog trenutka kada SDA svoju staru taktiku &#8220;diskredituj koalicionog partnera krive\u0107i ga i za njegove i vlasite pogre\u0161ke&#8221; ne poku\u0161a primijeniti i na Radon\u010di\u0107u. Do tada \u0107e &#8220;probosanske snage&#8221;, kako ih je nazvao Izetbegovi\u0107, bez obzira \u0161to ih predvode &#8220;ubica komandanata&#8221; i &#8220;Keljmendijev sau\u010desnik&#8221; ponovo neprikosnoveno vladati \u201cdobrim Bo\u0161njacima\u201d.<\/p>\n<div id=\"sdfootnote1\"><\/div>\n","protected":false},"excerpt":{"rendered":"<p>Dvanaesta godi\u0161njica smrti prvog lidera Stranke demokratske akcije (SDA) i dugogodi\u0161njeg uzastupnog predsjednika\/predsjedavaju\u0107eg Predsjedni\u0161tva BiH, Alije Izetbegovi\u0107a, obilje\u017eena je posebnim \u010dinom&#8230;<\/p>\n","protected":false},"author":5,"featured_media":9735,"comment_status":"closed","ping_status":"closed","sticky":false,"template":"","format":"standard","meta":{"footnotes":""},"categories":[1],"tags":[],"theme":[],"country":[35],"articleformat":[450],"coauthors":[83],"class_list":["post-9730","post","type-post","status-publish","format-standard","has-post-thumbnail","hentry","category-uncategorized","country-bih","articleformat-tema"],"_links":{"self":[{"href":"https:\/\/www.bilten.org\/index.php?rest_route=\/wp\/v2\/posts\/9730","targetHints":{"allow":["GET"]}}],"collection":[{"href":"https:\/\/www.bilten.org\/index.php?rest_route=\/wp\/v2\/posts"}],"about":[{"href":"https:\/\/www.bilten.org\/index.php?rest_route=\/wp\/v2\/types\/post"}],"author":[{"embeddable":true,"href":"https:\/\/www.bilten.org\/index.php?rest_route=\/wp\/v2\/users\/5"}],"replies":[{"embeddable":true,"href":"https:\/\/www.bilten.org\/index.php?rest_route=%2Fwp%2Fv2%2Fcomments&post=9730"}],"version-history":[{"count":15,"href":"https:\/\/www.bilten.org\/index.php?rest_route=\/wp\/v2\/posts\/9730\/revisions"}],"predecessor-version":[{"id":9760,"href":"https:\/\/www.bilten.org\/index.php?rest_route=\/wp\/v2\/posts\/9730\/revisions\/9760"}],"wp:featuredmedia":[{"embeddable":true,"href":"https:\/\/www.bilten.org\/index.php?rest_route=\/wp\/v2\/media\/9735"}],"wp:attachment":[{"href":"https:\/\/www.bilten.org\/index.php?rest_route=%2Fwp%2Fv2%2Fmedia&parent=9730"}],"wp:term":[{"taxonomy":"category","embeddable":true,"href":"https:\/\/www.bilten.org\/index.php?rest_route=%2Fwp%2Fv2%2Fcategories&post=9730"},{"taxonomy":"post_tag","embeddable":true,"href":"https:\/\/www.bilten.org\/index.php?rest_route=%2Fwp%2Fv2%2Ftags&post=9730"},{"taxonomy":"theme","embeddable":true,"href":"https:\/\/www.bilten.org\/index.php?rest_route=%2Fwp%2Fv2%2Ftheme&post=9730"},{"taxonomy":"country","embeddable":true,"href":"https:\/\/www.bilten.org\/index.php?rest_route=%2Fwp%2Fv2%2Fcountry&post=9730"},{"taxonomy":"articleformat","embeddable":true,"href":"https:\/\/www.bilten.org\/index.php?rest_route=%2Fwp%2Fv2%2Farticleformat&post=9730"},{"taxonomy":"author","embeddable":true,"href":"https:\/\/www.bilten.org\/index.php?rest_route=%2Fwp%2Fv2%2Fcoauthors&post=9730"}],"curies":[{"name":"wp","href":"https:\/\/api.w.org\/{rel}","templated":true}]}}