{"id":9724,"date":"2015-10-22T09:55:55","date_gmt":"2015-10-22T08:55:55","guid":{"rendered":"http:\/\/www.bilten.org\/?p=9724"},"modified":"2015-10-22T10:15:14","modified_gmt":"2015-10-22T09:15:14","slug":"europski-zidovi-i-nevoljki-zidari","status":"publish","type":"post","link":"https:\/\/www.bilten.org\/?p=9724","title":{"rendered":"Europski zidovi i nevoljki zidari"},"content":{"rendered":"<p>&#8220;Njema\u010dka policija za ogradu na granici s Austrijom&#8221;, &#8220;Raspad Plana C, sledi zid na granici sa Srbijom&#8221;, &#8220;Kaos na slovenskog granici&#8221; \u2013 od kad je Ma\u0111arska pro\u0161log petka &#8220;zatvorila granicu&#8221; i time promijenila rutu kretanja glavnine bliskoisto\u010dnih izbjeglica, regionalni mediji pr\u0161te od dramati\u010dnih naslova koji ne samo da neprecizno izvje\u0161tavaju o doga\u0111ajima, ve\u0107 se redovito pokazuju i kao \u2013 la\u017eni. Doista, situacija se promjenom rute doista <a href=\"http:\/\/www.bilten.org\/?p=9664\" target=\"_blank\">pogor\u0161ala<\/a>, no to je posljedica prije svega &#8220;usporavanja&#8221; kretanja izbjeglica na kojem inzistiraju Austrija i Njema\u010dka, a koje hrvatske i slovenske institucije provode. Odre\u0111ivanje dnevnih kvota za ulaz u pojedinu zemlju prvo je stvorilo <a href=\"http:\/\/dnevnik.hr\/vijesti\/svijet\/slovenska-vlada-odlucila-slati-ce-vojsku-na-granicu---413027.html\" target=\"_blank\">\u010depove<\/a> i prisililo izbjeglice na no\u0107enja u neprimjerenim uvjetima, a zatim je dovelo i do &#8220;proboja&#8221; <a href=\"http:\/\/izbjeglice.hrt.hr\/304306\/oko-2300-ljudi-veceras-pjesice-uslo-u-sloveniju\" target=\"_blank\">granica<\/a> Srbije i Hrvatske, te Hrvatske i Slovenije, odnosno do ulaska u zemlju van predvi\u0111enih mjesta.<\/p>\n<p>Inzistiranje na \u0161to sporijem ulazu izbjeglica paradoksalno je stvorilo upravo onaj &#8220;problem&#8221; koji je tobo\u017ee trebalo sprije\u010diti \u2013 naime sada izbjeglice doista &#8220;nedokumentirano&#8221; ulaze u zemlje, pri \u010demu su prisiljene uklanjati ograde ili prehodati rijeku Sutlu. Model rje\u0161avanja &#8220;krize&#8221; kratkotrajnim smje\u0161tajem i organiziranim transportom do najbli\u017ee granice tako je djelomi\u010dno ugro\u017een. Iako su efekti o\u010diti, i ti\u010du se prije svega nepotrebnog ugro\u017eavanja zdravlja i sigurnosti izbjeglica u trenutku kada se pogor\u0161avaju i vremenske prilike, motivi za kompliciranje situacije ostaju sasvim misteriozni. Naime, ma\u0111arsko &#8220;zatvaranje granica&#8221; zapravo zna\u010di ukidanje do nedavno funkcionalnih koridora kretanja \u010dime se Ma\u0111arska, prema <a href=\"http:\/\/www.poslovni.hr\/hrvatska\/maarska-zatvorila-granicu-slovenija-obustavila-zeljeznicki-promet-s-hrvatskom-303338\" target=\"_blank\">izjavama<\/a> glasnogovornika vlade Zoltana Kov\u00e1csa, zapravo obavezala na zbrinjavanje izbjeglica koje &#8220;legalno&#8221; zatra\u017ee azil u Ma\u0111arskoj, umjesto da ih samo transportira.<\/p>\n<p><strong>Ukidanje tabua<\/strong><\/p>\n<p>Dakako, ma\u0111arska vlada nema nikakvu namjeru po\u0161tivati formalne me\u0111unarodne obaveze prema izbjeglicama dok god kao svoj primarni zadatak do\u017eivljava &#8220;\u010duvanje \u0161engenske granice&#8221;. Isti je imperativ navodno natjerao slovensku vladu na hitnu i ustavno vrlo upitnu promjenu uloge vojske kojoj su doslovno preko no\u0107i dane policijske ovlasti. U izjavi za Bilten, parlamentarna grupa Zdru\u017eene levice, jedine stranke koja je glasala protiv ovog poteza, navodi kako je zakon tim sporniji jer se ne definiraju &#8220;izvanredne situacije&#8221; ni podru\u010dja policijskog djelovanja vojske. To, obja\u0161njavaju, &#8220;otvara mogu\u0107nost za djelovanje protiv grupa unutar dr\u017eavnih granica&#8221; i predstavlja &#8220;ispunjenje \u017eelja autokrata&#8221;. &#8220;Koji su kriteriji kojima poslanici mogu aktivirati upotrebu doti\u010dnog zakona: je li to 100 prosvjednika na ulicama, 5000 izbjeglica na granici ili ne\u0161to posve tre\u0107e?&#8221;, pitaju u u ZL.<\/p>\n<p>Osim upotrebe vojske, i gradnja barijera je prestala biti tabu tema: odre\u0111ene \u017ei\u010dane barijere radi usmjeravanja prelazaka &#8220;zelene granice&#8221; ve\u0107 su postavljene na ulazu i u Sloveniju i u Hrvatsku. Podsjetimo, vojska i ograda dvije su metode koje su poslu\u017eile kao povod za zgra\u017eanja nad ma\u0111arskom vladom i politikom te sredstvo preko kojeg se utvr\u0111ivala razlika izme\u0111u &#8220;humanih vlada&#8221; i Ma\u0111arske kao europskog <em>enfant terriblea<\/em>. Osim slovenskog <a href=\"http:\/\/www.rtvslo.si\/news-in-english\/slovenia-raises-possibility-of-border-barrier-against-migrants\/376723\" target=\"_blank\">ministra<\/a> unutarnjih poslova, mogu\u0107nost (dodu\u0161e samo &#8220;zadnju&#8221;) izgradnje op\u0161irnijih fizi\u010dkih barijera na granici najavili su i hrvatski <a href=\"http:\/\/rs.n1info.com\/a101176\/Svet\/Region\/Milanovic-Zid-je-apsolutno-poslednje-resenje.html\" target=\"_blank\">premijer<\/a> i <a href=\"http:\/\/www.jutarnji.hr\/vesna-pusic--morat-cemo-zatvoriti-granicu-ako-to-ucine-slovenija--austrija-i-njemacka--to-ne-zelimo--ali-nemamo-drugog-izbora-\/1442007\/\" target=\"_blank\">ministrica<\/a> vanjskih poslova, no &#8220;samo ako to naprave Austrija, Njema\u010dka i Slovenija&#8221;. Tako se klju\u010dna distinkcija izme\u0111u nehumanog orbanizma i pravog socijalnog i humanog europeizma hrvatske vlade pretvorila u pitanje \u2013 \u010dekanja <a href=\"http:\/\/www.24sata.hr\/politika\/milanovic-pitao-sam-trebamo-li-graditi-zid-eu-mi-je-rekla-ne-442430\" target=\"_blank\">instrukcija<\/a> iz Njema\u010dke.<\/p>\n<p><strong>La\u017ena rje\u0161enja i izostale reakcije<\/strong><\/p>\n<p>Iako su najave o skoroj gradnji hrvatskog zida na granici sa Srbijom koje su se pojavile u pojedinim tabloidima po svemu sude\u0107i neto\u010dne (ili barem preuranjene), ipak je te\u0161ko ne primijetiti odre\u0111enu promjenu retorike hrvatskih du\u017enosnika u posljednjih par dana, kao i oprezno reteriranje od ranijeg kategori\u010dkog <a href=\"http:\/\/hr.n1info.com\/a79063\/Vijesti\/Mi-ograde-necemo-graditi-a-ljude-cemo-tretirati-kao-ljude.html\" target=\"_blank\">odbijanja<\/a> mogu\u0107nosti izgradnje ograde te otvaranje vrata za druge poteze u slu\u010daju &#8220;nu\u017ede&#8221;. Iz inicijative nevladinih udruga Dobrodo\u0161li, koja je do sad \u010desto <a href=\"https:\/\/www.facebook.com\/dobrodosli.dragi.imigranti\/posts\/904712016249733\" target=\"_blank\">hvalila<\/a> vladine stavove, ju\u010der nismo uspjeli dobiti komentar izjava premijera i ministrice o mogu\u0107em zidu. Ono \u0161to je tako ostalo neizre\u010deno nije samo kritika vladinog varljivog humanitarizma, ve\u0107 i upozorenje o opasnostima i neefikasnostima &#8220;\u017ei\u010danih&#8221; metoda. Naime, ako je usporavanje ulazaka u Sloveniju prisililo izbjeglice na prelazak Sutle, \u010demu sumnjati da bi gradnja ograde u Srijemu izbjeglice natjerala preko Drine, pa onda Save?<\/p>\n<p>Naposljetku, treba podsjetiti i kako su gradnje ograde u Bugarskoj i Gr\u010dkoj najodgovornije za prelaske preko Egejskog mora u klimavim \u010damcima i posljedi\u010dna utapanja. Niti jedan od zidova nije zaustavio kretanja, ali ih je u\u010dinio znatno opasnijima. Pitanje zida u tom smislu nije pitanje &#8220;tu\u017ene neizbje\u017enosti&#8221; niti legitiman &#8220;posljednji izbor nevoljkih zidara&#8221;. Fizi\u010dko zaustavljanje kretanja je la\u017eno rje\u0161enje koje nije samo neefikasno, ve\u0107 je i kontraproduktivno. Unato\u010d tome, ono je evidentno nametnuto u javni diskurz kao sasvim legitimno, bez adekvatne reakcije. Nakon <a href=\"http:\/\/www.tanjug.rs\/full-view.aspx?izb=209020\" target=\"_blank\">najavljenog<\/a> europskog samita koji bi razgovarao o &#8220;razdvajanju izbjeglica od ekonomskih migranata&#8221;, odnosno tzv. profiliranju, &#8220;ne\u017eeljeni&#8221; bi se zidovi mogli naglo pojaviti kao jedina metoda da se takav plan provede. Ako do toga do\u0111e, kritike zidova <em>post festum<\/em> mo\u0107i \u0107e samo evidentirati tragediju koju ne mogu sprije\u010diti.<\/p>\n","protected":false},"excerpt":{"rendered":"<p>&#8220;Njema\u010dka policija za ogradu na granici s Austrijom&#8221;, &#8220;Raspad Plana C, sledi zid na granici sa Srbijom&#8221;, &#8220;Kaos na slovenskog granici&#8221; \u2013 od kad je Ma\u0111arska pro\u0161log petka &#8220;zatvorila granicu&#8221; i time promijenila rutu kretanja glavnine bliskoisto\u010dnih izbjeglica, regionalni mediji pr\u0161te od dramati\u010dnih naslova koji ne samo da neprecizno izvje\u0161tavaju o doga\u0111ajima, ve\u0107 se redovito pokazuju i kao \u2013 la\u017eni&#8230;<\/p>\n","protected":false},"author":10,"featured_media":9725,"comment_status":"closed","ping_status":"closed","sticky":false,"template":"","format":"standard","meta":{"footnotes":""},"categories":[],"tags":[46],"theme":[458],"country":[38,30],"articleformat":[205],"coauthors":[16],"class_list":["post-9724","post","type-post","status-publish","format-standard","has-post-thumbnail","hentry","tag-migracije","theme-drustvo","country-hrvatska","country-slovenija","articleformat-vijest"],"_links":{"self":[{"href":"https:\/\/www.bilten.org\/index.php?rest_route=\/wp\/v2\/posts\/9724","targetHints":{"allow":["GET"]}}],"collection":[{"href":"https:\/\/www.bilten.org\/index.php?rest_route=\/wp\/v2\/posts"}],"about":[{"href":"https:\/\/www.bilten.org\/index.php?rest_route=\/wp\/v2\/types\/post"}],"author":[{"embeddable":true,"href":"https:\/\/www.bilten.org\/index.php?rest_route=\/wp\/v2\/users\/10"}],"replies":[{"embeddable":true,"href":"https:\/\/www.bilten.org\/index.php?rest_route=%2Fwp%2Fv2%2Fcomments&post=9724"}],"version-history":[{"count":4,"href":"https:\/\/www.bilten.org\/index.php?rest_route=\/wp\/v2\/posts\/9724\/revisions"}],"predecessor-version":[{"id":9729,"href":"https:\/\/www.bilten.org\/index.php?rest_route=\/wp\/v2\/posts\/9724\/revisions\/9729"}],"wp:featuredmedia":[{"embeddable":true,"href":"https:\/\/www.bilten.org\/index.php?rest_route=\/wp\/v2\/media\/9725"}],"wp:attachment":[{"href":"https:\/\/www.bilten.org\/index.php?rest_route=%2Fwp%2Fv2%2Fmedia&parent=9724"}],"wp:term":[{"taxonomy":"category","embeddable":true,"href":"https:\/\/www.bilten.org\/index.php?rest_route=%2Fwp%2Fv2%2Fcategories&post=9724"},{"taxonomy":"post_tag","embeddable":true,"href":"https:\/\/www.bilten.org\/index.php?rest_route=%2Fwp%2Fv2%2Ftags&post=9724"},{"taxonomy":"theme","embeddable":true,"href":"https:\/\/www.bilten.org\/index.php?rest_route=%2Fwp%2Fv2%2Ftheme&post=9724"},{"taxonomy":"country","embeddable":true,"href":"https:\/\/www.bilten.org\/index.php?rest_route=%2Fwp%2Fv2%2Fcountry&post=9724"},{"taxonomy":"articleformat","embeddable":true,"href":"https:\/\/www.bilten.org\/index.php?rest_route=%2Fwp%2Fv2%2Farticleformat&post=9724"},{"taxonomy":"author","embeddable":true,"href":"https:\/\/www.bilten.org\/index.php?rest_route=%2Fwp%2Fv2%2Fcoauthors&post=9724"}],"curies":[{"name":"wp","href":"https:\/\/api.w.org\/{rel}","templated":true}]}}