{"id":9707,"date":"2015-10-22T07:00:23","date_gmt":"2015-10-22T06:00:23","guid":{"rendered":"http:\/\/www.bilten.org\/?p=9707"},"modified":"2015-10-22T09:01:15","modified_gmt":"2015-10-22T08:01:15","slug":"svetost-majke-tereze-umjesto-socijalne-politike","status":"publish","type":"post","link":"https:\/\/www.bilten.org\/?p=9707","title":{"rendered":"Svetost Majke Tereze umjesto socijalne politike"},"content":{"rendered":"<p>U ponedjeljak je u Albaniji bio dr\u017eavni praznik. Nije se pritom slavila neka epizoda iz povijesti uspostave albanske dr\u017eave, ve\u0107 obljetnica kanonizacijske epizode uobi\u010dajene u dr\u017eavni\u010dkom repertoaru jedne druge dr\u017eave &#8211; Vatikana. Naime, 19.10. bila je dvanaesta obljetnica beatifikacije Agnes Gonxha Bojaxhiu, Albanke ro\u0111ene u Skopju 1910. godine, globalno poznate kao Majka Tereza. Praznik je u Albaniji, izme\u0111u ostaloga, obilje\u017een <a href=\"http:\/\/www.balkaninsight.com\/en\/article\/albania-to-follow-mother-teresa-s-footsteps-10-19-2015\" target=\"_blank\">vladinom konferencijom<\/a> u \u010dast slavne nobelovke.<\/p>\n<p>Ministar za socijalnu politiku Blendi Kosi sve\u010dano je na konferenciji predstavio novu vladinu inicijativu &#8211; posebni zakon o volontiranju. Pojasnio je i razloge inicijative: &#8220;Mi ne \u017eelimo samo stvoriti novi zakon o volontiranju. Mi tako\u0111er \u017eelimo i o\u017eiviti volontiranje kao dio na\u0161e tradicije i prona\u0107i na\u010dine da ga implementiramo u dru\u0161tvo.&#8221; Prisko\u010dio je i premijer Edi Rama pozvav\u0161i Albance da prakticiraju neke od principa Majke Tereze u svakodnevnom \u017eivotu. Poslu\u017eio se pritom i njenim citatom koji ga li\u0161ava ispunjavanja obaveza koje mu nala\u017ee radno mjesto: &#8220;Ne \u010dekajte svoje vo\u0111e; u\u010dinite to sami, jedan na jedan.&#8221;<\/p>\n<p>Me\u0111utim, ideolo\u0161ka funkcija Majke Tereze ne iscrpljuje se samo u rastere\u0107enju premijera, ve\u0107 puno va\u017enije, u rastere\u0107enju dr\u017eavnog prora\u010duna i eliminaciji sustavne socijalne politike. Progla\u0161enje dana njene beatifikacije dr\u017eavnim praznikom predstavlja kontinuitet u tretmanu Majke Tereze od sloma komunizma u Albaniji. Dobro\u010diniteljska i misionarska slava etni\u010dke Albanke poslu\u017eila je kao prikladna dimna zavjesa za socijalnu polarizaciju i rast dru\u0161tvenih nejednakosti. Uza sve enormne probleme koje je albanski socijalizam imao, radilo se o jednom od najegalitarnijih dru\u0161tava na svijetu. Promoviranje milosr\u0111a i individualne moralnosti utjelovljene u junakinji albanskih korijena poslu\u017eilo je kao jedno od ideolo\u0161kih opravdanja dru\u0161tvene transformacije.<\/p>\n<p><strong>Zrcalo bur\u017eoaske krivnje<\/strong><\/p>\n<p>Iako je albanskim vlastima Majka Tereza bila nadohvat ruke zbog samog porijekla, rad na oblikovanju njene reputacije odvijao se negdje drugdje. Osniva\u010dicu katoli\u010dkog reda Misionarke ljubavi u Kalkuti 1950. godine &#8220;prona\u0161ao&#8221; je i proslavio filmom i knjigom s kraja 60-ih i po\u010detka 70-ih britanski novinar Malcolm Muggeridge. Kako u poznatom \u010dlanku <em>Mother Theresa: Mirror of Bourgeois Guilt<\/em> (Majka Tereza: zrcalo bur\u017eoaske krivnje) objavljenom 1997. povodom Agnesine smrti poja\u0161njava indijski marksisti\u010dki teoreti\u010dar Vijay Prashad, Muggeridgova pretvorba socijalne radnice u sveticu i rapidno pro\u0161irenje mita svjetskim medijskim i dru\u0161tvenim krajolikom, prvi je od dva klju\u010dna \u010dimbenika statusa Tereze i njene ideolo\u0161ke uloge.<\/p>\n<p>Da bi ona postala budu\u0107i kandidat za epolete svetosti prvo je iz cijele pri\u010de morala biti obrisana socijalna povijest Kalkute u kojoj je djelovala, kao i politi\u010dke prilike u Indiji u tom periodu. Morali su biti izostavljeni razlozi prisutnosti tolikog siroma\u0161tva u tom gradu, od imperijalisti\u010dke povijesti do zbivanja u Isto\u010dnom Pakistanu (dana\u0161njem Banglade\u0161u) tih godina iz kojeg je 12 milijuna ljudi moralo izbje\u0107i u Zapadni Bengal. Morala je biti izbrisana i politi\u010dka uloga indijske komunisti\u010dke ljevice koja je tih godina bila u usponu i pod izra\u017eenom represijom. Odnosno, &#8220;politika&#8221; Majke Tereze, poznate po izjavi da je siroma\u0161tvo lijepo, i posljedi\u010dno izvor svetosti za one koji mu se posvete, morala je zamijeniti politiku koja je siroma\u0161ne nastojala mobilizirati u borbi protiv samih izvora siroma\u0161tva. Radi se o starom triku najkonciznije izra\u017eenom u rije\u010dima brazilskog nadbiskupa\u00a0H\u00e9ldera C\u00e2mare koji je dolazio iz ne\u0161to progresivnije katoli\u010dke tradicije: &#8220;Ako siroma\u0161nima dam hranu zovu me svecem. Ako pitam za\u0161to su siroma\u0161ni siroma\u0161ni, zovu me komunistom.&#8221;<\/p>\n<p>Nakon \u0161to je eliminiran socijalni kontekst u kojem je svetica djelovala, poslu\u017eila je u drugom \u010dinu i kao adekvatna figura za nove politike na svjetskom nivou. Kako navodi Prashad, politi\u010dko-ekonomske promjene zapo\u010dete sedamdesetih, znane kao neoliberalizam, nastojale su financijskim i politi\u010dkim pritiscima uni\u0161titi one institucije koje su poku\u0161avale sanirati posljedice siroma\u0161tva na sustavnom nivou. Demontiranje socijalne dr\u017eave namijenilo se kompenzirati cvjetanjem nevladinih udruga i dobrotvornih ustanova na globalnom jugu. Proces inauguriran govorom tada\u0161njeg \u010delnika Svjetske banke Roberta McNamare na skupu u Nairobiju 1973. godine u Majci Terezi je prona\u0161ao savr\u0161enu reklamnu figuru za zamjenu dru\u0161tvene skrbi milosr\u0111em.<\/p>\n<p>Povratkom u &#8220;domovinu&#8221; nakon pada komunizma Majka Tereza nije donijela samo svetost ve\u0107 i obe\u0107anje politike \u010diji je &#8220;korisni idiot&#8221; bila proteklih dvadesetak godina. Dodatno promoviranje, pa i zakonsku implementaciju, njene karizme kakvom smo svjedo\u010dili na konferenciji albanske vlade ovaj ponedjeljak, mo\u017ee zna\u010diti samo produbljivanje onih politika koje su za siroma\u0161tvo u prvom redu i odgovorne.<\/p>\n","protected":false},"excerpt":{"rendered":"<p>U ponedjeljak je u Albaniji bio dr\u017eavni praznik. Nije se pritom slavila neka epizoda iz povijesti uspostave albanske dr\u017eave, ve\u0107 obljetnica kanonizacijske epizode uobi\u010dajene u dr\u017eavni\u010dkom repertoaru jedne druge dr\u017eave &#8211; Vatikana&#8230;<\/p>\n","protected":false},"author":5,"featured_media":9712,"comment_status":"closed","ping_status":"closed","sticky":false,"template":"","format":"standard","meta":{"footnotes":""},"categories":[],"tags":[103],"theme":[456],"country":[65],"articleformat":[205],"coauthors":[16],"class_list":["post-9707","post","type-post","status-publish","format-standard","has-post-thumbnail","hentry","tag-ideologija","theme-politika","country-albanija","articleformat-vijest"],"_links":{"self":[{"href":"https:\/\/www.bilten.org\/index.php?rest_route=\/wp\/v2\/posts\/9707","targetHints":{"allow":["GET"]}}],"collection":[{"href":"https:\/\/www.bilten.org\/index.php?rest_route=\/wp\/v2\/posts"}],"about":[{"href":"https:\/\/www.bilten.org\/index.php?rest_route=\/wp\/v2\/types\/post"}],"author":[{"embeddable":true,"href":"https:\/\/www.bilten.org\/index.php?rest_route=\/wp\/v2\/users\/5"}],"replies":[{"embeddable":true,"href":"https:\/\/www.bilten.org\/index.php?rest_route=%2Fwp%2Fv2%2Fcomments&post=9707"}],"version-history":[{"count":13,"href":"https:\/\/www.bilten.org\/index.php?rest_route=\/wp\/v2\/posts\/9707\/revisions"}],"predecessor-version":[{"id":9723,"href":"https:\/\/www.bilten.org\/index.php?rest_route=\/wp\/v2\/posts\/9707\/revisions\/9723"}],"wp:featuredmedia":[{"embeddable":true,"href":"https:\/\/www.bilten.org\/index.php?rest_route=\/wp\/v2\/media\/9712"}],"wp:attachment":[{"href":"https:\/\/www.bilten.org\/index.php?rest_route=%2Fwp%2Fv2%2Fmedia&parent=9707"}],"wp:term":[{"taxonomy":"category","embeddable":true,"href":"https:\/\/www.bilten.org\/index.php?rest_route=%2Fwp%2Fv2%2Fcategories&post=9707"},{"taxonomy":"post_tag","embeddable":true,"href":"https:\/\/www.bilten.org\/index.php?rest_route=%2Fwp%2Fv2%2Ftags&post=9707"},{"taxonomy":"theme","embeddable":true,"href":"https:\/\/www.bilten.org\/index.php?rest_route=%2Fwp%2Fv2%2Ftheme&post=9707"},{"taxonomy":"country","embeddable":true,"href":"https:\/\/www.bilten.org\/index.php?rest_route=%2Fwp%2Fv2%2Fcountry&post=9707"},{"taxonomy":"articleformat","embeddable":true,"href":"https:\/\/www.bilten.org\/index.php?rest_route=%2Fwp%2Fv2%2Farticleformat&post=9707"},{"taxonomy":"author","embeddable":true,"href":"https:\/\/www.bilten.org\/index.php?rest_route=%2Fwp%2Fv2%2Fcoauthors&post=9707"}],"curies":[{"name":"wp","href":"https:\/\/api.w.org\/{rel}","templated":true}]}}