{"id":8854,"date":"2015-09-08T08:34:02","date_gmt":"2015-09-08T07:34:02","guid":{"rendered":"http:\/\/www.bilten.org\/?p=8854"},"modified":"2015-09-08T10:22:20","modified_gmt":"2015-09-08T09:22:20","slug":"sumnjive-veze-vjecnog-koalicijskog-partnera","status":"publish","type":"post","link":"https:\/\/www.bilten.org\/?p=8854","title":{"rendered":"Sumnjive veze vje\u010dnog koalicijskog partnera"},"content":{"rendered":"<p>Ju\u010der je u gotovo svim srbijanskim medijima bombasti\u010dno objavljena vijest o pojavi snimke na kojoj se vidi kako potpredsjednik srbijanske vlade, ministar vanjskih poslova i predsjednik Socijalisti\u010dke partije Srbije (SPS) Ivica Da\u010di\u0107 razgovara sa Rodoljubom Radulovi\u0107em, zvanim Mi\u0161a Banana, osobom koja se nalazi u bijegu nakon \u0161to je osu\u0111ena na dvanaest godina zatvora zbog sudjelovanja u organiziranom kriminalu, konkretno trgovini drogom. Susret je tim sporniji jer je Da\u010di\u0107 2008. godine, kada je snimka napravljena, bio i ministar policije. Dok su njegovi suradnici Vanja Vuki\u0107 i Ivica Ton\u010dev nevje\u0161to poku\u0161ali <a href=\"http:\/\/www.tanjug.rs\/full-view.aspx?izb=197763\" target=\"_blank\">negirati<\/a> susret (Vuki\u0107 <a href=\"http:\/\/www.b92.net\/info\/vesti\/index.php?yyyy=2015&amp;mm=09&amp;dd=07&amp;nav_category=11&amp;nav_id=1036235\" target=\"_blank\">tvrdnjom<\/a> da mu je &#8220;neki \u010dovek pri\u0161ao na ulici i po\u010deo da pri\u010da&#8221;), Da\u010di\u0107 nije oklijevao da potvrdi ne samo susret nego i svoje tada\u0161nje prijateljstvo s Radulovi\u0107em.<\/p>\n<p>No kako je u sino\u0107njem <a href=\"http:\/\/www.rts.rs\/page\/stories\/sr\/story\/9\/Politika\/2030736\/Da%C4%8Di%C4%87:+Po+stoti+put+se+na+mene+puca+istim+metkom.html\" target=\"_blank\">gostovanju<\/a> na nekoliko televizija upozorio Da\u010di\u0107, Radulovi\u0107 u tom trenutku nije bio sumnjiva osoba i nitko iz policije ili sigurnosnih slu\u017ebi nije upozorio ministra na to da je Radulovi\u0107 uklju\u010den u me\u0111unarodnu trgovinu drogom. U tom smislu, kako obja\u0161njava Da\u010di\u0107, na njega poku\u0161avaju &#8220;da pucaju po stoti put istim metkom&#8221;. Metak koji spominje su <a href=\"http:\/\/www.rts.rs\/page\/stories\/sr\/story\/125\/Dru%C5%A1tvo\/2030610\/Nikoli%C4%87%3A+Ispitati+kako+su+obave%C5%A1tajni+snimci+dospeli+u+javnost.html\" target=\"_blank\">veze<\/a> koje SPS i Da\u010di\u0107 osobno imaju sa \u010dlanovima tzv. klana Darka \u0160ari\u0107a, koji je u julu osu\u0111en na dvadeset godina zbog \u0161verca kokaina iz Latinske Amerike. Naime, ista je grupa navodno bila i <a href=\"http:\/\/www.cins.rs\/srpski\/news\/article\/sarici-su-bili-vlasnici-kluba-u-centrali-sps-\" target=\"_blank\">zakupac<\/a> no\u0107nog kluba smje\u0161tenog u centrali biv\u0161e stranke Slobodana Milo\u0161evi\u0107a, a prema tvrdnjama koje se periodi\u010dno pojavljuju u beogradskim <a href=\"http:\/\/www.vesti-online.com\/Vesti\/Srbija\/289749\/Koliko-je-Dacic-umesan-u-aferu-Saric\" target=\"_blank\">tabloidima<\/a>, veze izme\u0111u politi\u010dke i kriminalne organizacije su znatno dublje i dugotrajnije.<\/p>\n<p><strong>Politi\u010dki rezon<\/strong><\/p>\n<p>Afera Da\u010di\u0107-\u0160ari\u0107 u gotovo regularnim <a href=\"http:\/\/www.b92.net\/info\/vesti\/index.php?yyyy=2015&amp;mm=09&amp;dd=07&amp;nav_category=11&amp;nav_id=1036347\" target=\"_blank\">periodima<\/a> izlazi na povr\u0161inu jo\u0161 od 2009. godine, bez da rezultira uhi\u0107enjem ili politi\u010dkom \u0161tetom za SPS, ali evidentno ostavlja dojam ma\u010da koji visi nad glavom &#8220;mla\u0111em partneru&#8221; vladaju\u0107e koalicije. Sam Da\u010di\u0107 je rezolutan \u2013 rije\u010d je o podvali opozicijske Demokratske stranke (DS) u \u010dijoj su vladi te sporne 2008. godine Da\u010di\u0107 i SPS zauzimali gotovo istu poziciju koju zauzimaju i sada u vladi Srpske napredne stranke (SNS). No o\u017eivljavanje ove afere najizravnija je <a href=\"http:\/\/www.nspm.rs\/hronika\/danas-slucaj-dacic-saric-nedovoljan-za-vanredne-izbore.html?alphabet=l\" target=\"_blank\">repriza<\/a> doga\u0111aja po\u010detkom pro\u0161le godine kada je SNS kao koalicijski partner SPS-a <a href=\"http:\/\/www.danas.rs\/danasrs\/politika\/sns_sps_pritiskao_policiju_i_tuzilastvo.56.html?news_id=276711\" target=\"_blank\">optu\u017eio<\/a> tu stranku da je &#8220;vr\u0161ila pritiske na pravosu\u0111e&#8221; svega mjesec dana uo\u010di vanrednih parlamentarnih izbora koje je izazvao SNS, kako se tada pretpostavljalo, s ciljem da se rije\u0161i ne\u017eeljenog koalicijskog partnera SPS-a.<\/p>\n<p>No i nakon tih vanrednih izbora SNS je sklopio istu koaliciju sa SPS-om, samo sada s ne\u0161to promijenjenim odnosima snaga. Novi vanredni izbori, koje je nedavno <a href=\"http:\/\/www.bilten.org\/?p=8707\" target=\"_blank\">najavio<\/a> premijer i predsjednik SNS-a Aleksandar Vu\u010di\u0107, sada poti\u010du sli\u010dne spekulacije. Redovitost iskrsavanja i pa\u017eljivo tempiranje ove afere svakako sugerira politi\u010dki rezon. Samo \u0161to se \u010dini vjerojatnijim da aferu u politi\u010dkom smislu koristi upravo Da\u010di\u0107ev koalicijski partner (Vu\u010di\u0107 je izme\u0111u ostalog u pro\u0161loj vladi upravljao tajnim slu\u017ebama), a ne opozicija koju je Da\u010di\u0107 po\u017eurio optu\u017eiti. Kako bilo, snimke koje su objavljene ju\u010der napravila je srbijanska <a href=\"http:\/\/www.b92.net\/info\/vesti\/index.php?yyyy=2015&amp;mm=09&amp;dd=07&amp;nav_category=16&amp;nav_id=1036254\" target=\"_blank\">tajna slu\u017eba<\/a>, a objavila ih je Mre\u017ea za istra\u017eivanje kriminala i korupcije, lokalna filijala organizacije koja se ve\u0107 proslavila ekskluzivnim pristupom materijalima tajnih slu\u017ebi i promjenom ishoda izbora pravovremenim otkrivanjima afera s barem jednako <a href=\"https:\/\/www.occrp.org\/index.php\/en\/ccwatch\/cc-watch-briefs\/2734-moldova-pro-russia-party-banned-from-elections-after-occrp-expose\" target=\"_blank\">politi\u010dkim<\/a> koliko i policijskim motivima.<\/p>\n<p>Jesu li Da\u010di\u0107 i SPS naposljetku doista dio organiziranog kriminala koji je samo \u010dudom i pa\u017eljivim manevriranjem do sad izbjegao kaznu ili su \u017ertva sigurnosno-tabloidnih spletki s ciljem da ih politi\u010dki ucjenjuje kada je to njihovim protivnicima oportuno? U svakom slu\u010daju dilema je la\u017ena, jer ne postoji neki osobiti razlog za\u0161to oboje ne bi bilo to\u010dno.<\/p>\n","protected":false},"excerpt":{"rendered":"<p>Ju\u010der je u gotovo svim srbijanskim medijima bombasti\u010dno objavljena vijest o pojavi snimke na kojoj se vidi kada potpredsjednik srbijanske vlade, ministar vanjskih poslova i predsjednik Socijalisti\u010dke partije Srbije (SPS) Ivica Da\u010di\u0107 razgovara sa Rodoljubom Radulovi\u0107em, zvanim Mi\u0161a Banana, osobom koja se nalazi u bijegu nakon \u0161to je osu\u0111ena na dvanaest godina zatvora zbog sudjelovanja u organiziranom kriminalu&#8230;<\/p>\n","protected":false},"author":10,"featured_media":8855,"comment_status":"closed","ping_status":"closed","sticky":false,"template":"","format":"standard","meta":{"footnotes":""},"categories":[],"tags":[],"theme":[],"country":[11],"articleformat":[205],"coauthors":[16],"class_list":["post-8854","post","type-post","status-publish","format-standard","has-post-thumbnail","hentry","country-srbija","articleformat-vijest"],"_links":{"self":[{"href":"https:\/\/www.bilten.org\/index.php?rest_route=\/wp\/v2\/posts\/8854","targetHints":{"allow":["GET"]}}],"collection":[{"href":"https:\/\/www.bilten.org\/index.php?rest_route=\/wp\/v2\/posts"}],"about":[{"href":"https:\/\/www.bilten.org\/index.php?rest_route=\/wp\/v2\/types\/post"}],"author":[{"embeddable":true,"href":"https:\/\/www.bilten.org\/index.php?rest_route=\/wp\/v2\/users\/10"}],"replies":[{"embeddable":true,"href":"https:\/\/www.bilten.org\/index.php?rest_route=%2Fwp%2Fv2%2Fcomments&post=8854"}],"version-history":[{"count":5,"href":"https:\/\/www.bilten.org\/index.php?rest_route=\/wp\/v2\/posts\/8854\/revisions"}],"predecessor-version":[{"id":8862,"href":"https:\/\/www.bilten.org\/index.php?rest_route=\/wp\/v2\/posts\/8854\/revisions\/8862"}],"wp:featuredmedia":[{"embeddable":true,"href":"https:\/\/www.bilten.org\/index.php?rest_route=\/wp\/v2\/media\/8855"}],"wp:attachment":[{"href":"https:\/\/www.bilten.org\/index.php?rest_route=%2Fwp%2Fv2%2Fmedia&parent=8854"}],"wp:term":[{"taxonomy":"category","embeddable":true,"href":"https:\/\/www.bilten.org\/index.php?rest_route=%2Fwp%2Fv2%2Fcategories&post=8854"},{"taxonomy":"post_tag","embeddable":true,"href":"https:\/\/www.bilten.org\/index.php?rest_route=%2Fwp%2Fv2%2Ftags&post=8854"},{"taxonomy":"theme","embeddable":true,"href":"https:\/\/www.bilten.org\/index.php?rest_route=%2Fwp%2Fv2%2Ftheme&post=8854"},{"taxonomy":"country","embeddable":true,"href":"https:\/\/www.bilten.org\/index.php?rest_route=%2Fwp%2Fv2%2Fcountry&post=8854"},{"taxonomy":"articleformat","embeddable":true,"href":"https:\/\/www.bilten.org\/index.php?rest_route=%2Fwp%2Fv2%2Farticleformat&post=8854"},{"taxonomy":"author","embeddable":true,"href":"https:\/\/www.bilten.org\/index.php?rest_route=%2Fwp%2Fv2%2Fcoauthors&post=8854"}],"curies":[{"name":"wp","href":"https:\/\/api.w.org\/{rel}","templated":true}]}}