{"id":8852,"date":"2015-09-07T11:55:52","date_gmt":"2015-09-07T10:55:52","guid":{"rendered":"http:\/\/www.bilten.org\/?p=8852"},"modified":"2015-09-08T08:43:35","modified_gmt":"2015-09-08T07:43:35","slug":"albanska-elektrodistribucija-financijski-kaos-mrak-i-represija","status":"publish","type":"post","link":"https:\/\/www.bilten.org\/?p=8852","title":{"rendered":"Albanska elektrodistribucija: financijski kaos, mrak i represija"},"content":{"rendered":"<p><a href=\"http:\/\/www.bilten.org\/?p=3926\" target=\"_blank\">Problemi<\/a> s albanskom nacionalnom kompanijom za elektrodistribuciju i dalje ne jenjavaju. Prema <a href=\"http:\/\/www.balkaninsight.com\/en\/article\/auditors-fails-albania-electricity-utility-financial-data-09-02-2015\" target=\"_blank\">navodima BIRN-a<\/a> po\u010detkom godine anga\u017eirana je grupa neovisnih revizora koja je trebala istra\u017eiti financijske pokazatelje kompanije za 2014. godinu. Me\u0111utim, pro\u0161li tjedan se anga\u017eirana grupa odbila izjasniti o rezultatima revizije tvrde\u0107i da su podaci deficitarni i kontradiktorni i da s obzirom na to ne mogu obaviti reviziju prema me\u0111unarodnim standardima. Konkretnije, revizori tvrde da se ne poklapaju sustav napla\u0107ivanja i financijski podaci za 2014. godinu koje je podastrijela kompanija, a prema kojima se prihod u odnosu na prethodnu godinu pove\u0107ao s 269 na 337 milijuna eura. Uprava kompanije nije u stanju objasniti taj nesklad. Tako\u0111er, prema rije\u010dima revizora, imovina kompanije nije precizno prijavljena u nacionalnom imovinskom registru, a aljkavo su vo\u0111ene i knjige, pogotovo u slu\u010dajeva potra\u017eivanja tre\u0107ih stranaka.<\/p>\n<p>Za razumijevanje kaoti\u010dnog stanja u albanskoj elektroprivredi valja podsjetiti na \u0161iri ekonomski kontekst i putanju kompanije za elektrodistribuciju u proteklih osam godina. U masovnim privatizacijskim zahvatima koji se u Albaniji provode od pada komunizma, sredinom dvijetisu\u0107itih na red je do\u0161la i elektroprivreda. U ve\u0107 klasi\u010dnoj maniri prvo se poduze\u0107e parceliziralo, a zatim je osamostaljena kompanija za elektrodistribuciju krenula u privatizaciju. Privatizaciju je o\u010dekivano pratila ideolo\u0161ka mantra o eurointegracijama i putu u svijetlu europsku budu\u0107nost. No ta svijetla budu\u0107nost je realno zna\u010dila mrak za prili\u010dan broj ku\u0107anstava u Albaniji. \u010ce\u0161ka kompanija \u010cEZ koja je kupila kompaniju pod sumnjivim okolnostima dovela je sustav na rub kolapsa. Lo\u0161e upravljanje, tehni\u010dke manjkavosti, pove\u0107anje cijene za gra\u0111ane i rastu\u0107i dugovi prisilili su dr\u017eavu da vrati kompaniju u svoje vlasni\u0161tvo. Pritom je dr\u017eava bila primorana sudskom odlukom da \u010de\u0161koj firmi plati isti iznos koji su oni prvotno platili pri privatizaciji i sva dugovanja prebaci na novoosnovano dr\u017eavno poduze\u0107e, \u010dime su profiti koje je \u010de\u0161ka firma ostvarili ostali netaknuti.<\/p>\n<p>Renacionalizacija kompanije zna\u010dila je jo\u0161 te\u017eu situaciju za potro\u0161a\u010de. Sukladno naputcima Svjetske banke vlada se nije odlu\u010dila za restrukturaciju kompanije, ve\u0107 je deficit nastojala kompenzirati pove\u0107anjem cijene struje za gra\u0111ane od 30%. Otprilike 20% ku\u0107anstava nije bilo u stanju pokriti ra\u010dune, a vlada je na siroma\u0161tvo odlu\u010dila uzvratiti represijom i policijskim progonom. Tako je u posljednjih nekoliko mjeseci 600 ljudi zavr\u0161ilo u zatvoru zbog nepla\u0107enih ra\u010duna. Put u svijetlu europsku budu\u0107nost zavr\u0161io je kaosom u financijskim knjigama, mrakom u domovima i ljudima u zatvoru.<\/p>\n","protected":false},"excerpt":{"rendered":"<p>Problemi s albanskom nacionalnom kompanijom za elektrodistribuciju i dalje ne jenjavaju. Prema navodima BIRN-a po\u010detkom godine anga\u017eirana je grupa neovisnih revizora koja je trebala istra\u017eiti financijske pokazatelje kompanije za 2014. godinu. Me\u0111utim, pro\u0161li tjedan se anga\u017eirana grupa odbila izjasniti o rezultatima revizije tvrde\u0107i da su podaci deficitarni i kontradiktorni i da s obzirom na to [&hellip;]<\/p>\n","protected":false},"author":5,"featured_media":3929,"comment_status":"closed","ping_status":"closed","sticky":false,"template":"","format":"standard","meta":{"footnotes":""},"categories":[],"tags":[128],"theme":[457],"country":[65],"articleformat":[205],"coauthors":[16],"class_list":["post-8852","post","type-post","status-publish","format-standard","has-post-thumbnail","hentry","tag-energetika","theme-klima","country-albanija","articleformat-vijest"],"_links":{"self":[{"href":"https:\/\/www.bilten.org\/index.php?rest_route=\/wp\/v2\/posts\/8852","targetHints":{"allow":["GET"]}}],"collection":[{"href":"https:\/\/www.bilten.org\/index.php?rest_route=\/wp\/v2\/posts"}],"about":[{"href":"https:\/\/www.bilten.org\/index.php?rest_route=\/wp\/v2\/types\/post"}],"author":[{"embeddable":true,"href":"https:\/\/www.bilten.org\/index.php?rest_route=\/wp\/v2\/users\/5"}],"replies":[{"embeddable":true,"href":"https:\/\/www.bilten.org\/index.php?rest_route=%2Fwp%2Fv2%2Fcomments&post=8852"}],"version-history":[{"count":2,"href":"https:\/\/www.bilten.org\/index.php?rest_route=\/wp\/v2\/posts\/8852\/revisions"}],"predecessor-version":[{"id":8858,"href":"https:\/\/www.bilten.org\/index.php?rest_route=\/wp\/v2\/posts\/8852\/revisions\/8858"}],"wp:featuredmedia":[{"embeddable":true,"href":"https:\/\/www.bilten.org\/index.php?rest_route=\/wp\/v2\/media\/3929"}],"wp:attachment":[{"href":"https:\/\/www.bilten.org\/index.php?rest_route=%2Fwp%2Fv2%2Fmedia&parent=8852"}],"wp:term":[{"taxonomy":"category","embeddable":true,"href":"https:\/\/www.bilten.org\/index.php?rest_route=%2Fwp%2Fv2%2Fcategories&post=8852"},{"taxonomy":"post_tag","embeddable":true,"href":"https:\/\/www.bilten.org\/index.php?rest_route=%2Fwp%2Fv2%2Ftags&post=8852"},{"taxonomy":"theme","embeddable":true,"href":"https:\/\/www.bilten.org\/index.php?rest_route=%2Fwp%2Fv2%2Ftheme&post=8852"},{"taxonomy":"country","embeddable":true,"href":"https:\/\/www.bilten.org\/index.php?rest_route=%2Fwp%2Fv2%2Fcountry&post=8852"},{"taxonomy":"articleformat","embeddable":true,"href":"https:\/\/www.bilten.org\/index.php?rest_route=%2Fwp%2Fv2%2Farticleformat&post=8852"},{"taxonomy":"author","embeddable":true,"href":"https:\/\/www.bilten.org\/index.php?rest_route=%2Fwp%2Fv2%2Fcoauthors&post=8852"}],"curies":[{"name":"wp","href":"https:\/\/api.w.org\/{rel}","templated":true}]}}