{"id":8788,"date":"2015-09-03T13:00:42","date_gmt":"2015-09-03T12:00:42","guid":{"rendered":"http:\/\/www.bilten.org\/?p=8788"},"modified":"2015-09-03T12:03:52","modified_gmt":"2015-09-03T11:03:52","slug":"odraz-grcke-krize-na-albansku-tekstilnu-industriju","status":"publish","type":"post","link":"https:\/\/www.bilten.org\/?p=8788","title":{"rendered":"Odraz gr\u010dke krize na albansku tekstilnu industriju"},"content":{"rendered":"<p>Albanska poduze\u0107a \u0161to se bave tekstilnom industrijom, me\u0111u prvima su u toj zemlji na koje se odrazila ekonomska kriza u kojoj se nalazi Gr\u010dka. Albanska komora za tekstilnu industriju objavila je kako se posljedice krize osje\u0107aju u svim dijelovima ju\u017enog dijela Albanije gdje dominira gr\u010dki kapital. Ju\u017ene regije bilje\u017ee drasti\u010dan pad poslovanja u tekstilnoj industriji. Dobar dio poduze\u0107a na korak je do bankrota. Rezultat je to politike ograni\u010denja podizanja 60 eura dnevno, smatraju u Komori. Prema objavama Albanske narodne banke, udio tekstilne industrije u prera\u0111iva\u010dkim industrijama u periodu od 2012. do 2014. godine iznosio je 30,1 posto, dok je u 2015. godini taj udio pao na svega 1,2 <a href=\"http:\/\/www.balkaneu.com\/greek-crisis-making-textile-businesses-albania-bust\/#sthash.rUcwu1oO.dpuf\" target=\"_blank\">posto<\/a>.<\/p>\n<p>Gjergji Gjika, predsjednik Albanske komore za tekstilnu industriju apelirao je u kolovozu na albansku vladu da intervenira i postigne neki dogovor o pomo\u0107i poduze\u0107ima koja su na rubu propasti. Gjika upozorava da bi bankroti poduze\u0107a s gr\u010dkim kapitalom bez posla ostavile tisu\u0107e Albanaca. U Albaniji naime postoji ukupno 550 tekstilnih tvornica koje zapo\u0161ljavaju preko 75.000 ljudi.<\/p>\n","protected":false},"excerpt":{"rendered":"<p>Albanska poduze\u0107a \u0161to se bave tekstilnom industrijom, me\u0111u prvima su u toj zemlji na koje se odrazila ekonomska kriza u kojoj se nalazi Gr\u010dka. Albanska komora za tekstilnu industriju objavila je kako se posljedice krize osje\u0107aju u svim dijelovima ju\u017enog dijela Albanije gdje dominira gr\u010dki kapital. Ju\u017ene regije bilje\u017ee drasti\u010dan pad poslovanja u tekstilnoj industriji. [&hellip;]<\/p>\n","protected":false},"author":4,"featured_media":8389,"comment_status":"closed","ping_status":"closed","sticky":false,"template":"","format":"standard","meta":{"footnotes":""},"categories":[],"tags":[199,64],"theme":[455],"country":[65],"articleformat":[205],"coauthors":[16],"class_list":["post-8788","post","type-post","status-publish","format-standard","has-post-thumbnail","hentry","tag-industrija","tag-kriza","theme-rad","country-albanija","articleformat-vijest"],"_links":{"self":[{"href":"https:\/\/www.bilten.org\/index.php?rest_route=\/wp\/v2\/posts\/8788","targetHints":{"allow":["GET"]}}],"collection":[{"href":"https:\/\/www.bilten.org\/index.php?rest_route=\/wp\/v2\/posts"}],"about":[{"href":"https:\/\/www.bilten.org\/index.php?rest_route=\/wp\/v2\/types\/post"}],"author":[{"embeddable":true,"href":"https:\/\/www.bilten.org\/index.php?rest_route=\/wp\/v2\/users\/4"}],"replies":[{"embeddable":true,"href":"https:\/\/www.bilten.org\/index.php?rest_route=%2Fwp%2Fv2%2Fcomments&post=8788"}],"version-history":[{"count":2,"href":"https:\/\/www.bilten.org\/index.php?rest_route=\/wp\/v2\/posts\/8788\/revisions"}],"predecessor-version":[{"id":8790,"href":"https:\/\/www.bilten.org\/index.php?rest_route=\/wp\/v2\/posts\/8788\/revisions\/8790"}],"wp:featuredmedia":[{"embeddable":true,"href":"https:\/\/www.bilten.org\/index.php?rest_route=\/wp\/v2\/media\/8389"}],"wp:attachment":[{"href":"https:\/\/www.bilten.org\/index.php?rest_route=%2Fwp%2Fv2%2Fmedia&parent=8788"}],"wp:term":[{"taxonomy":"category","embeddable":true,"href":"https:\/\/www.bilten.org\/index.php?rest_route=%2Fwp%2Fv2%2Fcategories&post=8788"},{"taxonomy":"post_tag","embeddable":true,"href":"https:\/\/www.bilten.org\/index.php?rest_route=%2Fwp%2Fv2%2Ftags&post=8788"},{"taxonomy":"theme","embeddable":true,"href":"https:\/\/www.bilten.org\/index.php?rest_route=%2Fwp%2Fv2%2Ftheme&post=8788"},{"taxonomy":"country","embeddable":true,"href":"https:\/\/www.bilten.org\/index.php?rest_route=%2Fwp%2Fv2%2Fcountry&post=8788"},{"taxonomy":"articleformat","embeddable":true,"href":"https:\/\/www.bilten.org\/index.php?rest_route=%2Fwp%2Fv2%2Farticleformat&post=8788"},{"taxonomy":"author","embeddable":true,"href":"https:\/\/www.bilten.org\/index.php?rest_route=%2Fwp%2Fv2%2Fcoauthors&post=8788"}],"curies":[{"name":"wp","href":"https:\/\/api.w.org\/{rel}","templated":true}]}}