{"id":8198,"date":"2015-07-08T07:57:20","date_gmt":"2015-07-08T06:57:20","guid":{"rendered":"http:\/\/www.bilten.org\/?p=8198"},"modified":"2015-07-08T08:21:13","modified_gmt":"2015-07-08T07:21:13","slug":"barbari-dolaze","status":"publish","type":"post","link":"https:\/\/www.bilten.org\/?p=8198","title":{"rendered":"Barbari dolaze?"},"content":{"rendered":"<p>Ju\u010dera\u0161nja <a href=\"http:\/\/balkans.aljazeera.net\/vijesti\/eu-u-brodovima-s-migrantima-stize-i-isil\" target=\"_blank\">izjava<\/a> Michele Coninsx, direktorice Agencije Europske unije za suradnju na polju pravosu\u0111a (EUROJUST), o tome kako &#8220;teroristi dolaze u Europu skriveni me\u0111u migrantima&#8221; sna\u017eno je odjeknula u medijima. Iz perspektive tabloida stvar je logi\u010dna: njezina je izjava poslu\u017eila kao legitimacija ksenofobnih parola kojima se problem izbjeglica prevodi u problem terorizma na koji mo\u017ee postojati samo jedan odgovor \u2013 represija. No iako je Coninsx svojom izjavom dala slu\u017ebenu institucionalnu potporu takvim interpretacijama, sve \u0161to je mogla ponuditi kao potvrdu svojih tvrdnji su &#8220;informacije koje je \u010dula&#8221;. Bez obzira na to dakle koja ih instanca izgovara, tvrdnje koje izbjeglice progla\u0161avaju teroristima spadaju u red glasina, u konkretnom slu\u010daju onih la\u017enog i uznemiruju\u0107eg karaktera.<\/p>\n<p>Iako dakako nije nemogu\u0107e da neka osoba povezana s nekom teroristi\u010dkom organizacijom doista nedokumentirano u\u0111e na podru\u010dje Europske unije, te\u0161ko je ne primijetiti kako su po\u010dinitelji teroristi\u010dkih napada posljednjih godina na podru\u010dju EU, od <a href=\"https:\/\/en.wikipedia.org\/wiki\/Toulouse_and_Montauban_shootings#Perpetrator\" target=\"_blank\">Toulousea<\/a> 2012., preko <a href=\"https:\/\/en.wikipedia.org\/wiki\/Jewish_Museum_of_Belgium_shooting\" target=\"_blank\">Bruxellesa<\/a> 2014., do <a href=\"https:\/\/en.wikipedia.org\/wiki\/Charlie_Hebdo_shooting#Ch.C3.A9rif_and_Sa.C3.AFd_Kouachi\" target=\"_blank\">Pariza<\/a>, <a href=\"https:\/\/en.wikipedia.org\/wiki\/Saint-Quentin-Fallavier_attack#Perpetrator\" target=\"_blank\">Lyona<\/a> i <a href=\"https:\/\/en.wikipedia.org\/wiki\/2015_Copenhagen_shootings#Background_of_suspect\" target=\"_blank\">Kopenhagena<\/a> 2015. godine, svi od reda ne samo \u017eivjeli, nego su i ro\u0111eni u Europi. Suprotno ksenofobnim konfabulacijama, teroristi ne dolaze u Europu na klimavim brodovima, ve\u0107 se u njoj proizvode. \u0160tovi\u0161e, procjenjuje se kako se trenutno u redovima tzv. Islamske dr\u017eave na podru\u010dju Iraka i Sirije bori do 5000 <a href=\"https:\/\/en.wikipedia.org\/wiki\/Islamic_State_of_Iraq_and_the_Levant#Foreign_fighters_in_Syria_and_Iraq\" target=\"_blank\">boraca<\/a> sa Zapada, te nepoznat broj u <a href=\"https:\/\/en.wikipedia.org\/wiki\/Foreign_rebel_fighters_in_the_Syrian_Civil_War\" target=\"_blank\">drugim<\/a> grupama poput al-Nusre ili Ahrar a\u0161-\u0160ama. Ako itko zapravo izvozi teroriste u strane zemlje onda je to Europa \u2013 i to <em>na<\/em> Bliski istok.<\/p>\n<p>No sasvim le\u017eeran odnos direktorice pravosudnog tijela prema \u010dinjenicama i dokazima ima dakako konkretnije motive. Jo\u0161 od travanjske havarije u Mediteranu, u kojoj je poginulo nekoliko tisu\u0107a izbjeglica, Europska unija svoju zabrinutost za sudbine migranata nastoji izraziti <a href=\"http:\/\/www.theguardian.com\/world\/2015\/may\/10\/eu-considers-military-attacks-on-targets-in-libya-to-stop-migrant-boats\" target=\"_blank\">vojnim<\/a> putem. Sve \u010dega su se eurobirokrati uspjeli domisliti jesu poja\u010dane patrole i \u2013 rat protiv \u0161vercera ljudi, odnosno jo\u0161 jedna vojna intervencija u Libiji, pri \u010demu su elegantno ignorirali kako je upravo posljednje zapadnja\u010dko bombardiranje i napravilo od te zemlje centar \u0161verca ljudi. Spomenuta &#8220;pravosudna&#8221; konstrukcija koja sasvim izjedna\u010dava problem izbjegli\u0161tva s onim terorizma po svemu sude\u0107i ima za cilj dodatno opravdati te samo krajnje represivne i oru\u017eane odgovore. Pogor\u0161avaju\u0107i, bez sumnje, oba problema.<\/p>\n","protected":false},"excerpt":{"rendered":"<p>Ju\u010dera\u0161nja izjava Michele Coninsx, direktorice Agencije Europske unije za suradnju na polju pravosu\u0111a (EUROJUST), o tome kako &#8220;teroristi dolaze u Europu skriveni me\u0111u migrantima&#8221; sna\u017eno je odjeknula u medijima. Iz perspektive tabloida stvar je logi\u010dna: njezina je izjava poslu\u017eila kao legitimacija ksenofobnih parola kojima se problem izbjeglica prevodi u problem terorizma na koji mo\u017ee postojati samo jedan odgovor \u2013 represija. No iako je Coninsx svojom izjavom dala slu\u017ebenu institucionalnu potporu takvim interpretacijama, sve \u0161to je mogla ponuditi kao potvrdu svojih tvrdnji su &#8220;informacije koje je \u010dula&#8221;. Bez obzira na to dakle koja ih instanca izgovara, tvrdnje koje izbjeglice progla\u0161avaju teroristima spadaju u red glasina, u konkretnom slu\u010daju onih la\u017enog i uznemiruju\u0107eg karaktera&#8230;<\/p>\n","protected":false},"author":10,"featured_media":8200,"comment_status":"closed","ping_status":"closed","sticky":false,"template":"","format":"standard","meta":{"footnotes":""},"categories":[],"tags":[46,137],"theme":[458,456],"country":[],"articleformat":[205],"coauthors":[16],"class_list":["post-8198","post","type-post","status-publish","format-standard","has-post-thumbnail","hentry","tag-migracije","tag-rat","theme-drustvo","theme-politika","articleformat-vijest"],"_links":{"self":[{"href":"https:\/\/www.bilten.org\/index.php?rest_route=\/wp\/v2\/posts\/8198","targetHints":{"allow":["GET"]}}],"collection":[{"href":"https:\/\/www.bilten.org\/index.php?rest_route=\/wp\/v2\/posts"}],"about":[{"href":"https:\/\/www.bilten.org\/index.php?rest_route=\/wp\/v2\/types\/post"}],"author":[{"embeddable":true,"href":"https:\/\/www.bilten.org\/index.php?rest_route=\/wp\/v2\/users\/10"}],"replies":[{"embeddable":true,"href":"https:\/\/www.bilten.org\/index.php?rest_route=%2Fwp%2Fv2%2Fcomments&post=8198"}],"version-history":[{"count":3,"href":"https:\/\/www.bilten.org\/index.php?rest_route=\/wp\/v2\/posts\/8198\/revisions"}],"predecessor-version":[{"id":8202,"href":"https:\/\/www.bilten.org\/index.php?rest_route=\/wp\/v2\/posts\/8198\/revisions\/8202"}],"wp:featuredmedia":[{"embeddable":true,"href":"https:\/\/www.bilten.org\/index.php?rest_route=\/wp\/v2\/media\/8200"}],"wp:attachment":[{"href":"https:\/\/www.bilten.org\/index.php?rest_route=%2Fwp%2Fv2%2Fmedia&parent=8198"}],"wp:term":[{"taxonomy":"category","embeddable":true,"href":"https:\/\/www.bilten.org\/index.php?rest_route=%2Fwp%2Fv2%2Fcategories&post=8198"},{"taxonomy":"post_tag","embeddable":true,"href":"https:\/\/www.bilten.org\/index.php?rest_route=%2Fwp%2Fv2%2Ftags&post=8198"},{"taxonomy":"theme","embeddable":true,"href":"https:\/\/www.bilten.org\/index.php?rest_route=%2Fwp%2Fv2%2Ftheme&post=8198"},{"taxonomy":"country","embeddable":true,"href":"https:\/\/www.bilten.org\/index.php?rest_route=%2Fwp%2Fv2%2Fcountry&post=8198"},{"taxonomy":"articleformat","embeddable":true,"href":"https:\/\/www.bilten.org\/index.php?rest_route=%2Fwp%2Fv2%2Farticleformat&post=8198"},{"taxonomy":"author","embeddable":true,"href":"https:\/\/www.bilten.org\/index.php?rest_route=%2Fwp%2Fv2%2Fcoauthors&post=8198"}],"curies":[{"name":"wp","href":"https:\/\/api.w.org\/{rel}","templated":true}]}}