{"id":8003,"date":"2015-06-30T10:00:06","date_gmt":"2015-06-30T09:00:06","guid":{"rendered":"http:\/\/www.bilten.org\/?p=8003"},"modified":"2015-06-30T10:22:12","modified_gmt":"2015-06-30T09:22:12","slug":"albanija-studenti","status":"publish","type":"post","link":"https:\/\/www.bilten.org\/?p=8003","title":{"rendered":"Reforma obrazovanja: zaobila\u017eenje otpora parlamentarnim trikovima"},"content":{"rendered":"<p>Iako su studenti i profesori uklju\u010deni u pokret P\u00ebr Universitetin (Za sveu\u010dili\u0161te) o\u010dekivali da \u0107e se izglasavanje novog zakona o visokom obrazovanju u albanskom parlamentu odga\u0111ati do ispitnih rokova kako bi se takti\u010dki zatomio otpor, vlasti su za svaki slu\u010daj <a href=\"http:\/\/www.balkaninsight.com\/en\/article\/albania-to-vote-higher-education-bill-in-the-dead-of-summer\" target=\"_blank\">pomaknuli datum glasanja<\/a> za nakon samih ispitnih rokova. Prema trenutnom planu glasanje o izmjenama zakona dogodit \u0107e se u \u010detvrtak, 2.7., s mogu\u0107no\u0161\u0107u da se odgodi za jo\u0161 tjedan dana jer prijedlog zakona jo\u0161 nije formalno pro\u0161ao kroz proceduru parlamentarnog Odbora za obrazovanje. Naime, uslijed <a href=\"http:\/\/www.bilten.org\/?p=7882\" target=\"_blank\">lokalnih izbora<\/a> koji su se odr\u017eali 21.6. parlament nije zasjedao dva tjedna. Iako je to bio klju\u010dan mehanizam u odga\u0111anju glasanja, s druge strane, izbori i kampanja koja im je prethodila su omogu\u0107ili\u00a0<em>universitari-<\/em>ma (sveu\u010dili\u0161tarcima) da dopru u \u0161iru javnost sa svojim zahtjevima i da pitanje visokog obrazovanja postane nezaobilazno mjesto u predizbornim debatama.<\/p>\n<p>Podsjetimo, zadnji val borbe protiv reforme visokog obrazovanja u organizaciji pokreta Za sveu\u010dili\u0161te traje godinu dana, a posljednjih nekoliko mjeseci su se pritisci i <a href=\"http:\/\/www.bilten.org\/?p=7380\" target=\"_blank\">protesti intenzivirali<\/a>. Protivnici reforme tvrde da se ona odvija u korist u privatnih sveu\u010dili\u0161ta, nastoje\u0107i im se administrativnim odlukama o upisima, priljevom javnih sredstava i podizanjem \u0161kolarina na javnim sveu\u010dili\u0161tima pomo\u0107i uslijed krize u kojoj su se na\u0161li. Privatni obrazovni sektor koji je do\u017eivio bum u Albaniji u zadnjem desetlje\u0107u nalazi se u krizi zbog sve manjeg broja upisanih studenata. Ono \u0161to vlada \u010dini jest da reformom zakona nastoji osigurati sigurne profite privatnim sveu\u010dili\u0161tima, zanemaruju\u0107i pritom ideolo\u0161ku retoriku o konkurentnosti i privatnoj inicijativi kao zama\u0161njaku ekonomskog razvoja. Iako pokretu sigurno ne ide u prilog parlamentarna procedura u gluho doba sveu\u010dili\u0161nih aktivnosti, najavljuju da spremaju nove demonstracije i razli\u010dite oblike otpora nakon ljeta tvrde\u0107i da izglasavanje zakona ne zna\u010di da je stvar rije\u0161ena.<\/p>\n","protected":false},"excerpt":{"rendered":"<p>Iako su studenti i profesori uklju\u010deni u pokret P\u00ebr Universitetin (Za sveu\u010dili\u0161te) o\u010dekivali da \u0107e se izglasavanje novog zakona o visokom obrazovanju u albanskom parlamentu odga\u0111ati do ispitnih rokova kako bi se takti\u010dki zatomio otpor, vlasti su za svaki slu\u010daj pomaknuli datum glasanja za nakon samih ispitnih rokova. Prema trenutnom planu glasanje o izmjenama zakona [&hellip;]<\/p>\n","protected":false},"author":5,"featured_media":7390,"comment_status":"closed","ping_status":"closed","sticky":false,"template":"","format":"standard","meta":{"footnotes":""},"categories":[],"tags":[63],"theme":[458],"country":[65],"articleformat":[205],"coauthors":[16],"class_list":["post-8003","post","type-post","status-publish","format-standard","has-post-thumbnail","hentry","tag-obrazovanje","theme-drustvo","country-albanija","articleformat-vijest"],"_links":{"self":[{"href":"https:\/\/www.bilten.org\/index.php?rest_route=\/wp\/v2\/posts\/8003","targetHints":{"allow":["GET"]}}],"collection":[{"href":"https:\/\/www.bilten.org\/index.php?rest_route=\/wp\/v2\/posts"}],"about":[{"href":"https:\/\/www.bilten.org\/index.php?rest_route=\/wp\/v2\/types\/post"}],"author":[{"embeddable":true,"href":"https:\/\/www.bilten.org\/index.php?rest_route=\/wp\/v2\/users\/5"}],"replies":[{"embeddable":true,"href":"https:\/\/www.bilten.org\/index.php?rest_route=%2Fwp%2Fv2%2Fcomments&post=8003"}],"version-history":[{"count":6,"href":"https:\/\/www.bilten.org\/index.php?rest_route=\/wp\/v2\/posts\/8003\/revisions"}],"predecessor-version":[{"id":8012,"href":"https:\/\/www.bilten.org\/index.php?rest_route=\/wp\/v2\/posts\/8003\/revisions\/8012"}],"wp:featuredmedia":[{"embeddable":true,"href":"https:\/\/www.bilten.org\/index.php?rest_route=\/wp\/v2\/media\/7390"}],"wp:attachment":[{"href":"https:\/\/www.bilten.org\/index.php?rest_route=%2Fwp%2Fv2%2Fmedia&parent=8003"}],"wp:term":[{"taxonomy":"category","embeddable":true,"href":"https:\/\/www.bilten.org\/index.php?rest_route=%2Fwp%2Fv2%2Fcategories&post=8003"},{"taxonomy":"post_tag","embeddable":true,"href":"https:\/\/www.bilten.org\/index.php?rest_route=%2Fwp%2Fv2%2Ftags&post=8003"},{"taxonomy":"theme","embeddable":true,"href":"https:\/\/www.bilten.org\/index.php?rest_route=%2Fwp%2Fv2%2Ftheme&post=8003"},{"taxonomy":"country","embeddable":true,"href":"https:\/\/www.bilten.org\/index.php?rest_route=%2Fwp%2Fv2%2Fcountry&post=8003"},{"taxonomy":"articleformat","embeddable":true,"href":"https:\/\/www.bilten.org\/index.php?rest_route=%2Fwp%2Fv2%2Farticleformat&post=8003"},{"taxonomy":"author","embeddable":true,"href":"https:\/\/www.bilten.org\/index.php?rest_route=%2Fwp%2Fv2%2Fcoauthors&post=8003"}],"curies":[{"name":"wp","href":"https:\/\/api.w.org\/{rel}","templated":true}]}}