{"id":7882,"date":"2015-06-23T09:38:37","date_gmt":"2015-06-23T08:38:37","guid":{"rendered":"http:\/\/www.bilten.org\/?p=7882"},"modified":"2015-06-24T15:19:54","modified_gmt":"2015-06-24T14:19:54","slug":"lokalni-izbori-u-albaniji-potvrdili-nastavak-iste-politike-i-nedostatak-alternative","status":"publish","type":"post","link":"https:\/\/www.bilten.org\/?p=7882","title":{"rendered":"Lokalni izbori u Albaniji potvrdili nedostatak alternative"},"content":{"rendered":"<p>U nedjelju su odr\u017eani lokalni izbori za gradona\u010delnike i vije\u0107nike 61 op\u0107ine u Albaniji. Izbori su prozvani testom vladaju\u0107e koalicije pod vodstvom liberalne Socijalisti\u010dke stranke Albanije. Ta je stranka zajedno s koalicijskim partnerima pokrenula niz mjera <a href=\"http:\/\/www.bilten.org\/?p=4203\" target=\"_blank\">liberalizacije<\/a> i &#8220;racionalizacije&#8221; koje izme\u0111u ostalog uklju\u010duju sna\u017eno poticanje <a href=\"http:\/\/www.bilten.org\/?p=7380\" target=\"_blank\">privatizacije<\/a> visokog obrazovanja, represivne mjere <a href=\"http:\/\/www.bilten.org\/?p=3926\" target=\"_blank\">naplate<\/a> struje koja je do sad slu\u017eila kao &#8220;socijalni ventil&#8221;, projekte &#8220;urbane revitalizacije&#8221; koji su doveli do prisilnog <a href=\"http:\/\/www.bilten.org\/?p=5498\" target=\"_blank\">iseljavanja<\/a> siroma\u0161nog stanovni\u0161tva iz centara gradova, kao i smanjenje broja op\u0107ina sa 373 na samo 61, \u0161to je izazvalo nezadovoljstvo kako u malim biv\u0161im op\u0107inskim mjestima, tako i me\u0111u pojedinim <a href=\"http:\/\/www.mia.mk\/en\/Inside\/RenderSingleNews\/82\/132692474\" target=\"_blank\">susjednim<\/a> zemljama koje su ukidanje nekih op\u0107ina do\u017eivile kao napad na samoupravu nacionalnih manjina.<\/p>\n<p>Mjere koje je poduzela vladaju\u0107a koalicija pod slu\u017ebenim nazivom Savez za europsku Albaniju dio su njezinog nastojanja da ubrza europske integracije ove zemlje dosljedno provode\u0107i ili \u010dak prema\u0161uju\u0107i neoliberalne recepte na kojima inzistiraju euroatlantske institucije. Konzervativna opozicijska Demokratska stranka Albanije koja predvodi koaliciju nazvanu Narodni savez za rad i dostojanstvo po svemu sude\u0107i nije uspjela ponuditi uvjerljivu alternativu vladaju\u0107ima te je izgubila izbore u svim ve\u0107im gradovima osim u Skadru na sjeveru zemlje. Mediji tako\u0111er izvje\u0161tavaju o velikom broju poni\u0161tenih listi\u0107a \u010dije su fotografije dijeljene putem Interneta u znak razo\u010daranja ponu\u0111enim opcijama.<\/p>\n<p>Opozicija je ulo\u017eila prigovor na regularnost izbora inzistiraju\u0107i na svojoj pobjedi. Strani promatra\u010di su potvrdili brojne slu\u010dajeve kupovine bira\u010da, odnosno nu\u0111enja gotovine u zamjenu za glasove siroma\u0161nih stanovnika, no unato\u010d tim incidentima promatra\u010di su izbore op\u0107enito <a href=\"http:\/\/www.balkaneu.com\/voters-offered-distinct-choice-albanias-local-elections-observers\/\" target=\"_blank\">ocijenili<\/a> regularnima. U me\u0111uvremenu, iako je pravo glasa na ovim izborima imalo \u010dak 3,4 milijuna stanovnika procjenjuje se da u Albaniji trenutno \u017eivi ukupno svega 2,8 milijuna stanovnika, pri \u010demu je barem tre\u0107ina ljudi s pravom glasa regularno ili iregularno <a href=\"http:\/\/www.bilten.org\/?p=2259\" target=\"_blank\">oti\u0161la<\/a> u druge zemlje u potrazi za poslom.<\/p>\n","protected":false},"excerpt":{"rendered":"<p>U nedjelju su odr\u017eani lokalni izbori za gradona\u010delnike i vije\u0107nike 61 op\u0107ine u Albaniji. Izbori su prozvani testom vladaju\u0107e koalicije pod vodstvom liberalne Socijalisti\u010dke stranke Albanije. Ta je stranka zajedno s koalicijskim partnerima pokrenula niz mjera liberalizacije i &#8220;racionalizacije&#8221;&#8230;<\/p>\n","protected":false},"author":10,"featured_media":7884,"comment_status":"closed","ping_status":"closed","sticky":false,"template":"","format":"standard","meta":{"footnotes":""},"categories":[],"tags":[12],"theme":[456],"country":[65],"articleformat":[205],"coauthors":[16],"class_list":["post-7882","post","type-post","status-publish","format-standard","has-post-thumbnail","hentry","tag-izbori","theme-politika","country-albanija","articleformat-vijest"],"_links":{"self":[{"href":"https:\/\/www.bilten.org\/index.php?rest_route=\/wp\/v2\/posts\/7882","targetHints":{"allow":["GET"]}}],"collection":[{"href":"https:\/\/www.bilten.org\/index.php?rest_route=\/wp\/v2\/posts"}],"about":[{"href":"https:\/\/www.bilten.org\/index.php?rest_route=\/wp\/v2\/types\/post"}],"author":[{"embeddable":true,"href":"https:\/\/www.bilten.org\/index.php?rest_route=\/wp\/v2\/users\/10"}],"replies":[{"embeddable":true,"href":"https:\/\/www.bilten.org\/index.php?rest_route=%2Fwp%2Fv2%2Fcomments&post=7882"}],"version-history":[{"count":2,"href":"https:\/\/www.bilten.org\/index.php?rest_route=\/wp\/v2\/posts\/7882\/revisions"}],"predecessor-version":[{"id":7885,"href":"https:\/\/www.bilten.org\/index.php?rest_route=\/wp\/v2\/posts\/7882\/revisions\/7885"}],"wp:featuredmedia":[{"embeddable":true,"href":"https:\/\/www.bilten.org\/index.php?rest_route=\/wp\/v2\/media\/7884"}],"wp:attachment":[{"href":"https:\/\/www.bilten.org\/index.php?rest_route=%2Fwp%2Fv2%2Fmedia&parent=7882"}],"wp:term":[{"taxonomy":"category","embeddable":true,"href":"https:\/\/www.bilten.org\/index.php?rest_route=%2Fwp%2Fv2%2Fcategories&post=7882"},{"taxonomy":"post_tag","embeddable":true,"href":"https:\/\/www.bilten.org\/index.php?rest_route=%2Fwp%2Fv2%2Ftags&post=7882"},{"taxonomy":"theme","embeddable":true,"href":"https:\/\/www.bilten.org\/index.php?rest_route=%2Fwp%2Fv2%2Ftheme&post=7882"},{"taxonomy":"country","embeddable":true,"href":"https:\/\/www.bilten.org\/index.php?rest_route=%2Fwp%2Fv2%2Fcountry&post=7882"},{"taxonomy":"articleformat","embeddable":true,"href":"https:\/\/www.bilten.org\/index.php?rest_route=%2Fwp%2Fv2%2Farticleformat&post=7882"},{"taxonomy":"author","embeddable":true,"href":"https:\/\/www.bilten.org\/index.php?rest_route=%2Fwp%2Fv2%2Fcoauthors&post=7882"}],"curies":[{"name":"wp","href":"https:\/\/api.w.org\/{rel}","templated":true}]}}