{"id":7553,"date":"2015-06-08T11:14:45","date_gmt":"2015-06-08T10:14:45","guid":{"rendered":"http:\/\/www.bilten.org\/?p=7553"},"modified":"2015-06-18T12:12:21","modified_gmt":"2015-06-18T11:12:21","slug":"izbori-u-turskoj-politicko-preslagivanje-s-dalekoseznim-posljedicama","status":"publish","type":"post","link":"https:\/\/www.bilten.org\/?p=7553","title":{"rendered":"Izbori u Turskoj: politi\u010dko preslagivanje s dalekose\u017enim posljedicama"},"content":{"rendered":"<p>Nakon objave rezultata turskih parlamentarnih izbora odr\u017eanih ju\u010der, premijer Ahmet Davuto\u011flu je u obra\u0107anju simpatizerima inzistirao na tome kako rezultati pokazuju uvjerljivu <a href=\"http:\/\/www.euronews.com\/2015\/06\/08\/turkey-s-pm-announces-ak-party-clear-winner-in-election\/\" target=\"_blank\">pobjedu<\/a> njegove Stranke pravde i razvoja (AKP). No iako je AKP osvojila preko 40% glasova, taj rezultat predstavlja o\u010diti poraz politike ove stranke. Njezin dugogodi\u0161nji vo\u0111a i sada\u0161nji predsjednik republike Recep Tayyip Erdo\u011fan nadao se da \u0107e uvjerljiva ve\u0107ina AKP-a omogu\u0107iti bezbolnu promjenu Ustava i uspostavu predsjedni\u010dkog politi\u010dkog sistema \u0161to je trebao biti zami\u0161ljeni sljede\u0107i korak prema konsolidaciji vlasti &#8220;umjerenog politi\u010dkog islama&#8221; u ovoj zemlji.<\/p>\n<p>No sude\u0107i prema rezultatima, AKP ne samo da ne\u0107e mo\u0107i provoditi dalekose\u017ene promjene, ve\u0107 \u0107e imati ozbiljnih problema i u formiranju vlade. \u010cetrdesetak posto glasova ne omogu\u0107ava parlamentarnu ve\u0107inu s obzirom da su visoki izborni prag od 10% pre\u0161le jo\u0161 tri stranke. Takav je prag postavljen nakon dr\u017eavnog udara 1980. godine, a posljednjih je desetlje\u0107a odr\u017eavan kako bi se poku\u0161ao sprije\u010diti ulazak predstavnika kurdskog pokreta u parlament. Time je kurdski pokret prisiljavan da na izbore izlazi preko nezavisnih kandidata \u010dime su njegove stranke dr\u017eane na rubu politi\u010dkog sistema gdje su bile izlo\u017eene \u010destim zabranama i napadima represivnog aparata.<\/p>\n<p><strong>Promijenjena dinamika<\/strong><\/p>\n<p>Politi\u010dku dinamiku u zemlji ipak je prema svemu sude\u0107i znatno promijenio ustanak zapo\u010det u parku Gezi prije to\u010dno dvije godine s jedne, kao i rat u Siriji s druge strane. Naime, nakon nasilnog gu\u0161enja \u0161irokog narodnog ustanka \u010diji je neposredni povod bio ru\u0161enje jednog istanbulskog parka, do\u0161lo je do formiranja bli\u017ee suradnje izme\u0111u kurdskog pokreta, brojnih socijalisti\u010dkih organizacija i mnogih ljudi nedavno politiziranih kroz prosvjedni pokret. Ta je suradnja naposljetku dovela do formiranja Narodne demokratske stranke (HDP) kao izborne platforme Narodnog demokratskog kongresa koja je ju\u010der napravila pravi politi\u010dki potres u Turskoj osvojiv\u0161i preko 13% glasova.<\/p>\n<p>Taj rezultat dvostruko je ve\u0107i od dosada\u0161nje uobi\u010dajne izborne potpore koju je u\u017eivao kurdski pokret i predstavlja prvi slu\u017ebeni ulazak jedne antisistemske stranke u turski parlament jo\u0161 od dr\u017eavnog udara 1971. godine. Time je tako\u0111er kurdski pokret nakon punih trideset godina intenzivnog sukoba s dr\u017eavom slu\u017ebeno postao nezaobilazan dio politi\u010dkog sustava. Dio zasluga za to svakako pripada i proma\u0161enoj strategiji AKP-a. Vladaju\u0107a je stranka, upla\u0161ena demokratskim ustankom 2013. godine i pobjedama kurdskog pokreta u ratu u Siriji, odustala od svoje dotada\u0161nje (vrlo oprezne) politike mirovnih pregovora s kurdskim pokretom te ograni\u010davanja utjecaja vojske i umjerene demokratizacije.<\/p>\n<p><strong>Strategija eskalacije<\/strong><\/p>\n<p>Predizborni je period bio obilje\u017een sna\u017enijom islamisti\u010dkom i etni\u010dki isklju\u010divom retorikom \u010dime je AKP poku\u0161ala stabilizirati potporu me\u0111u ultrakonzervativnim sektorima stanovni\u0161tva. Ta je politika provo\u0111ena paralelno s vojnom i materijalnom podr\u0161kom raznim islamisti\u010dkim grupama u Siriji uklju\u010duju\u0107i (kako je nedavno <a href=\"http:\/\/www.reuters.com\/article\/2015\/05\/29\/us-mideast-crisis-turkey-arms-idUSKBN0OE28T20150529\" target=\"_blank\">potvr\u0111eno<\/a>) i takozvanu Islamsku dr\u017eavu u borbi protiv kurdskog pokreta. Prema procjenama du\u017enosnika HDP-a, vlasti su tako\u0111er poku\u0161ale izazvati i sukob izme\u0111u Turaka i Kurda s turske stranke granice, sna\u017ee\u0107i vojnu prisutnost i &#8220;protugerilske akcije&#8221; na istoku zemlje i organiziraju\u0107i napade na skupove HDP-a uklju\u010duju\u0107i i postavljanje <a href=\"http:\/\/aranews.net\/2015\/06\/explosion-hit-pro-hdp-rally-southern-turkey\/\" target=\"_blank\">bombe<\/a> koja je u petak ubila \u010detvoro i ranila stotinjak ljudi na zavr\u0161nom mitingu u Amedu (Diyarbak\u0131r).<\/p>\n<p>Po svemu sude\u0107i, strategija eskalacije kojoj je pristupio AKP pokazala se vrlo neuspje\u0161nom jer je tu stranku ko\u0161tala mnogih glasova koje je do tad dobivala, izme\u0111u ostalog i u Kurdistanu, a nije joj donijela potporu bira\u010dkog tijela tradicionalno vezanog uz vojsku. Jo\u0161 gore po njih, gubitak parlamentarne ve\u0107ine natjerat \u0107e AKP na vladanje kroz koaliciju, vjerojatno s ultra\u0161ovinisti\u010dkim Strankom nacionalisti\u010dkog pokreta (MHP), najglasnijom protivnicom mirovnih pregovora, \u0161to \u0107e voditi daljnjem zatvaranju vlasti u etni\u010dku i vjersku isklju\u010divost. A to je, kao \u0161to smo vidjeli, upravo politi\u010dka strategija koja ju je dovela do ju\u010dera\u0161njeg izbornog poraza.<\/p>\n","protected":false},"excerpt":{"rendered":"<p>Nakon objave rezultata turskih parlamentarnih izbora odr\u017eanih ju\u010der, premijer Ahmet Davuto\u011flu je u obra\u0107anju simpatizerima inzistirao na tome kako rezultati pokazuju uvjerljivu pobjedu njegove Stranke pravde i razvoja (AKP). No iako je AKP osvojila preko 40% glasova, taj rezultat predstavlja o\u010diti poraz politike ove stranke&#8230;<\/p>\n","protected":false},"author":10,"featured_media":7544,"comment_status":"closed","ping_status":"closed","sticky":false,"template":"","format":"standard","meta":{"footnotes":""},"categories":[],"tags":[234],"theme":[],"country":[],"articleformat":[205],"coauthors":[16],"class_list":["post-7553","post","type-post","status-publish","format-standard","has-post-thumbnail","hentry","tag-turska","articleformat-vijest"],"_links":{"self":[{"href":"https:\/\/www.bilten.org\/index.php?rest_route=\/wp\/v2\/posts\/7553","targetHints":{"allow":["GET"]}}],"collection":[{"href":"https:\/\/www.bilten.org\/index.php?rest_route=\/wp\/v2\/posts"}],"about":[{"href":"https:\/\/www.bilten.org\/index.php?rest_route=\/wp\/v2\/types\/post"}],"author":[{"embeddable":true,"href":"https:\/\/www.bilten.org\/index.php?rest_route=\/wp\/v2\/users\/10"}],"replies":[{"embeddable":true,"href":"https:\/\/www.bilten.org\/index.php?rest_route=%2Fwp%2Fv2%2Fcomments&post=7553"}],"version-history":[{"count":4,"href":"https:\/\/www.bilten.org\/index.php?rest_route=\/wp\/v2\/posts\/7553\/revisions"}],"predecessor-version":[{"id":7564,"href":"https:\/\/www.bilten.org\/index.php?rest_route=\/wp\/v2\/posts\/7553\/revisions\/7564"}],"wp:featuredmedia":[{"embeddable":true,"href":"https:\/\/www.bilten.org\/index.php?rest_route=\/wp\/v2\/media\/7544"}],"wp:attachment":[{"href":"https:\/\/www.bilten.org\/index.php?rest_route=%2Fwp%2Fv2%2Fmedia&parent=7553"}],"wp:term":[{"taxonomy":"category","embeddable":true,"href":"https:\/\/www.bilten.org\/index.php?rest_route=%2Fwp%2Fv2%2Fcategories&post=7553"},{"taxonomy":"post_tag","embeddable":true,"href":"https:\/\/www.bilten.org\/index.php?rest_route=%2Fwp%2Fv2%2Ftags&post=7553"},{"taxonomy":"theme","embeddable":true,"href":"https:\/\/www.bilten.org\/index.php?rest_route=%2Fwp%2Fv2%2Ftheme&post=7553"},{"taxonomy":"country","embeddable":true,"href":"https:\/\/www.bilten.org\/index.php?rest_route=%2Fwp%2Fv2%2Fcountry&post=7553"},{"taxonomy":"articleformat","embeddable":true,"href":"https:\/\/www.bilten.org\/index.php?rest_route=%2Fwp%2Fv2%2Farticleformat&post=7553"},{"taxonomy":"author","embeddable":true,"href":"https:\/\/www.bilten.org\/index.php?rest_route=%2Fwp%2Fv2%2Fcoauthors&post=7553"}],"curies":[{"name":"wp","href":"https:\/\/api.w.org\/{rel}","templated":true}]}}