{"id":7473,"date":"2015-06-03T09:52:21","date_gmt":"2015-06-03T08:52:21","guid":{"rendered":"http:\/\/www.bilten.org\/?p=7473"},"modified":"2015-06-03T09:52:21","modified_gmt":"2015-06-03T08:52:21","slug":"rijesena-kriza-ali-ne-i-njezini-uzroci","status":"publish","type":"post","link":"https:\/\/www.bilten.org\/?p=7473","title":{"rendered":"Rije\u0161ena kriza, ali ne i njezini uzroci"},"content":{"rendered":"<p>Europski povjerenik za pro\u0161irenje Johannes Hahn objavio je ju\u010der kako je postignut dogovor o razrje\u0161enju te\u0161ke politi\u010dke krize u Makedoniji. Prilikom objave, uz Hahna su s kiselim smije\u0161kom stajali premijer Nikola Gruevski i vo\u0111a opozicije Zoran Zaev, dvojica protagonista vi\u0161emjese\u010dnog sukoba. Sporazum su tako\u0111er prihvatila i dvojica suprotstavljenih vo\u0111a etni\u010dkih albanskih stranaka u Makedoniji zaklju\u010duju\u0107i tako op\u0107i, pa makar i prisilni, konsenzus oko neposredne politi\u010dke budu\u0107nosti zemlje. Osim \u0161to je prisilan, njihov je konsenzus tako\u0111er i pre\u0161utan \u2013 naime umjesto makedonskih politi\u010dara, na presici je govorio isklju\u010divo Hahn koji je formalno bio samo posrednik zajedno s ambasadorima EU i SAD-a Aivom Oravom i Jessom Bailyem.<\/p>\n<p>Klju\u010dni dio dogovora ti\u010de se izvanrednih parlamentarnih izbora koji bi se trebali odr\u017eati u aprilu sljede\u0107e godine dok su druga va\u017ena pitanja, poput onog tko \u0107e vladati do tada, ostala nerije\u0161ena i tek \u0107e biti predmet budu\u0107ih sastanaka. To ujedno zna\u010di i da ni jedna od strana dugotrajnog spora nije zadovoljena. Zaev je naime odbijao priznati vladu, a opozicija od pro\u0161le godine bojkotira parlament usmjeravaju\u0107i umjesto toga svoju politi\u010dku djelatnost prema objavama takozvanih &#8220;bombi&#8221; odnosno tajnih snimki koje dokazuju protuzakonite aktivnosti premijera i ostalih \u010dlanova vlade, uklju\u010duju\u0107i i zata\u0161kavanje ubojstva.<\/p>\n<p><strong>Euroatlantska perspektiva<\/strong><\/p>\n<p>Premijer je pak s druge strane odbijao bilo kakvo popu\u0161tanje opoziciji koju je, zbog posjedovanja tajnih snimki, optu\u017eio za suradnju s neprijateljskim tajnim slu\u017ebama i poku\u0161aj dr\u017eavnog udara. Dodatak kamen smutnje predstavlja pro\u0161lomjese\u010dni oru\u017eani <a href=\"http:\/\/www.bilten.org\/?p=6816\" target=\"_blank\">sukob<\/a> u Kumanovu koji vlada predstavlja kao teroristi\u010dki napad na Makedoniju koji je (pa makar i nenamjerno) pomogla opozicija &#8220;destabilizacijom&#8221; zemlje i napadima na vladu, dok opozicija i dobar dio komentatora nesklonih objema stranama sukob smatra insceniranim doga\u0111ajem, odnosno tzv. &#8220;malim ratom&#8221;, isprovociranim kako bi se podigao rejting vladi i olak\u0161alo upravljanje &#8220;\u010dvrstom rukom&#8221;.<\/p>\n<p>Hahn i euroatlantski diplomati izbjegli su potvrditi ili demantirati ijednu od ovih optu\u017ebi, zaobilaze\u0107i potpuno pitanje i oru\u017eanog sukoba i tajnih snimki i zata\u0161kavanja ubojstva. Stoga su umjesto pravih uzroka krize kao povod za organiziranje novih izbora, pa makar i onih toliko kasnog datuma, poslu\u017eile relativno marginalne preinake u izbornom zakonodavstvu. Iako je mogu\u0107nost izbornih prijevara doista bila jedna od \u017ealbi opozicije, ipak se \u010dini banalnom s obzirom na druge probleme koji su doveli i do gubitka ljudskih \u017eivota. No kriza je bar za sad ugu\u0161ena, problemi su pometeni pod tepih, zahtjevi desetaka tisu\u0107a <a href=\"http:\/\/www.bilten.org\/?p=7070\" target=\"_blank\">prosvjednika<\/a> ostali su bez odgovora, ali je spa\u0161ena &#8220;euroatlantska perspektiva&#8221; Makedonije \u2013 cilj koji se Hahn osobito potrudio istaknuti na presici.<\/p>\n","protected":false},"excerpt":{"rendered":"<p>Europski povjerenik za pro\u0161irenje Johannes Hahn objavio je ju\u010der kako je postignut dogovor o razrje\u0161enju te\u0161ke politi\u010dke krize u Makedoniji. Prilikom objave, uz Hahna su s kiselim smije\u0161kom stajali premijer Nikola Gruevski i vo\u0111a opozicije Zoran Zaev, dvojica protagonista vi\u0161emjese\u010dnog sukoba. Sporazum su tako\u0111er prihvatila i dvojica suprotstavljenih vo\u0111a etni\u010dkih albanskih stranaka u Makedoniji zaklju\u010duju\u0107i [&hellip;]<\/p>\n","protected":false},"author":10,"featured_media":7474,"comment_status":"closed","ping_status":"closed","sticky":false,"template":"","format":"standard","meta":{"footnotes":""},"categories":[],"tags":[],"theme":[],"country":[],"articleformat":[205],"coauthors":[16],"class_list":["post-7473","post","type-post","status-publish","format-standard","has-post-thumbnail","hentry","articleformat-vijest"],"_links":{"self":[{"href":"https:\/\/www.bilten.org\/index.php?rest_route=\/wp\/v2\/posts\/7473","targetHints":{"allow":["GET"]}}],"collection":[{"href":"https:\/\/www.bilten.org\/index.php?rest_route=\/wp\/v2\/posts"}],"about":[{"href":"https:\/\/www.bilten.org\/index.php?rest_route=\/wp\/v2\/types\/post"}],"author":[{"embeddable":true,"href":"https:\/\/www.bilten.org\/index.php?rest_route=\/wp\/v2\/users\/10"}],"replies":[{"embeddable":true,"href":"https:\/\/www.bilten.org\/index.php?rest_route=%2Fwp%2Fv2%2Fcomments&post=7473"}],"version-history":[{"count":1,"href":"https:\/\/www.bilten.org\/index.php?rest_route=\/wp\/v2\/posts\/7473\/revisions"}],"predecessor-version":[{"id":7475,"href":"https:\/\/www.bilten.org\/index.php?rest_route=\/wp\/v2\/posts\/7473\/revisions\/7475"}],"wp:featuredmedia":[{"embeddable":true,"href":"https:\/\/www.bilten.org\/index.php?rest_route=\/wp\/v2\/media\/7474"}],"wp:attachment":[{"href":"https:\/\/www.bilten.org\/index.php?rest_route=%2Fwp%2Fv2%2Fmedia&parent=7473"}],"wp:term":[{"taxonomy":"category","embeddable":true,"href":"https:\/\/www.bilten.org\/index.php?rest_route=%2Fwp%2Fv2%2Fcategories&post=7473"},{"taxonomy":"post_tag","embeddable":true,"href":"https:\/\/www.bilten.org\/index.php?rest_route=%2Fwp%2Fv2%2Ftags&post=7473"},{"taxonomy":"theme","embeddable":true,"href":"https:\/\/www.bilten.org\/index.php?rest_route=%2Fwp%2Fv2%2Ftheme&post=7473"},{"taxonomy":"country","embeddable":true,"href":"https:\/\/www.bilten.org\/index.php?rest_route=%2Fwp%2Fv2%2Fcountry&post=7473"},{"taxonomy":"articleformat","embeddable":true,"href":"https:\/\/www.bilten.org\/index.php?rest_route=%2Fwp%2Fv2%2Farticleformat&post=7473"},{"taxonomy":"author","embeddable":true,"href":"https:\/\/www.bilten.org\/index.php?rest_route=%2Fwp%2Fv2%2Fcoauthors&post=7473"}],"curies":[{"name":"wp","href":"https:\/\/api.w.org\/{rel}","templated":true}]}}