{"id":7428,"date":"2015-06-01T11:00:15","date_gmt":"2015-06-01T10:00:15","guid":{"rendered":"http:\/\/www.bilten.org\/?p=7428"},"modified":"2015-06-18T12:11:37","modified_gmt":"2015-06-18T11:11:37","slug":"skupovi-uoci-izbora-u-turskoj","status":"publish","type":"post","link":"https:\/\/www.bilten.org\/?p=7428","title":{"rendered":"Skupovi uo\u010di izbora u Turskoj"},"content":{"rendered":"<p>Protekli vikend obilje\u017eile su dvije va\u017ene obljetnice za povijest Turske. Prvo je u subotu vlast organizirala proslavu 562. godi\u0161njice pada Konstantinopola, a zatim je u nedjelju ista vlast poku\u0161avala <a href=\"http:\/\/www.todayszaman.com\/national_bans-and-restrictions-mark-2nd-anniversary-of-gezi-protests_382216.html\" target=\"_blank\">razbiti<\/a> svako okupljanje kojim se obilje\u017eavala druga godi\u0161njica od masovne pobune koja je po\u010dela u parku Gezi, a koja predstavlja do sad najve\u0107i izazov trinaestogodi\u0161njoj vladavini Stranke pravde i razvoja (AKP) aktualnog predsjednika Recepa Tayyipa Erdo\u011fana. Oba obilje\u017eavanja naju\u017ee su vezana uz parlamentarne izbore koji se trebaju odr\u017eati sljede\u0107e nedjelje.<\/p>\n<p>Za potrebe predizborne kampanje, predsjednik je \u010dak pomaknuo i datum pada Konstantinopola sa 29. na 30. svibnja kako bi proslava preko vikenda omogu\u0107ila spektakularniji (neslu\u017ebeno) predizborni skup vladaju\u0107e stranke. Prema izvje\u0161tajima i komentarima skup je doista bio <a href=\"http:\/\/www.balkaneu.com\/erdogan-anniversary-fall-constantinople\/\" target=\"_blank\">spektakularan<\/a>, a uklju\u010divao je i stotine kostimiranih statista koji su trebali prikazivati povijesne osmanske postrojbe. Rijetki su propustili primijetiti i ne osobito suptilne aluzije na navodne sli\u010dnosti izme\u0111u Erdo\u011fana i Mehmeda II Osvaja\u010da koji je tijekom sve\u010danosti nu\u0111en kao uzor za Turke i u 21. stolje\u0107u.<\/p>\n<p>Ovakav tip nostalgije za osmanskim vremenima dugo je u Turskoj bio tabu s obzirom na slu\u017ebenu ideologiju kemalisti\u010dkog (formalnog) republikanizma i sekularizma \u010diji je nositelj i \u010duvar &#8220;\u017eeljeznom rukom&#8221; desetlje\u0107ima bila vojska. AKP svoj uspon na vlast u velikoj mjeri duguje upravo opoziciji diktatu vojske i privilegijama koje je uz vojnu za\u0161titu u\u017eivala sekularnija i liberalnija bur\u017eoazija sa zapada zemlje. Staju\u0107i u po\u010detku u obranu umjerenog politi\u010dkog islama i deprivilegiranih slojeva iz slabije razvijenih dijelova zemlje, AKP je, smatraju mnogi, naposljetku uspio u stvaranju svoje nove elite, ali obe\u0107anja demokratizacije nikada nije ispunio.<\/p>\n<p><strong>Te\u0161ko odr\u017eiv model<\/strong><\/p>\n<p>Apsolutna politi\u010dka dominacija AKP-a uspostavljena proteklih godina ozbiljno je dovedena u pitanje pobunom u istanbulskom parku Gezi 2013. godine kada je do izra\u017eaja do\u0161lo \u0161iroko nezadovoljstvo u razli\u010ditim sektorima dru\u0161tva. Naslje\u0111e parka Gezi presudno je utjecalo i na formiranje nove Narodne demokratske stranke (HDP) nastale suradnjom kurdskog nacionalnog pokreta, socijalisti\u010dkih organizacija i pojedinaca politiziranih kroz nedavne prosvjede. Upravo suprotno od AKP-a, HDP umjesto na etni\u010dki turskom i sunitskom karakteru Turske inzistira na kulturnoj raznolikosti Anadolije i Mezopotamije te nastoji biti predstavnik marginaliziranog stanovni\u0161tva.<\/p>\n<p>Usporedno s padom popularnosti AKP-a, dobar rezultat HDP-a (kojem se predvi\u0111a oko 10% glasova) onemogu\u0107io bi aktualnoj vlasti da nastavi s istom politikom zbog gubitka parlamentarne ve\u0107ine. Prisiljena na koalicije, AKP bi morala popustiti svojim konkurentima iz liberalnih i nacionalisti\u010dkih stranaka bliskih vojsci \u010dime bi ugrozila interese svojih najsna\u017enijih podupiratelja ili bi \u2013 \u0161to bi joj bilo jo\u0161 te\u017ee \u2013 potporu trebala tra\u017eiti od HDP-a koji inzistira na dramati\u010dnim promjenama ne samo konkretnih politika ve\u0107 i karaktera Turske Republike. Posljednja &#8220;osmanska&#8221; proslava pokazuje kako je AKP o\u010dito nespremna na oboje te kako je sve nade stavila na zadr\u017eavanje apsolutne vlasti. To je me\u0111utim ishod koji je s obzirom na dinamiku posljednjih godina dugoro\u010dno najmanje vjerojatan.<\/p>\n","protected":false},"excerpt":{"rendered":"<p>Protekli vikend obilje\u017eile su dvije va\u017ene obljetnice za povijest Turske. Prvo je u subotu vlast organizirala proslavu 562. godi\u0161njice pada Konstantinopola, a zatim je u nedjelju ista vlast poku\u0161avala razbiti svako okupljanje kojim se obilje\u017eavala druga godi\u0161njica od masovne pobune koja je po\u010dela u parku Gezi, a koja predstavlja do sad najve\u0107i izazov trinaestogodi\u0161njoj vladavini Stranke pravde i razvoja (AKP) aktualnog predsjednika Recepa Tayyipa Erdo\u011fana&#8230;<\/p>\n","protected":false},"author":10,"featured_media":7429,"comment_status":"closed","ping_status":"closed","sticky":false,"template":"","format":"standard","meta":{"footnotes":""},"categories":[],"tags":[234],"theme":[],"country":[],"articleformat":[205],"coauthors":[16],"class_list":["post-7428","post","type-post","status-publish","format-standard","has-post-thumbnail","hentry","tag-turska","articleformat-vijest"],"_links":{"self":[{"href":"https:\/\/www.bilten.org\/index.php?rest_route=\/wp\/v2\/posts\/7428","targetHints":{"allow":["GET"]}}],"collection":[{"href":"https:\/\/www.bilten.org\/index.php?rest_route=\/wp\/v2\/posts"}],"about":[{"href":"https:\/\/www.bilten.org\/index.php?rest_route=\/wp\/v2\/types\/post"}],"author":[{"embeddable":true,"href":"https:\/\/www.bilten.org\/index.php?rest_route=\/wp\/v2\/users\/10"}],"replies":[{"embeddable":true,"href":"https:\/\/www.bilten.org\/index.php?rest_route=%2Fwp%2Fv2%2Fcomments&post=7428"}],"version-history":[{"count":1,"href":"https:\/\/www.bilten.org\/index.php?rest_route=\/wp\/v2\/posts\/7428\/revisions"}],"predecessor-version":[{"id":7430,"href":"https:\/\/www.bilten.org\/index.php?rest_route=\/wp\/v2\/posts\/7428\/revisions\/7430"}],"wp:featuredmedia":[{"embeddable":true,"href":"https:\/\/www.bilten.org\/index.php?rest_route=\/wp\/v2\/media\/7429"}],"wp:attachment":[{"href":"https:\/\/www.bilten.org\/index.php?rest_route=%2Fwp%2Fv2%2Fmedia&parent=7428"}],"wp:term":[{"taxonomy":"category","embeddable":true,"href":"https:\/\/www.bilten.org\/index.php?rest_route=%2Fwp%2Fv2%2Fcategories&post=7428"},{"taxonomy":"post_tag","embeddable":true,"href":"https:\/\/www.bilten.org\/index.php?rest_route=%2Fwp%2Fv2%2Ftags&post=7428"},{"taxonomy":"theme","embeddable":true,"href":"https:\/\/www.bilten.org\/index.php?rest_route=%2Fwp%2Fv2%2Ftheme&post=7428"},{"taxonomy":"country","embeddable":true,"href":"https:\/\/www.bilten.org\/index.php?rest_route=%2Fwp%2Fv2%2Fcountry&post=7428"},{"taxonomy":"articleformat","embeddable":true,"href":"https:\/\/www.bilten.org\/index.php?rest_route=%2Fwp%2Fv2%2Farticleformat&post=7428"},{"taxonomy":"author","embeddable":true,"href":"https:\/\/www.bilten.org\/index.php?rest_route=%2Fwp%2Fv2%2Fcoauthors&post=7428"}],"curies":[{"name":"wp","href":"https:\/\/api.w.org\/{rel}","templated":true}]}}