{"id":6840,"date":"2015-05-12T07:00:55","date_gmt":"2015-05-12T06:00:55","guid":{"rendered":"http:\/\/www.bilten.org\/?p=6840"},"modified":"2015-05-21T12:12:37","modified_gmt":"2015-05-21T11:12:37","slug":"18-brumaire-naseg-antifasizma","status":"publish","type":"post","link":"https:\/\/www.bilten.org\/?p=6840","title":{"rendered":"Osamnaesti brumaire na\u0161eg antifa\u0161izma"},"content":{"rendered":"<p><strong>Polemika o odnosu prema antifa\u0161izmu u Hrvatskoj se uvijek zao\u0161trava oko mjeseca svibnja i obljetnica povezanih s njim. Istaknuti polo\u017eaj te teme pokazuje kako je ona jedno od centralnih mjesta oko kojih se grade narativi legitimacije i osporavanja postoje\u0107ih odnosa snaga me\u0111u politi\u010dkim akterima. No dok polemike uglavnom preuzimaju oblik kritika konzervativnih i nacionalisti\u010dkih negiranja oslobodila\u010dkog karaktera partizanskog pokreta, manje se pa\u017enje posve\u0107uje naizgled afirmativnim liberalnim revizijama povijesti.<\/strong><\/p>\n<p>Nedavno su objavljeni rezultati istra\u017eivanja prema kojima \u2013 unato\u010d \u010dinjenici da je Crvena armija, samostalno ili u suradnji s drugim savezni\u010dkim snagama, oslobodila ve\u0107i dio Evrope \u2013 tek 13% ispitanika <a href=\"http:\/\/rt.com\/news\/253753-europeans-wwii-victory-poll\/\" target=\"_blank\">smatra<\/a> da su crvenoarmejci bili vode\u0107a snaga osloba\u0111anja kontinenta od fa\u0161isti\u010dke i nacisti\u010dke okupacije. U takvoj revizionisti\u010dkoj <sup><a href=\"#footnote_1_6840\" id=\"identifier_1_6840\" class=\"footnote-link footnote-identifier-link\" title=\"S obzirom na \u010dinjenicu da je Crvena armija pojedina\u010dno oslobodila najvi&scaron;e podru\u010dja dana&scaron;njih evropskih dr\u017eava te da je Sovjetski savez bio dr\u017eava \u010dijih je najvi&scaron;e dr\u017eavljana u istom ratu poginulo.\">1<\/a><\/sup> atmosferi ni najmanje ne \u010dudi ignoriranje moskovske proslave Dana pobjede od strane \u010delnika zemalja \u010dlanica Evropske unije i NATO pakta.<\/p>\n<p>Kako revizionizam cvjeta u Evropi, tako cvjeta i u Hrvatskoj, o \u010demu se dosta pisalo otkad je Kolinda Grabar-Kitarovi\u0107 preuzela du\u017enost Predsjednice. Me\u0111utim, dok se na\u0161a takozvana lijeva javnost zanimala za uklanjanje biste mar\u0161ala Tita iz Ureda predsjednice te odbijanjem poziva na moskovsku sve\u010danost povodom sedamdesete godi\u0161njice pobjede nad fa\u0161izmom, bez kriti\u010dke analize pro\u0161lo je osnivanje Antifa\u0161isti\u010dke lige Republike Hrvatske. Ta je udruga nastala kao odgovor na dvadeset godina, <a href=\"http:\/\/www.documenta.hr\/assets\/files\/objave\/POVELJA-press-release.pdf\" target=\"_blank\">kako ka\u017eu<\/a>, &#8220;sustavnog poricanja, pa i demoniziranja antifa\u0161izma, njegovih tekovina i vrijednosti u Republici Hrvatskoj&#8221;. Pritom, Liga je prepoznala da je do toga do\u0161lo svo\u0111enjem antifa\u0161izma na &#8220;prigodni\u010darsko obilje\u017eavanje obljetnica&#8221; koje je pra\u0107eno &#8220;sve agresivnijim poricanjem i postepenim relativiziranjem njihove va\u017enosti.&#8221;<\/p>\n<p><strong>Gra\u0111anska revizija<\/strong><\/p>\n<p>No kao \u0161to dr\u017eava reducira antifa\u0161izam, tako ga reducira i Antifa\u0161isti\u010dka liga. Naime, prema Povelji Lige, antifa\u0161izam je &#8220;sustav vrijednosti nastao u obrani osnovnih ljudskih prava, sloboda i jednakosti&#8221; koji se naknadno &#8220;prometnuo u programsku osnovu historijskih pokreta otpora nacifa\u0161izmu, te spasio Europu i njezine narode poput hrvatskoga&#8221;. Primjetno je da se prilikom definiranja antifa\u0161izma u Povelji, osim u imenu Zemaljskog antifa\u0161isti\u010dkog vije\u0107a narodnog oslobo\u0111enja Hrvatske, koje je spomenuto jedino u kontekstu izvori\u0161nih osnova Ustava RH, ne spominje Narodnooslobodila\u010dka borba.<\/p>\n<p>Dakle, redukcijom antifa\u0161izma na apstraktne vrijednosti koje su tobo\u017ee programatski zasnivale antifa\u0161isti\u010dku borbu diljem Evrope, Liga je negirala specifi\u010dna obilje\u017eja pojedinih evropskih antifa\u0161isti\u010dkih pokreta. Konkretno, redukcijom antifa\u0161izma na liberalne vrijednosti evropske gra\u0111anske klase, Liga je negirala pozitivno, to jest socijalno-revolucionarno, naslje\u0111e jugoslavenske Narodnooslobodila\u010dke borbe. To negiranje u najmanju je ruku indeks, ako ne potvrda, smje\u0161tanja Antifa\u0161isti\u010dke lige u isti ideolo\u0161ki registar u koji pripadaju revizionisti\u010dki politi\u010dki subjekti, za koji je registar svojstveno uravnavanje fa\u0161isti\u010dkog i fa\u0161istoidnih poredaka te njihove socijalisti\u010dke opozicije.<\/p>\n<p>Ta uravnilovka izme\u0111u ostalog svoj teorijski izraz ima u tekstu &#8220;Ur-Fascism&#8221; talijanskog knji\u017eevnika i semiologa Umberta Eca, <a href=\"http:\/\/www.sic.ba\/rubrike\/stav-esej\/umberto-eco-ur-fasizam\/\" target=\"_blank\">objavljenog<\/a> u \u010dasopisu The New York Review of Books 1995. godine, dok je politi\u010dki artikulirana u kontroverznoj <a href=\"http:\/\/assembly.coe.int\/mainf.asp?link=\/documents\/adoptedtext\/ta06\/eres1481.htm\" target=\"_blank\">rezoluciji<\/a> 1481 Parlamentarne skup\u0161tine Vije\u0107a Evrope (2006.), donesenoj sa ciljem zatiranja naslje\u0111a biv\u0161ih &#8220;komunisti\u010dkih totalitarnih sustava&#8221;. \u010cak i ako ne pristanemo na to da su revizionisti\u010dke tendencije neosporno prisutne ve\u0107 u Povelji Lige, njihovu nesumnjivu potvrdu mo\u017eemo prona\u0107i u dvama tekstovima predsjednika Lige, Zorana Pusi\u0107a, od kojih je jedan Pusi\u0107 pro\u010ditao kao svoj govor na osniva\u010dkoj skup\u0161tini u funkciji izno\u0161enja na\u010delnog programa Lige. Pusi\u0107eve revizije mogu\u0107e je o\u010ditati na barem tri razine: faktografskoj, ideolo\u0161koj i metodolo\u0161koj.<\/p>\n<p><strong>Antiradni\u010dki &#8220;antifa\u0161izam&#8221;<\/strong><\/p>\n<p>Budu\u0107i da je bazi\u010dno time \u0161to se ti\u010de materijalnih osnova govora o temi, prvo \u0107u ukazati na Pusi\u0107evo nepoznavanje faktografije o fa\u0161izmu. Naime, Pusi\u0107 je u <a href=\"http:\/\/h-alter.org\/vijesti\/aktualnost-antifasizma-u-hrvatskoj-danas\" target=\"_blank\">\u010dlanku<\/a> objavljenom na portalu h-alter.org pro\u0161loga ljeta zapisao sljede\u0107u re\u010denicu: &#8220;\u010cinjenica je, me\u0111utim, da su i talijanski fa\u0161izam i njema\u010dki nacizam izvorno radni\u010dki pokreti, a mnogi kapitalisti i konzervativci su im se priklonili jer im je, s jedne strane, bio blizak radikalni nacionalizam tih pokreta, a s druge strane, \u010dinili su im se manje zlo od komunizma.&#8221;<\/p>\n<p class=\"sdendnote-western\" style=\"text-align: left;\" align=\"justify\">Upravo suprotno Pusi\u0107evoj predod\u017ebi, ni fa\u0161izam ni nacizam nisu izrasli iz radni\u010dkog pokreta. \u0160tovi\u0161e, kao \u0161to mo\u017eemo pro\u010ditati u historiografskoj i politolo\u0161koj literaturi, oba su nastali i razvili se u suprotnosti spram radni\u010dkog pokreta. Reinhard K\u00fchnl je, primjerice, izvijestio da su u svojim inauguralnim godinama fa\u0161izam i nacizam regrutirani iz &#8220;socijalnih grupa koje su ratom i poslijeratnim vremenima bile socijalno i duhovno iskorijenjene i vi\u0161e nisu mogle uhvatiti korak u gra\u0111anskom \u017eivotu&#8221;, pa je kao primjere naveo demobilizirane oficire i mlade avanturiste impresionirane do\u017eivljajem rata. <sup><a href=\"#footnote_2_6840\" id=\"identifier_2_6840\" class=\"footnote-link footnote-identifier-link\" title=\"Reinhard K&uuml;hnl, Oblici gra\u0111anske vladavine: liberalizam &ndash; fa&scaron;izam, Beograd, 1978.\">2<\/a><\/sup><\/p>\n<p class=\"sdendnote-western\" style=\"text-align: left;\" align=\"justify\">I dok je, prema K\u00fchnlu, deklasirane ratne veterane fa\u0161izmu privla\u010dila militaristi\u010dka struktura koja je omogu\u0107ila da produlje iskustvo rata, Robert O. Paxton izvje\u0161tava da je mlade fa\u0161izmu privukao model antipoliti\u010dke politike. <sup><a href=\"#footnote_3_6840\" id=\"identifier_3_6840\" class=\"footnote-link footnote-identifier-link\" title=\"Robert O. Paxton, The Anatomy of Fascism, New York, 2014. Pritom se Paxton pozvao na \u010dlanak: Bruno Wanrooij, &ldquo;The Rise and Fall of Italian Fascism as a Generational Revolt&rdquo;, Journal of Contemporary History 22\/3 (1987), str. 401-418. Wanrooij je u tom \u010dlanku, istaknuo da je, za razliku od Oktobarske revolucije, \u010dije je ideolo&scaron;ko sredi&scaron;te bilo koncept klase, i nacizma koji je bio usredi&scaron;ten oko pitanja rase, klju\u010dni moment dolaska fa&scaron;ista na vlast bio, Mussolinijevim rije\u010dima, &ldquo;dizanje zastave mladosti&rdquo;. Uz to, Wanrooij navodi da su se mladi u Italiji, napose studenti, okrenuli protiv dotada&scaron;njeg politi\u010dkog establi&scaron;menta i institucija, koji su, u njihovoj perspektivi, izgubili sav kredibilitet lo&scaron;om ratnom politikom.\">3<\/a><\/sup> \u0160to se ti\u010de klasne strukture fa\u0161izma, Paxton navodi da je fa\u0161izam vr\u0161io regrutacije iz svih klasa, a najvi\u0161e iz srednje. Time dolazimo i do izravnog osporavanja Pusi\u0107eve tvrdnje o tome da je fa\u0161izam nastao iz radni\u010dkog pokreta. Prema Paxtonu, radni\u010dka klasa je u fa\u0161isti\u010dkim pokretima bila zastupljena manjim udjelom negoli je njezin udio u op\u0107oj populaciji, dakle bila je podzastupljena. <sup><a href=\"#footnote_4_6840\" id=\"identifier_4_6840\" class=\"footnote-link footnote-identifier-link\" title=\"Iako se Pusi\u0107eva teza pokazuje kao neto\u010dna i neutemeljena ve\u0107 na razini statisti\u010dkog prikaza klasne strukture talijanskog dru&scaron;tva u vrijeme inauguracije fa&scaron;isti\u010dkog re\u017eima, nije naodmet spomenuti i neke uvide gr\u010dko-francuskog filozofa politike i prava Nicosa Poulantzasa, iznesene u knjizi Klase u savremenom kapitalizmu. Poulantzas tamo iznosi uvid da &ldquo;dru&scaron;tvene klase nisu empirijske grupe individua&rdquo; ve\u0107 da &ldquo;klasna pripadnost raznih agensa zavisi od klasnih mesta koja oni zauzimaju&ldquo;. Povrh toga, prema Poulantzasu, iako su dru&scaron;tvene klase uglavnom odre\u0111ene &ldquo;njihovim mestom u procesu proizvodnje&rdquo; one &ldquo;postoje samo u klasnoj borbi&rdquo; koja obuhva\u0107a ideolo&scaron;ke, politi\u010dke i ekonomske odnose u okviru neke, historijski konkretne, dru&scaron;tvene formacije. Utoliko, nemogu\u0107e je da se fa&scaron;izam razvio iz radni\u010dkog pokreta, kao oblika klasne borbe radni\u010dke klase, ako su njime, kao &scaron;to je pokazao K&uuml;hnl, dominirale dru&scaron;tvene klase \u010diji su klasni interesi suprotstavljeni interesima radni\u010dke klase te ako je fa&scaron;izam djelovao u izravnom suprotstavljanju radni\u010dkoj klasi.\">4<\/a><\/sup> Povrh toga, historiografi nas izvje\u0161tavaju da je u ranim godinama fa\u0161izam radio upravo na razbijanju organizacijske strukture radni\u010dkog pokreta. <sup><a href=\"#footnote_5_6840\" id=\"identifier_5_6840\" class=\"footnote-link footnote-identifier-link\" title=\"Vidi primjerice: Jonathan Dunnage, Twentieth-Century Italy: A Social History, London, 2002. Ina\u010de, nastanak fa&scaron;izma i socijalne prilike u Italiji prve polovice pro&scaron;loga stolje\u0107a u popularnoj kulturi svoj najiscrpniji prikaz imaju u filmu Novecento Bernarda Bertoluccija.\">5<\/a><\/sup><\/p>\n<p class=\"sdendnote-western\" style=\"text-align: left;\" align=\"justify\"><strong>Bagatelizacija fa\u0161izma<\/strong><\/p>\n<p>Ideolo\u0161ka revizija koju zastupaju Pusi\u0107 i Liga, ona koja reducira antifa\u0161izam na set gra\u0111anskih vrijednosti, svoju politi\u010dku upotrebu ima u negiranju pozitivnog socijalno-revolucionarnog naslje\u0111a NOB-a, koje osim uvo\u0111enja op\u0107eg prava glasa, po\u010detka rje\u0161avanja \u017eenskog pitanja, uvo\u0111enja novih oblika vlasti u vidu narodnooslobodila\u010dkih odbora, programa opismenjavanja uklju\u010duje i poku\u0161aj raskidanja sa sistemom klasne eksploatacije. Time se onemogu\u0107uje uvid u moment razlike izme\u0111u NOB-a i drugih oblika protivljenja fa\u0161izmu.<\/p>\n<p class=\"sdendnote-western\" style=\"text-align: left;\" align=\"justify\">Pusi\u0107eva metodolo\u0161ka revizija vidi se u strogom vezanju vlastitog vi\u0111enja fa\u0161izma uz epistemolo\u0161ku paradigmu koju je u svojemu tekstu &#8220;Ur-Fascism&#8221; uspostavio Umberto Eco. Njegovo navo\u0111enje \u010detrnaest obilje\u017eja koja upu\u0107uju na javljanje fa\u0161izma u nekom dru\u0161tvu ukida razumijevanje fa\u0161izma kao historijskog fenomena s konkretnim sklopom dru\u0161tvenih i ekonomskih uvjeta te odre\u0111enim prostornim i vremenskim koordinatama, \u010dime ga pretvara u set metafizi\u010dkih obilje\u017eja, prepoznatljivih u mno\u0161tvu socijalnih fenomena koje, posljedi\u010dno, imamo pravo nazivati fa\u0161isti\u010dkima. <sup><a href=\"#footnote_6_6840\" id=\"identifier_6_6840\" class=\"footnote-link footnote-identifier-link\" title=\"Obilje\u017eja ur-fa&scaron;izma, prema Ecu su: kult tradicije, odbacivanje modernizma, iracionalizam, neslaganje kao izdaja, strah od razlike, individualna ili socijalna frustracija, opsesija zavjerom, osje\u0107aj poni\u017eenja zbog mo\u0107i neprijatelja, shva\u0107anje \u017eivota kao permanentnog ratovanja, prezir prema slabijem, kult heroizma i herojske smrti, ma\u010dizam, selektivni\/kvalitativni populizam i novogovor.\">6<\/a><\/sup><\/p>\n<p>Time se omogu\u0107uje da dana\u0161nji <em>ecoisti\u010dki<\/em> &#8220;antifa\u0161isti&#8221; imaju pokri\u0107e da kao fa\u0161izam prozivaju sve \u0161to im se imalo ne svi\u0111a. Tako je, primjerice, mogu\u0107e fa\u0161izmom proglasiti inicijativu U ime obitelji jer je tradicionalisti\u010dka, socijalisti\u010dke pokrete jer smatraju da dru\u0161tvom dominira klasna borba, <em>New Age<\/em> duhovnost jer je sinkretisti\u010dka, ili navija\u010dki pokret jer je kolektivisti\u010dki. Razumljivo, takvo prozivanje, kao u gr\u010dkoj pri\u010di o dje\u010daku i vuku, rezultira ili op\u0107im nepovjerenjem u detekciju fa\u0161istoidnih pojava i mogu\u0107e fa\u0161istoidne prijetnje, ili iracionalnim strahom od fa\u0161izma koji je svuda oko nas.<\/p>\n<p><strong>Antifa\u0161isti\u010dka borba i legalisti\u010dka interpelacija<br \/>\n<\/strong><\/p>\n<p>Naposljetku, izla\u017eu\u0107i na\u010delni stav Lige, njezin je predsjednik kao problem <a href=\"http:\/\/h-alter.org\/vijesti\/osnovana-antifasisticka-liga-rh\" target=\"_blank\">istaknuo<\/a> relegitimiranje poricanja &#8220;temeljnih eti\u010dkih vrijednosti pristojnog demokratskog dru\u0161tva&#8221;, \u0161to \u0107e Liga <a href=\"http:\/\/www.documenta.hr\/assets\/files\/objave\/POVELJA-press-release.pdf\" target=\"_blank\">rije\u0161iti<\/a> tako \u0161to \u0107e &#8220;integrirati antifa\u0161izam u temelje hrvatskog dru\u0161tva&#8221;, &#8220;zahtijevati da Republika Hrvatska dosljedno primjenjuje ustavne odredbe&#8221;, &#8220;\u0161iriti svijest gra\u0111ana&#8221;, &#8220;zalagati se za znanstveno i stru\u010dno istra\u017eivanje povijesnih doga\u0111aja&#8221; te &#8220;zahtijevati&#8221; da &#8220;tijela dr\u017eavne i lokalne vlasti [&#8230;] \u0161tite tekovine antifa\u0161izma&#8221;.<\/p>\n<p class=\"sdendnote-western\">Nasuprot Lige, da bi svoje vrijednosti &#8220;integrirala u temelje dru\u0161tva&#8221;, na\u0161a je antifa\u0161isti\u010dka tradicija razorila postoje\u0107e dru\u0161tvene odnose i uspostavila nove izgradnjom novog dr\u017eavno-pravnog okvira i ekonomskih odnosa. Da bi to postigla, NOB je, predvo\u0111ena Komunisti\u010dkom partijom, podigla op\u0107enarodni ustanak protiv &#8220;stranih okupatora i doma\u0107ih slugu&#8221;, a nije, poput Lige, interpelirala na fa\u0161iste da po\u0161tuju &#8220;temeljne eti\u010dke vrijednosti pristojnog dru\u0161tva&#8221;. Od NOB-a do Antifa\u0161isti\u010dke lige, od &#8220;Milost ne tra\u017eim, nit&#8217; bih vam je dao&#8221; Rade Kon\u010dara do eti\u010dkih i legalisti\u010dkih interpelacija dana\u0161njih perjanica antifa\u0161izma \u2013 antifa\u0161izam u Hrvatskoj do\u017eivljava poku\u0161aje da se falsificirano &#8220;ponovi&#8221;, kao u Marxovu 18. Brumaireu, &#8220;jedanput kao tragedija, drugi put kao farsa&#8221;. <sup><a href=\"#footnote_7_6840\" id=\"identifier_7_6840\" class=\"footnote-link footnote-identifier-link\" title=\"Karl Marx, &ldquo;18. Brumaire Louisa Bonapartea&rdquo;, Glavni radovi Marxa i Engelsa, Zagreb, 1978. Ovaj Marxov esej napisan 1852. godine ironi\u010dno se referira na poku&scaron;aje francuskog predsjednika, a onda i cara Napoelona III, da imitira svog strica Napoleona Bonapartea.&nbsp;Sintagmom se \u017eeli re\u0107i kako poku&scaron;aji &ldquo;ponavljanja&rdquo; prijelomnih svjetskohistorijskih doga\u0111aja u promijenjenom kontekstu neminovno ispadaju tragikomi\u010dni falsifikat originalnog fenomena. op.ur.\">7<\/a><\/sup><\/p>\n<ol class=\"footnotes\"><li id=\"footnote_1_6840\" class=\"footnote\">S obzirom na \u010dinjenicu da je Crvena armija pojedina\u010dno oslobodila najvi\u0161e podru\u010dja dana\u0161njih evropskih dr\u017eava te da je Sovjetski savez bio dr\u017eava \u010dijih je najvi\u0161e dr\u017eavljana u istom ratu poginulo.<span class=\"footnote-back-link-wrapper\">[<a href=\"#identifier_1_6840\" class=\"footnote-link footnote-back-link\">&#8617;<\/a>]<\/span><\/li><li id=\"footnote_2_6840\" class=\"footnote\">Reinhard K\u00fchnl, <i>Oblici gra\u0111anske vladavine: liberalizam &#8211; fa\u0161izam<\/i>,<i> <\/i>Beograd, 1978.<span class=\"footnote-back-link-wrapper\">[<a href=\"#identifier_2_6840\" class=\"footnote-link footnote-back-link\">&#8617;<\/a>]<\/span><\/li><li id=\"footnote_3_6840\" class=\"footnote\">Robert O. Paxton, <i>The Anatomy of Fascism<\/i>, New York, 2014. Pritom se Paxton pozvao na \u010dlanak: Bruno Wanrooij, &#8220;The Rise and Fall of Italian Fascism as a Generational Revolt&#8221;, <i>Journal of Contemporary History<\/i> 22\/3 (1987), str. 401-418. Wanrooij je u tom \u010dlanku, istaknuo da je, za razliku od Oktobarske revolucije, \u010dije je ideolo\u0161ko sredi\u0161te bilo koncept klase, i nacizma koji je bio usredi\u0161ten oko pitanja rase, klju\u010dni moment dolaska fa\u0161ista na vlast bio, Mussolinijevim rije\u010dima, &#8220;dizanje zastave mladosti&#8221;. Uz to, Wanrooij navodi da su se mladi u Italiji, napose studenti, okrenuli protiv dotada\u0161njeg politi\u010dkog establi\u0161menta i institucija, koji su, u njihovoj perspektivi, izgubili sav kredibilitet lo\u0161om ratnom politikom.<span class=\"footnote-back-link-wrapper\">[<a href=\"#identifier_3_6840\" class=\"footnote-link footnote-back-link\">&#8617;<\/a>]<\/span><\/li><li id=\"footnote_4_6840\" class=\"footnote\">Iako se Pusi\u0107eva teza pokazuje kao neto\u010dna i neutemeljena ve\u0107 na razini statisti\u010dkog prikaza klasne strukture talijanskog dru\u0161tva u vrijeme inauguracije fa\u0161isti\u010dkog re\u017eima, nije naodmet spomenuti i neke uvide gr\u010dko-francuskog filozofa politike i prava Nicosa Poulantzasa, iznesene u knjizi <i>Klase u savremenom kapitalizmu<\/i>. Poulantzas tamo iznosi uvid da &#8220;dru\u0161tvene klase nisu empirijske grupe individua&#8221; ve\u0107 da &#8220;<i>klasna pripadnost<\/i> raznih agensa zavisi od klasnih mesta koja oni <i>zauzimaju<\/i>&#8220;. Povrh toga, prema Poulantzasu, iako su dru\u0161tvene klase uglavnom odre\u0111ene &#8220;njihovim mestom u <i>procesu proizvodnje<\/i>&#8221; one &#8220;postoje samo u klasnoj borbi&#8221; koja obuhva\u0107a ideolo\u0161ke, politi\u010dke i ekonomske odnose u okviru neke, historijski konkretne, dru\u0161tvene formacije. Utoliko, nemogu\u0107e je da se fa\u0161izam razvio iz radni\u010dkog pokreta, kao oblika klasne borbe radni\u010dke klase, ako su njime, kao \u0161to je pokazao K\u00fchnl, dominirale dru\u0161tvene klase \u010diji su klasni interesi suprotstavljeni interesima radni\u010dke klase te ako je fa\u0161izam djelovao u izravnom suprotstavljanju radni\u010dkoj klasi.<span class=\"footnote-back-link-wrapper\">[<a href=\"#identifier_4_6840\" class=\"footnote-link footnote-back-link\">&#8617;<\/a>]<\/span><\/li><li id=\"footnote_5_6840\" class=\"footnote\">Vidi primjerice: Jonathan Dunnage, <i>Twentieth-Century Italy: A Social History<\/i>, London, 2002. Ina\u010de, nastanak fa\u0161izma i socijalne prilike u Italiji prve polovice pro\u0161loga stolje\u0107a u popularnoj kulturi svoj najiscrpniji prikaz imaju u filmu <i>Novecento<\/i> Bernarda Bertoluccija.<span class=\"footnote-back-link-wrapper\">[<a href=\"#identifier_5_6840\" class=\"footnote-link footnote-back-link\">&#8617;<\/a>]<\/span><\/li><li id=\"footnote_6_6840\" class=\"footnote\">Obilje\u017eja <i>ur-fa\u0161izma<\/i>, prema Ecu su: kult tradicije, odbacivanje modernizma, iracionalizam, neslaganje kao izdaja, strah od razlike, individualna ili socijalna frustracija, opsesija zavjerom, osje\u0107aj poni\u017eenja zbog mo\u0107i neprijatelja, shva\u0107anje \u017eivota kao permanentnog ratovanja, prezir prema slabijem, kult heroizma i herojske smrti, ma\u010dizam, selektivni\/kvalitativni populizam i novogovor.<span class=\"footnote-back-link-wrapper\">[<a href=\"#identifier_6_6840\" class=\"footnote-link footnote-back-link\">&#8617;<\/a>]<\/span><\/li><li id=\"footnote_7_6840\" class=\"footnote\">Karl Marx, &#8220;18. Brumaire Louisa Bonapartea&#8221;, <i>Glavni radovi Marxa i Engelsa<\/i>, Zagreb, 1978. Ovaj Marxov esej napisan 1852. godine ironi\u010dno se referira na poku\u0161aje francuskog predsjednika, a onda i cara Napoelona III, da imitira svog strica Napoleona Bonapartea.\u00a0Sintagmom se \u017eeli re\u0107i kako poku\u0161aji &#8220;ponavljanja&#8221; prijelomnih svjetskohistorijskih doga\u0111aja u promijenjenom kontekstu neminovno ispadaju tragikomi\u010dni falsifikat originalnog fenomena. op.ur.<span class=\"footnote-back-link-wrapper\">[<a href=\"#identifier_7_6840\" class=\"footnote-link footnote-back-link\">&#8617;<\/a>]<\/span><\/li><\/ol>","protected":false},"excerpt":{"rendered":"<p>Dok se takozvana lijeva javnost zanimala za uklanjanje biste mar\u0161ala Tita iz Ureda predsjednice bez kriti\u010dke analize pro\u0161lo je osnivanje Antifa\u0161isti\u010dke lige Republike Hrvatske. <\/p>\n","protected":false},"author":10,"featured_media":6859,"comment_status":"closed","ping_status":"closed","sticky":false,"template":"","format":"standard","meta":{"footnotes":""},"categories":[1],"tags":[144],"theme":[458],"country":[38],"articleformat":[450],"coauthors":[211],"class_list":["post-6840","post","type-post","status-publish","format-standard","has-post-thumbnail","hentry","category-uncategorized","tag-revizionizam","theme-drustvo","country-hrvatska","articleformat-tema"],"_links":{"self":[{"href":"https:\/\/www.bilten.org\/index.php?rest_route=\/wp\/v2\/posts\/6840","targetHints":{"allow":["GET"]}}],"collection":[{"href":"https:\/\/www.bilten.org\/index.php?rest_route=\/wp\/v2\/posts"}],"about":[{"href":"https:\/\/www.bilten.org\/index.php?rest_route=\/wp\/v2\/types\/post"}],"author":[{"embeddable":true,"href":"https:\/\/www.bilten.org\/index.php?rest_route=\/wp\/v2\/users\/10"}],"replies":[{"embeddable":true,"href":"https:\/\/www.bilten.org\/index.php?rest_route=%2Fwp%2Fv2%2Fcomments&post=6840"}],"version-history":[{"count":26,"href":"https:\/\/www.bilten.org\/index.php?rest_route=\/wp\/v2\/posts\/6840\/revisions"}],"predecessor-version":[{"id":7159,"href":"https:\/\/www.bilten.org\/index.php?rest_route=\/wp\/v2\/posts\/6840\/revisions\/7159"}],"wp:featuredmedia":[{"embeddable":true,"href":"https:\/\/www.bilten.org\/index.php?rest_route=\/wp\/v2\/media\/6859"}],"wp:attachment":[{"href":"https:\/\/www.bilten.org\/index.php?rest_route=%2Fwp%2Fv2%2Fmedia&parent=6840"}],"wp:term":[{"taxonomy":"category","embeddable":true,"href":"https:\/\/www.bilten.org\/index.php?rest_route=%2Fwp%2Fv2%2Fcategories&post=6840"},{"taxonomy":"post_tag","embeddable":true,"href":"https:\/\/www.bilten.org\/index.php?rest_route=%2Fwp%2Fv2%2Ftags&post=6840"},{"taxonomy":"theme","embeddable":true,"href":"https:\/\/www.bilten.org\/index.php?rest_route=%2Fwp%2Fv2%2Ftheme&post=6840"},{"taxonomy":"country","embeddable":true,"href":"https:\/\/www.bilten.org\/index.php?rest_route=%2Fwp%2Fv2%2Fcountry&post=6840"},{"taxonomy":"articleformat","embeddable":true,"href":"https:\/\/www.bilten.org\/index.php?rest_route=%2Fwp%2Fv2%2Farticleformat&post=6840"},{"taxonomy":"author","embeddable":true,"href":"https:\/\/www.bilten.org\/index.php?rest_route=%2Fwp%2Fv2%2Fcoauthors&post=6840"}],"curies":[{"name":"wp","href":"https:\/\/api.w.org\/{rel}","templated":true}]}}