{"id":6816,"date":"2015-05-11T07:00:19","date_gmt":"2015-05-11T06:00:19","guid":{"rendered":"http:\/\/www.bilten.org\/?p=6816"},"modified":"2015-05-11T15:03:57","modified_gmt":"2015-05-11T14:03:57","slug":"6816","status":"publish","type":"post","link":"https:\/\/www.bilten.org\/?p=6816","title":{"rendered":"Makedonija: demokratski protesti i vanredno stanje"},"content":{"rendered":"<p><strong>Posljednjih mjeseci Makedonija je u gotovo neprekidnom stanju protesta protiv vladinih politika. Situacija je dodatno zao\u0161trena nakon \u0161to je opozicija po\u010dela objavljivati tajno snimljene razgovore koji dr\u017eavne du\u017enosnike involviraju u brojne protuzakonite radnje. Vladin odgovor na sve kritike bio je sigurnosno-represivan: prvo su opoziciju optu\u017eili za poku\u0161aj dr\u017eavnog udara, a zatim i ostale prosvjednike za &#8220;destabilizaciju zemlje&#8221;. Kako ja\u010daju protesti, tako se mno\u017ee i incidenti koji opravdavaju ve\u0107u represivnost vlasti i policije \u0161to kod mnogih izaziva sumnju u njihovu pozadinu.<\/strong><\/p>\n<p>Tajno prislu\u0161kivani razgovori koje ve\u0107 mesecima objavljuje makedonska opozicijska stranka Socijaldemokratski savez Makedonije (SDSM) kre\u0107u se od &#8220;manje zanimljivih&#8221; do onih koji sadr\u017ee dokaze o ubistvima koje je vladaju\u0107a koalicija\u00a0poku\u0161ala da sakrije te onih o nerazja\u0161njenim saobra\u0107ajnim udesima sa smrtnim ishodom \u010dije istrage su ekspresno zavr\u0161ene bez jasnih rezultata. Audio snimke objavljene petog maja 2015. godine sadr\u017eavale su razgovor ministarke unutra\u0161njih poslova Gordane Jankulovske sa svojim portparolom Ivom Kotevskim, direktorom Uprave za bezbednost i kontraobave\u0161tavanje Sa\u0161om Mijalkovim te \u0161efom kabineta premijera Nikole Gruevskog, Martinom Protu\u0111erom.<\/p>\n<p>Iz tih desetak audio snimaka jasno se \u010duju i razaznaju glasovi pomenutih funkcionera kako planiraju da sakriju ubistvo dvadesetdvogodi\u0161njeg mladi\u0107a Martina Ne\u0161kovskog. Ono je po\u010dinjeno od strane policajca na du\u017enosti u junu 2011. godine za vreme proslave pobede vladaju\u0107e stranke VMRO-DPMNE na vanrednim parlamentarnim izborima. Martina Ne\u0161kovskog je do smrti pretukao policajac Igor Spasov, pripadnik specijalne policijske jedinice &#8220;Tigrovi&#8221;, koji je za ovo ubistvo kasnije i osu\u0111en na 14 godina zatvora. Snimka dokazuje da su neki visoki funkcioneri Ministarstva unutra\u0161njih poslova poku\u0161avali da preko la\u017enih zapisnika sakriju ubistvo. Diskusija izme\u0111u ovih funkcionera vo\u0111ena je vulgarnim i omalova\u017eavaju\u0107im re\u010dnikom, a ministarka Jankulovska je ubijenog Ne\u0161kovskog \u010dak nazivala narkomanom.<\/p>\n<p>Odmah posle objavljivanja ovih audio snimaka, popodne oko 18 \u010dasova, vi\u0161e od 7 hiljada ljudi sakupilo se ispred zgrade vlade protestuju\u0107i protiv zata\u0161kavanja ubistva i policijske brutalnosti. Protesti su bili organizovani preko socijalnih mre\u017ea, bili su masovni ali mirni, sa izuzetkom da je zgrada vlade ga\u0111ana jajima i paradajzom. Ali policija je proteste ipak nasilno razbila pod izgovorom da su odre\u0111eni demonstranti sa kapulja\u010dama i maramama na licima po\u010deli da ga\u0111aju policiju kamenicama i fla\u0161ama. U haosu koji je nastao oko desetak ljudi je uhap\u0161eno.<\/p>\n<p><strong>Te\u0161ke optu\u017ebe<\/strong><\/p>\n<p>Protesti su se nastavili slede\u0107eg dana u isto vreme, ali kordon policije je blokirao prilaz prema vladi, pa se protest preselio ispred zgrade Sobranja (parlamenta). Masovnost je bila jo\u0161 ve\u0107a, ljudi svih nacionalnosti bili su ujedinjeni zajedno sa jednim ciljem: da se prekine vladanje onog \u0161to nazivaju kriminalnom skupinom na vlasti. Drugi i tre\u0107i dan protesta pro\u0161li su mirno, a demonstranti su nastojali da uklone ljude koje su prepoznali kao provokatore koji nastoje da izazovu nasilni prekid protesta. Tako\u0111e, protesti su se pro\u0161irili i na druge gradove, a ljudi su iza\u0161li da izraze svoj revolt i nezadovoljstvo u Bitoli, Prilepu, Kumanovu i Strumici poru\u010duju\u0107i policajcima da oni nisu neprijatelji ve\u0107 da je vlast ta koja je pravi i zajedni\u010dki neprijatelj. Vlast je odgovorila optu\u017euju\u0107i opoziciju da organizuje proteste i ubacuje nasilnike sa ciljem da stvori destabilizaciju u zemlji.<\/p>\n<p>Iako je bila prisutna na protestima, opozicija ni\u010dim nije pokazala svoje u\u010de\u0161\u0107e. Na optu\u017ebe vlasti, opozicija, ali i brojni analiti\u010dari i intelektualaci odgovaraju da je nasilje inscenirano od strane vlasti kako bi se stvorio stepen nereda koji bi joj omogu\u0107io da proglasi vanredno stanje, zabrani sve skupove i proteste, a time i onemogu\u0107i masovni protest koji je zakazala opozicija za 17. maja. Dva dana posle objavljivanja audio snimaka vezanih uz ubistva Ne\u0161kovskog, SDSM je objavio jo\u0161 sedam snimaka razgovora izme\u0111u ministarke Jankulovske, portparola Kotevskog i \u0161efa kabineta premijera Protu\u0111era vezanih uz saobra\u0107ajnu nesre\u0107u koja se desila krajem marta 2013. godine, a u kojoj je poginuo uticajni opozicijski novinar i vlasnik nedeljnika &#8220;Fokus&#8221;, Nikola Mladenov.<\/p>\n<p>Iz tih razgovora saznaje se da je istragu vodio istra\u017eni sudija koji uop\u0161te nema iskustva u toj oblasti, ali da se to ne\u0107e objaviti u javnost, da je telo tragi\u010dno preminulog novinara na\u0111eno preko lociranja signala njegovog mobilnog telefona, a policija je tokom istrage rekla da mobilni nikada nije prona\u0111en. \u010cuje se i da je na levoj strani karoserije automobila u kojim je poginuo Mladenov na\u0111ena boja drugog vozila, informacija koja do sada uop\u0161te nije bila poznata javnosti. Ovim audio snimkom poja\u010dane su sumnje da je vlast ume\u0161ana u pogibiju novinara koje su postojale jo\u0161 od trenutka njegove smrti. Opozicijski SDSM tra\u017ei ponovno otvaranje istrage oko smrti Nikole Mladenova, a sa ovim se deklarativno saglasio i VMRO-DPMNE.<\/p>\n<p><strong>Krvavi razvoj<\/strong><\/p>\n<p>Na \u017ealost, \u010detvorodnevni masovni demokratski protesti prekinuti su oru\u017eanim sukobom izme\u0111u policijskih snaga i, kako je objavila policija, grupe terorista. U subotu 9. maja rano ujutro policija je zapo\u010dela akciju u predgra\u0111u grada Kumanova blizu granice sa Srbijom. Policijska akcija je trajala ceo dan, a prema objavama policije u njoj je poginulo 8 policajaca, 37 je povre\u0111eno, dok je policija uhapsila oko 30 terorista i ubila njih 14. Odgovornost za ovaj sukob je preuzela Oslobodila\u010dka nacionalna armija, albanska oru\u017eana grupa koja je sudjelovala u sukobima u Makedoniji 2001. godine nakon kojih je raspu\u0161tena, a koja se sada ponovo pobunila zbog teroriziranja albanskog stanovni\u0161tva u Kumanovu od strane policije.<\/p>\n<p>Me\u0111utim u javnosti postoji mnogo skepse vezane uz tvrdnje policije i vlade. U reakcijama mnogi gra\u0111ani smatraju da je ovaj oru\u017eani sukob izre\u017eiran od strane vladaju\u0107e koalicije da bi odr\u017eala na vlasti, da su odnosi izme\u0111u Makedonaca i Albanaca zapravo dobri i ne postoji <span lang=\"sr-Latn-RS\">problem koji bi bio razlog za sukobe, a jos manje za teroristi\u010dki napad.<\/span> Predsednik \u0110or\u0111e Ivanov je prekinuo posetu Moskvi i ju\u010der sazvao sastanak Saveta bezbednosti, kojem je prisustvovao i opozicijski lider Zoran Zaev ali ne i lider najve\u0107e albanske stranke i \u010dlanice vladaju\u0107e koalicije Demokratske unije za integraciju (BDI) Ali Ahmeti. Posle 36 sati sukoba, tek se ju\u010der popodne oglasio premijer Gruevski koji je na konferenciji za novinare obavestio da su uni\u0161teni teroristi koji su hteli da napadnu dr\u017eavne institucije i zapretio da \u0107e svi koji &#8220;misle zlo Makedoniji&#8221; zavr\u0161iti kao ova razbijena grupa.<\/p>\n<p>Prenos konferencije prekinut je kad su novinari po\u010deli da postavljaju pitanja. A sukob je postavio mnoga pitanja, od toga da li su obave\u0161tajne slu\u017ebe zakazale u svom poslu, kako je uop\u0161te mogu\u0107e da toliko terorista u\u0111e na makedonsku teritoriju i smesti se neprimetno u gradu, da li je lo\u0161a kadrovska politika u MUP-u i masovno zapo\u0161ljavanje partijskih vojnika dovelo do smrti 8 pripadnika policije, za\u0161to je vlast akciju proglasila uspe\u0161nom, ako poginulo je toliko policajaca, gde su uslovi i zahtevi terorista i koji je njihov identitet, do toga da li je Makedonija popri\u0161te sukoba interesa velikih sila, SAD i Rusije. Mnogo je pitanja ostalo bez odgovora.<\/p>\n","protected":false},"excerpt":{"rendered":"<p>Tajno prislu\u0161kivani razgovori koje ve\u0107 mjsecima objavljuje makedonska opozicijska stranka Socijaldemokratski savez Makedonije (SDSM) kre\u0107u se od &#8220;manje zanimljivih&#8221; do onih koji sadr\u017ee dokaze o ubistvima koje je vladaju\u0107a koalicija poku\u0161ala da sakrije i nerazja\u0161njenim saobra\u0107ajnim udesima sa smrtnim&#8230;<\/p>\n","protected":false},"author":10,"featured_media":6817,"comment_status":"closed","ping_status":"closed","sticky":false,"template":"","format":"standard","meta":{"footnotes":""},"categories":[1],"tags":[25,33],"theme":[456],"country":[24],"articleformat":[450],"coauthors":[204],"class_list":["post-6816","post","type-post","status-publish","format-standard","has-post-thumbnail","hentry","category-uncategorized","tag-nacionalizam","tag-protest","theme-politika","country-makedonija","articleformat-tema"],"_links":{"self":[{"href":"https:\/\/www.bilten.org\/index.php?rest_route=\/wp\/v2\/posts\/6816","targetHints":{"allow":["GET"]}}],"collection":[{"href":"https:\/\/www.bilten.org\/index.php?rest_route=\/wp\/v2\/posts"}],"about":[{"href":"https:\/\/www.bilten.org\/index.php?rest_route=\/wp\/v2\/types\/post"}],"author":[{"embeddable":true,"href":"https:\/\/www.bilten.org\/index.php?rest_route=\/wp\/v2\/users\/10"}],"replies":[{"embeddable":true,"href":"https:\/\/www.bilten.org\/index.php?rest_route=%2Fwp%2Fv2%2Fcomments&post=6816"}],"version-history":[{"count":16,"href":"https:\/\/www.bilten.org\/index.php?rest_route=\/wp\/v2\/posts\/6816\/revisions"}],"predecessor-version":[{"id":6868,"href":"https:\/\/www.bilten.org\/index.php?rest_route=\/wp\/v2\/posts\/6816\/revisions\/6868"}],"wp:featuredmedia":[{"embeddable":true,"href":"https:\/\/www.bilten.org\/index.php?rest_route=\/wp\/v2\/media\/6817"}],"wp:attachment":[{"href":"https:\/\/www.bilten.org\/index.php?rest_route=%2Fwp%2Fv2%2Fmedia&parent=6816"}],"wp:term":[{"taxonomy":"category","embeddable":true,"href":"https:\/\/www.bilten.org\/index.php?rest_route=%2Fwp%2Fv2%2Fcategories&post=6816"},{"taxonomy":"post_tag","embeddable":true,"href":"https:\/\/www.bilten.org\/index.php?rest_route=%2Fwp%2Fv2%2Ftags&post=6816"},{"taxonomy":"theme","embeddable":true,"href":"https:\/\/www.bilten.org\/index.php?rest_route=%2Fwp%2Fv2%2Ftheme&post=6816"},{"taxonomy":"country","embeddable":true,"href":"https:\/\/www.bilten.org\/index.php?rest_route=%2Fwp%2Fv2%2Fcountry&post=6816"},{"taxonomy":"articleformat","embeddable":true,"href":"https:\/\/www.bilten.org\/index.php?rest_route=%2Fwp%2Fv2%2Farticleformat&post=6816"},{"taxonomy":"author","embeddable":true,"href":"https:\/\/www.bilten.org\/index.php?rest_route=%2Fwp%2Fv2%2Fcoauthors&post=6816"}],"curies":[{"name":"wp","href":"https:\/\/api.w.org\/{rel}","templated":true}]}}