{"id":5765,"date":"2015-03-27T12:25:25","date_gmt":"2015-03-27T11:25:25","guid":{"rendered":"http:\/\/www.bilten.org\/?p=5765"},"modified":"2015-03-27T12:54:14","modified_gmt":"2015-03-27T11:54:14","slug":"tuzlanska-dita-otisla-u-stecaj","status":"publish","type":"post","link":"https:\/\/www.bilten.org\/?p=5765","title":{"rendered":"Tuzlanska Dita oti\u0161la u ste\u010daj"},"content":{"rendered":"<p>Op\u0107inski sud u Tuzli pokrenuo je ste\u010daj nad fabrikom deterd\u017eenata Dita &#8220;nakon \u0161to su prestali va\u017eiti svi zakonski rokovi za odgodu ste\u010daja u ovoj fabrici. Vlast je, poru\u010duju razo\u010darani radnici, svjesno propustila priliku da spasi ovu fabriku&#8221;, javlja <a href=\"http:\/\/tuzlanski.ba\/radnici-razocarani-fabrika-deterdzenata-dita-odlazi-u-stecaj-video\/http:\/\/\" target=\"_blank\">Tuzlanski.ba<\/a>. Razlog pokretanja ste\u010daja je plate\u017ena nesposobnost i neizmirivanje obaveza od strane ste\u010dajnog du\u017enika.<\/p>\n<p>Ste\u010daj je pokrenut u trenutku kada je akumulirani gubitak prerastao visinu vrijednosti kapitala. Cijenu bi u kona\u010dnici mogli platiti radnici jer postoji mogu\u0107nost da \u0107e ostati bez pla\u0107a koje im poslodavac duguje. Problem se, izme\u0111u ostalog, nalazi i u Zakonu o ste\u010dajnom postupku koji je za radnike nepovoljan \u2013 na listi vjerovnika oni su naime tek \u010detvrti.<\/p>\n<p>D\u017eevad Mehmedovi\u0107, predsjednik Sindikata Dite isti\u010de glavne radni\u010dke probleme: \u201cpla\u0107e nismo dobili 40 mjeseci, sta\u017e nam nije uvezan 60 mjeseci. Prema zakonu o ste\u010daju koji je na snazi, \u010detvrti smo na mjestu za naplatu kao povjerioci\u201d.<\/p>\n<p>Ste\u010daj je pokrenut na zahtjev direktora Adnana \u0110idi\u0107a protiv kojeg je dr\u017eavno odvjetni\u0161tvo podiglo optu\u017enicu zbog zloupotrebe polo\u017eaja u Diti. Sa suda priop\u0107avaju kako \u0107e ste\u010dajni upravitelj polovinom ove godine provesti plan revitalizacije i pokrenuti proizvodnju. Radnici smatraju da se s postoje\u0107im kapacitetima odmah mo\u017ee pokrenuti proizvodnja u opsegu posla za 30 radnika na proizvodnji teku\u0107ih sapuna. Dita trenutno ima 119 radnih mjesta, \u0161to je radikalno smanjenje sa 786 radnika koliko je imala nakon rata. Radnici bili otkupili dionice ove firme, no direktor je uvijek bio politi\u010dki imenovan.<\/p>\n<p>Sobzirom na tr\u017ei\u0161nu vrijednost imovine Dite postoji bojazan da pokretanje proizvodnje poslodavcima nije u interesu. Zemlji\u0161te na kojem se ova firma nalazi obuhva\u0107a 82.000 \u010detvornih metara. Dita tako\u0111er ima i velike koli\u010dine zalih u sirovinama i proizvodima, no te se zalihe kontinuirano izvla\u010de iz firme i prodaju.<\/p>\n","protected":false},"excerpt":{"rendered":"<p>Op\u0107inski sud u Tuzli pokrenuo je ste\u010daj nad fabrikom deterd\u017eenata Dita &#8220;nakon \u0161to su prestali va\u017eiti svi zakonski rokovi za odgodu ste\u010daja u ovoj fabrici. Vlast je, poru\u010duju razo\u010darani radnici, svjesno propustila priliku da spasi ovu fabriku&#8221;, javlja Tuzlanski.ba. Razlog pokretanja ste\u010daja je plate\u017ena nesposobnost i neizmirivanje obaveza od strane ste\u010dajnog du\u017enika. Ste\u010daj je pokrenut [&hellip;]<\/p>\n","protected":false},"author":4,"featured_media":5768,"comment_status":"closed","ping_status":"closed","sticky":false,"template":"","format":"standard","meta":{"footnotes":""},"categories":[],"tags":[],"theme":[],"country":[],"articleformat":[205],"coauthors":[16],"class_list":["post-5765","post","type-post","status-publish","format-standard","has-post-thumbnail","hentry","articleformat-vijest"],"_links":{"self":[{"href":"https:\/\/www.bilten.org\/index.php?rest_route=\/wp\/v2\/posts\/5765","targetHints":{"allow":["GET"]}}],"collection":[{"href":"https:\/\/www.bilten.org\/index.php?rest_route=\/wp\/v2\/posts"}],"about":[{"href":"https:\/\/www.bilten.org\/index.php?rest_route=\/wp\/v2\/types\/post"}],"author":[{"embeddable":true,"href":"https:\/\/www.bilten.org\/index.php?rest_route=\/wp\/v2\/users\/4"}],"replies":[{"embeddable":true,"href":"https:\/\/www.bilten.org\/index.php?rest_route=%2Fwp%2Fv2%2Fcomments&post=5765"}],"version-history":[{"count":2,"href":"https:\/\/www.bilten.org\/index.php?rest_route=\/wp\/v2\/posts\/5765\/revisions"}],"predecessor-version":[{"id":5775,"href":"https:\/\/www.bilten.org\/index.php?rest_route=\/wp\/v2\/posts\/5765\/revisions\/5775"}],"wp:featuredmedia":[{"embeddable":true,"href":"https:\/\/www.bilten.org\/index.php?rest_route=\/wp\/v2\/media\/5768"}],"wp:attachment":[{"href":"https:\/\/www.bilten.org\/index.php?rest_route=%2Fwp%2Fv2%2Fmedia&parent=5765"}],"wp:term":[{"taxonomy":"category","embeddable":true,"href":"https:\/\/www.bilten.org\/index.php?rest_route=%2Fwp%2Fv2%2Fcategories&post=5765"},{"taxonomy":"post_tag","embeddable":true,"href":"https:\/\/www.bilten.org\/index.php?rest_route=%2Fwp%2Fv2%2Ftags&post=5765"},{"taxonomy":"theme","embeddable":true,"href":"https:\/\/www.bilten.org\/index.php?rest_route=%2Fwp%2Fv2%2Ftheme&post=5765"},{"taxonomy":"country","embeddable":true,"href":"https:\/\/www.bilten.org\/index.php?rest_route=%2Fwp%2Fv2%2Fcountry&post=5765"},{"taxonomy":"articleformat","embeddable":true,"href":"https:\/\/www.bilten.org\/index.php?rest_route=%2Fwp%2Fv2%2Farticleformat&post=5765"},{"taxonomy":"author","embeddable":true,"href":"https:\/\/www.bilten.org\/index.php?rest_route=%2Fwp%2Fv2%2Fcoauthors&post=5765"}],"curies":[{"name":"wp","href":"https:\/\/api.w.org\/{rel}","templated":true}]}}