{"id":5378,"date":"2015-03-12T11:35:59","date_gmt":"2015-03-12T10:35:59","guid":{"rendered":"http:\/\/www.bilten.org\/?p=5378"},"modified":"2015-03-12T15:07:29","modified_gmt":"2015-03-12T14:07:29","slug":"tranzicijski-mucenik-zoran-dindic","status":"publish","type":"post","link":"https:\/\/www.bilten.org\/?p=5378","title":{"rendered":"Tranzicijski mu\u010denik Zoran \u0110in\u0111i\u0107"},"content":{"rendered":"<p>Na dana\u0161nji dan prije dvanaest godina ubijen je premijer Srbije Zoran \u0110in\u0111i\u0107. Tom se prilikom, osim tradicionalnog mar\u0161a (odnosno gra\u0111anski formulirano &#8220;\u0161etnje\u201d), odr\u017eava i niz spomen-manifestacija sa sredi\u0161njom temom \u010deznutljive spekulacije oko toga kako bi Srbija izgledala da je \u0110in\u0111i\u0107 &#8220;ostao \u017eiv\u201d. Takva se ma\u0161tarenja doista dobro nastavljaju i na politi\u010dku retoriku samog \u0110in\u0111i\u0107a, koji je mitologijsku politi\u010dku viziju uglavnom &#8220;obja\u0161njavao&#8221; enigmati\u010dnim poslovicama.<\/p>\n<p>Prema vlastitom pri\u010danju, na studij u Njema\u010dkoj je sedamdesetih oti\u0161ao kao <a href=\"http:\/\/www.e-novine.com\/srbija\/srbija-licnosti\/28517-levog-anarhiste-premijera.html\" target=\"_blank\">anarhist<\/a>, da bi se kasnih osamdesetih vratio u Srbiju kao <a href=\"http:\/\/pescanik.net\/smitova-ideja-suverene-diktature-u-delima-zorana-dindica\/\" target=\"_blank\">pristalica<\/a> glavnog pravnog teoreti\u010dara Tre\u0107eg Rajha Carla Schmitta. Po povratku se uklju\u010dio u novoosnovanu antikomunisti\u010dku Demokratsku stranku u \u010dijim je redovima brzo napredovao. Zajedno s ostatkom tada\u0161nje srpske <a href=\"http:\/\/www.bilten.org\/wp-content\/uploads\/2015\/03\/640007_19-30.jpg\" target=\"_blank\">opozicije<\/a>, \u0110in\u0111i\u0107 je svoju borbu protiv re\u017eima Slobodana Milo\u0161evi\u0107a devedesetih formulirao prije svega kao borbu protiv ostataka socijalizma \u0161to je u razli\u010ditim varijantama preuzimalo i formu mitske civilizacijske bitke izme\u0111u Zapada i Istoka.<\/p>\n<p><strong>Srpske dr\u017eave<\/strong><\/p>\n<p>Suprotno naknadnim <a href=\"http:\/\/www.e-novine.com\/intervju\/intervju-kultura\/64990-Zbog-vas-smo-ubili-Zorana-inia.html\" target=\"_blank\">\u017eitijama<\/a>, njegova je politi\u010dka platforma (uz sna\u017enu privatizaciju i euroatlantske integracije) uklju\u010divala i <a href=\"http:\/\/www.bilten.org\/?p=1823\" target=\"_blank\">retradicionalizaciju<\/a> dru\u0161tva kroz politi\u010dke odluke kao \u0161to su postepena rehabilitacija <a href=\"http:\/\/www.bilten.org\/wp-content\/uploads\/2015\/03\/djindjic-seselj.jpg\" target=\"_blank\">\u010detnika<\/a> i uvo\u0111enje vjeronauka. \u0110in\u0111i\u0107 je devedesetih tako\u0111er bio sna\u017eni pristalica &#8220;nacionalne&#8221; umjesto &#8220;gra\u0111anske&#8221; dr\u017eave, tvrde\u0107i (sli\u010dno Franji Tu\u0111manu) kako su samo takve dr\u017eave odr\u017eive u suvremenom svijetu, pa se sukladno tome <a href=\"https:\/\/www.youtube.com\/watch?v=zWh7J5L_kSc\" target=\"_blank\">zalagao<\/a> i za preoblikovanje tada\u0161nje SR Jugoslavije u &#8220;Savez srpskih dr\u017eava&#8221; kojem bi, osim Srbije i Crne Gore, &#8220;za po\u010detak&#8221; bila priklju\u010dena i Republika Srpska.<\/p>\n<p>Kao dosljedni opozicionar i pristalica nacionalne dr\u017eave, \u0110in\u0111i\u0107 je iskoristio privremenu sva\u0111u izme\u0111u Milo\u0161evi\u0107a i Radovana Karad\u017ei\u0107a da bi <a href=\"http:\/\/www.bilten.org\/wp-content\/uploads\/2015\/03\/zoran_na_palama.jpg\" target=\"_blank\">posjetom<\/a> Palama u vrijeme opsade Sarajeva razvijao odnose srbijanske opozicije s vodstvom Republike Srpske. Njegov prvi politi\u010dki uspjeh bila je kratkotrajna funkcija gradona\u010delnika Beograda 1997. godine koju je iskoristio kako bi u specifi\u010dnoj mitologijskoj interpretaciji historije Srba diferencirao prave &#8220;napredne Beogra\u0111ane&#8221; od &#8220;ba\u0161ibozluka i lumpenproleterijata, koji je do\u0161ao divlji iz \u0161ume&#8221;, a koji jedva \u010deka priliku da &#8220;se uroti s kojekakvim gologuzanima &#8211; tamo na periferiji, negdje u njihovim selima&#8221; i krene &#8220;u plja\u010dku&#8221;.<\/p>\n<p><strong>Gutanje \u017eaba<\/strong><\/p>\n<p>Nakon smjene Milo\u0161evi\u0107a i izbora 2000., \u0110in\u0111i\u0107 u politi\u010dkom dogovoru s Vojislavom Ko\u0161tunicom postaje premijer i zapo\u010dinje intenzivnu kampanju &#8220;druge&#8221; privatizacije. U periodu od svega tri godine privatizirano je gotovo 1400 tvrtki, od kojih su mnoge &#8220;restrukturirane&#8221; dr\u017eavnim novcem prije prodaje. Nezaposlenost je prvi put porasla preko 20%, a procjenjuje se i da je 35% zaposlenih radilo u sivoj ekonomiji. \u0110in\u0111i\u0107 je te &#8220;nu\u017ene reforme&#8221; opravdavao <a href=\"http:\/\/www.blic.rs\/Vesti\/Politika\/383943\/Od-Djindjica-do-Vucica-11-godina-gutanja-zaba\" target=\"_blank\">antologijskim<\/a> aforizmom: &#8220;Ako mora\u0161 da proguta\u0161 \u017eabu, nemoj da je mnogo gleda\u0161, progutaj je odmah. Ako mora\u0161 da proguta\u0161 nekoliko \u017eaba, najve\u0107u progutaj prvu.&#8221;<\/p>\n<p>Liberalni su <a href=\"http:\/\/www.slobodnaevropa.org\/content\/oliver-frljic-dvostruka-zloupotreba-djindjica\/24924350.html\" target=\"_blank\">hagiografi<\/a> nakon atentata 2003. konstruirali nikad dokazanu teoriju o tome kako je \u0110in\u0111i\u0107evo ubojstvo naru\u010dila &#8220;mafija&#8221; da bi zaustavila reforme, ignoriraju\u0107i kako je \u0110in\u0111i\u0107, prema vlastitom <a href=\"http:\/\/www.vreme.com\/arhiva_html\/472\/05.html\" target=\"_blank\">priznanju<\/a>, bio prijatelj \u017deljka Ra\u017enatovi\u0107a Arkana, mafija\u0161a i vo\u0111e paravojske u ratovima u regiji ubijenog koju godinu ranije. Jo\u0161 va\u017enije, &#8220;Zoranove reforme&#8221; nisu zaustavljene. Dana\u0161nji su vladaju\u0107i naprednjaci, ba\u0161 kao i premijer-mu\u010denik, napustili svoju doju\u010dera\u0161nju nacionalnu retoriku da bi &#8220;suverenom diktaturom&#8221; omogu\u0107ili europske integracije i neoliberalne reforme.<\/p>\n","protected":false},"excerpt":{"rendered":"<p>Na dana\u0161nji dan prije dvanaest godina ubijen je premijer Srbije Zoran \u0110in\u0111i\u0107. Tom se prilikom, osim tradicionalnog mar\u0161a (odnosno gra\u0111anski formulirano &#8220;\u0161etnje\u201d), odr\u017eava i niz spomen-manifestacija sa sredi\u0161njom temom \u010deznutljive spekulacije oko toga kako bi Srbija izgledala da je \u0110in\u0111i\u0107 &#8220;ostao \u017eiv\u201d. Takva se ma\u0161tarenja doista dobro nastavljaju i na politi\u010dku retoriku samog \u0110in\u0111i\u0107a, koji [&hellip;]<\/p>\n","protected":false},"author":10,"featured_media":5383,"comment_status":"closed","ping_status":"closed","sticky":false,"template":"","format":"standard","meta":{"footnotes":""},"categories":[],"tags":[],"theme":[],"country":[],"articleformat":[205],"coauthors":[16],"class_list":["post-5378","post","type-post","status-publish","format-standard","has-post-thumbnail","hentry","articleformat-vijest"],"_links":{"self":[{"href":"https:\/\/www.bilten.org\/index.php?rest_route=\/wp\/v2\/posts\/5378","targetHints":{"allow":["GET"]}}],"collection":[{"href":"https:\/\/www.bilten.org\/index.php?rest_route=\/wp\/v2\/posts"}],"about":[{"href":"https:\/\/www.bilten.org\/index.php?rest_route=\/wp\/v2\/types\/post"}],"author":[{"embeddable":true,"href":"https:\/\/www.bilten.org\/index.php?rest_route=\/wp\/v2\/users\/10"}],"replies":[{"embeddable":true,"href":"https:\/\/www.bilten.org\/index.php?rest_route=%2Fwp%2Fv2%2Fcomments&post=5378"}],"version-history":[{"count":12,"href":"https:\/\/www.bilten.org\/index.php?rest_route=\/wp\/v2\/posts\/5378\/revisions"}],"predecessor-version":[{"id":5416,"href":"https:\/\/www.bilten.org\/index.php?rest_route=\/wp\/v2\/posts\/5378\/revisions\/5416"}],"wp:featuredmedia":[{"embeddable":true,"href":"https:\/\/www.bilten.org\/index.php?rest_route=\/wp\/v2\/media\/5383"}],"wp:attachment":[{"href":"https:\/\/www.bilten.org\/index.php?rest_route=%2Fwp%2Fv2%2Fmedia&parent=5378"}],"wp:term":[{"taxonomy":"category","embeddable":true,"href":"https:\/\/www.bilten.org\/index.php?rest_route=%2Fwp%2Fv2%2Fcategories&post=5378"},{"taxonomy":"post_tag","embeddable":true,"href":"https:\/\/www.bilten.org\/index.php?rest_route=%2Fwp%2Fv2%2Ftags&post=5378"},{"taxonomy":"theme","embeddable":true,"href":"https:\/\/www.bilten.org\/index.php?rest_route=%2Fwp%2Fv2%2Ftheme&post=5378"},{"taxonomy":"country","embeddable":true,"href":"https:\/\/www.bilten.org\/index.php?rest_route=%2Fwp%2Fv2%2Fcountry&post=5378"},{"taxonomy":"articleformat","embeddable":true,"href":"https:\/\/www.bilten.org\/index.php?rest_route=%2Fwp%2Fv2%2Farticleformat&post=5378"},{"taxonomy":"author","embeddable":true,"href":"https:\/\/www.bilten.org\/index.php?rest_route=%2Fwp%2Fv2%2Fcoauthors&post=5378"}],"curies":[{"name":"wp","href":"https:\/\/api.w.org\/{rel}","templated":true}]}}