{"id":47512,"date":"2024-09-19T09:54:05","date_gmt":"2024-09-19T08:54:05","guid":{"rendered":"https:\/\/www.bilten.org\/?p=47512"},"modified":"2024-12-01T23:25:02","modified_gmt":"2024-12-01T22:25:02","slug":"nacionalno-samoodredenje-u-doba-klasne-razmazenosti","status":"publish","type":"post","link":"https:\/\/www.bilten.org\/?p=47512","title":{"rendered":"Nacionalno samoodre\u0111enje u doba klasne razma\u017eenosti"},"content":{"rendered":"\n<p>Ako netko prilikom poja\u0161njavanja izjava i stavova posegne za svojevrsnom prevencijom na\u010dina njihova razumijevanja i upozori da ti stavovi nisu ni rasisti\u010dki ni nacionalisti\u010dki, zasigurno treba podi\u0107i stupanj opreznosti pri razumijevanju tih stavova. A ako pritom doda da su takva razumijevanja manipulatorska, onda s prili\u010dnom izvjesno\u0161\u0107u mo\u017eemo ustvrditi i prije provjere da su barem odre\u0111ene doze rasizma i nacionalizma prisutne u tim stavovima. Pritom je mogu\u0107e da je govornik svjestan da je na skliskom terenu i da sam nije siguran sadr\u017ee li njegovi stavovi te doze, a sasvim je mogu\u0107e i da zna da sadr\u017ee, ali ih pravda. Dva su opravdanja mogu\u0107a: ili su kriteriji u procjeni doza prerigidni i preo\u0161tri ili politi\u010dki realizam ne nudi alternativu.<\/p>\n\n\n\n<p>Predsjednik Republike Hrvatske Zoran Milanovi\u0107 posegnuo je nekidan za drugim opravdanjem nakon izre\u010denog <a href=\"https:\/\/www.jutarnji.hr\/vijesti\/hrvatska\/treba-zaustaviti-tu-praksu-sa-stranim-radnicima-i-ne-to-nije-ni-rasizam-niti-nacionalizam-15502068\" data-type=\"link\" data-id=\"https:\/\/www.jutarnji.hr\/vijesti\/hrvatska\/treba-zaustaviti-tu-praksu-sa-stranim-radnicima-i-ne-to-nije-ni-rasizam-niti-nacionalizam-15502068\">stava<\/a> po kojem bi trebalo zaustaviti navodno nekontroliranu imigraciju strane radne snage. Milanovi\u0107evo obrazlo\u017eenje je zanimljivo jer sadr\u017ei i kulturne i ekonomske elemente. Preciznije, pro\u017eima ih kao me\u0111uovisne i nudi rje\u0161enje u sklopu optimalne verzije pro\u017eimanja. Spomenuti realizam Milanovi\u0107evih teza sazdan je upravo od ekonomskih elemenata koji su i ina\u010de uvijek tu da odre\u0111enom dru\u0161tveno-politi\u010dkom pitanju priskrbe status realisti\u010dnog i neke varijante hrvatskog prava na samoodre\u0111enje koje vi\u0161e nije ugro\u017eeno imperijalnim pretenzijama ove ili one vrste, ili imaginacijama ove ili one vrste, ve\u0107 dinamikom globalnog tr\u017ei\u0161ta rada i globalne podjele rada. U ne\u0161to politi\u010dki prozai\u010dnijoj varijanti, Milanovi\u0107ev realizam ogleda se u reakciji desnih portala i udruga koji su ga upozorili da su oni isto to govorili 2015. godine kad je on bio premijer i otvorenih ruku do\u010dekivao izbjeglice. Kako bi rekli bra\u0107a Srbi, naravou\u010denije: politi\u010dki realizam ovisi o ideolo\u0161kim odnosima mo\u0107i, a ne o nekakvom vje\u010dnom kompasu koji ga mjeri uvijek istim, neutralnim kriterijima.<\/p>\n\n\n\n<p>Vratimo se na same izjave i krenimo prvo od dna. \u010cim spominje\u0161 tu\u0161iranje u kontekstu razlika izme\u0111u kultura i rasa te\u0161ko da te i\u0161ta mo\u017ee oprati od implicitnog rasizma. Tomislav Klau\u0161ki ve\u0107 je <a href=\"https:\/\/www.24sata.hr\/news\/politika-sapuna-i-parfema-milanovic-insinuira-da-se-strani-radnici-u-hrvatskoj-ne-tusiraju-1004608\">primijetio<\/a> obrazac u Milanovi\u0107evom posezanju za higijenskim standardima u obrazlo\u017eenjima politi\u010dkih i kulturnih razlika, tako da se ovdje nije potrebno iscrpnije time baviti. Usredoto\u010dit \u0107emo se na spomenutu kombinaciju ekonomskih i kulturnih elemenata. Milanovi\u0107, dakle, smatra da su potrebne odre\u0111ene ekonomske promjene kako bi sa\u010duvali hrvatsku kulturu ili na\u0161e pravo na samoodre\u0111enje. Naime, Milanovi\u0107 smatra da su Hrvati u zna\u010dajnoj mjeri sami krivi za opasnost koja nam prijeti. Izgleda da su se razmazili i zamislili da svi zaslu\u017euju klasno avansiranje. Shodno tome, nitko vi\u0161e ne\u0107e da radi podcijenjene manualne poslove i poslodavci su prisiljeni uvoziti radnike iz Azije kojima, eto, to nije ispod \u010dasti.<\/p>\n\n\n\n<p>Optu\u017eba za klasnu razma\u017eenost glasti: &#8220;Sla\u017eem se s izjavom koju sam danas ovdje \u010duo da ne trebaju sva na\u0161a djeca biti doktori i in\u017eenjeri. Na\u0161a djeca ili na\u0161i unuci nisu nikakva vi\u0161a bi\u0107a koja ne mogu i ne trebaju raditi one poslove za koje se uvode ljudi iz inozemstva.&#8221; Faktografska pozadina ove optu\u017ebe prili\u010dno je klimava. Milanovi\u0107 sugerira da u Hrvatskoj nema klasnih razlika i da si svatko mo\u017ee birati karijeru bez obzira na socijalnu pozadinu. Zanemaruje prostu \u010dinjenicu da nam itekako nedostaje samih doktora, kao i to da na\u0161a djeca u nekom drugom inozemstvu rade te neatraktivne poslove. A i da se nekako uspije usaditi klasna krivnja na\u0161oj omladini i pristanu raditi one poslove za koje su mislili da su ih nadi\u0161li, opet bi nam naprosto nedostajalo ljudi.<\/p>\n\n\n\n<p>No, ostavimo po strani faktografsku pozadinu i pravimo se na\u010das, politi\u010dko-ideolo\u0161kih razloga radi, da je ovaj Milanovi\u0107ev <em>sequel<\/em> nacionalnog samoodre\u0111enja ostvariv. Na raspolaganju su nam dvije opcije. Prvu mo\u017eemo nazvati &#8220;maoisti\u010dkom&#8221;, preuzimaju\u0107i standardne kli\u0161eje koji idu uz tu etiketu. Rje\u0161enje je, dakle, da mlade prisilno odvojimo od pri\u017eeljkivane pozicije na tr\u017ei\u0161tu rada i koli\u010dine socijalnog kapitala, te ih po\u0161aljemo na rad na gra\u0111evini, u poljoprivredi i gdje ve\u0107 postoji potreba. Dostave hrane bi mogli zabraniti kao bur\u017eujski luksuz. Pored te politi\u010dke, postoji navodno i &#8220;ekonomska&#8221; opcija, kojoj je, \u010dini se, Milanovi\u0107 ne\u0161to skloniji. Trebalo bi nekako nagovoriti poslodavce da stimuliraju prelazak mladih na neatraktivne poslove tako da zna\u010dajno povise pla\u0107e na tim radnim mjestima. Izgleda da je to nedavno poru\u010dio stranim investitorima. Ne znamo kako priop\u0107iti svu uzaludnost takvog nagovaranja. Posezanje za ekonomskim argumentima kako bi se izbjeglo optu\u017ebe za rasizam uglavnom zaka\u017ee, i na ekonomskoj i na politi\u010dkoj razini.<\/p>\n\n\n\n<p><a href=\"https:\/\/www.bilten.org?author_name=marko-kostanic\">Marko Kostani\u0107<\/a> \/ 26.09.2024.<\/p>\n\n\n\n<p>Na repertoaru tuma\u010denja dru\u0161tvenih i politi\u010dkih trendova u posljednjih desetak godina sigurna je oklada bila posezanje za konceptom dru\u0161tvenih balona ili eho komora. Radi se o u\u010dinku dru\u0161tvenih mre\u017ea koji korisnicima, ali i politi\u010darima i ideolozima, servira la\u017eni dojam politi\u010dke prevlasti ili relevantnosti, ovisno o ambicijama. \u017drtvama tih u\u010dinaka uglavnom su se progla\u0161avali liberali i ljevi\u010dari kojima dinamika dru\u0161tvenih mre\u017ea nije dopu\u0161tala da vide stvarnu sliku svijetu. I zbog toga su, glasi uvrije\u017eeni narativ, bili nepripremljeni na rast ekstremne desnice. Me\u0111utim, sada je ta desnica narasla i \u010dini se da se na\u0161la u sli\u010dnim problemima. Da su se uloge na neki na\u010din zamijenile.<\/p>\n\n\n\n<p>Talijanski sociolog Paolo Gerbaudo prvi je, izgleda, <a href=\"https:\/\/www.theguardian.com\/commentisfree\/2024\/sep\/25\/elon-musk-twitter-online-democrats-social-media-republicans\">detektirao<\/a> i razlo\u017eio tu zamjenu uloga. Gerbaudo periodizira dinamiku ritmom kampanja za ameri\u010dke predsjedni\u010dke izbore. Ako je na liberalnoj strani vrhunac deluzije i samozadovoljstva bila 2016. godina, desnica u tim blagodatima u\u017eiva trenutno. Do tog je statusa do\u0161la postupnom prevla\u0161\u0107u desnih influensera na svim dru\u0161tvenim mre\u017eama. Hegemoniju na dru\u0161tvenim mre\u017eama, da iskoristimo Gerbaudov izraz, osigurala joj je i pristranost algoritama koji preferiraju radikalnije sadr\u017eaje. A cementirana je potezom Elona Muska koji je kupio Twitter, mre\u017eu ina\u010de percipiranu kao politi\u010dki najrelevantniju i novinarski najozbiljniju, kao svojevrsni slu\u017ebeni prostor za online rasprave. Danas tom mre\u017eom prevladavaju ekstremno desni sadr\u017eaji.<\/p>\n\n\n\n<p>Gerbaudo isti\u010de tri faktora u Muskovoj transformaciji Twittera ili po novome X-a. Prvi i najbanalniji ti\u010de se algoritamske privilegiranosti vlastitog naloga koja po nekim izra\u010dunima tisu\u0107u puta nadma\u0161uje doseg ostalih naloga. Drugi je faktor reaktivacija desetaka tisu\u0107a isklju\u010denih naloga, uklju\u010duju\u0107i brojne nacisti\u010dke i ostale ekstremno desne naloge. Kao rezultat tih trendova nastao je bojkot mre\u017ee na liberalnoj i lijevoj strani. I kao tre\u0107i faktor isti\u010de se uvo\u0111enje kupnje \u201cplavih kva\u010dica\u201d za kojom su posegnuli uglavni desni korisnici i koji u raspravama uvijek iska\u010du na samom vrhu. Muskovo preuzimanje Twittera rezultiralo je sna\u017enom ideolo\u0161kom transformacijom mre\u017ee, ali i vjerojatnim rastom razine zablude: desnica je danas previ\u0161e online.<\/p>\n\n\n\n<p>Naime, kao \u0161to je (lijevim) liberalima zbog u\u010dinka dru\u0161tvenih mre\u017ea promicala stvarna slika svijeta u kojem \u017eive ljudi s nekim druk\u010dijim potrebama i strahovima, ali i stavovima, tako i (ekstremnoj) desnici promi\u010de sklonost umjerenosti ve\u0107inskog dijela bira\u010dkog tijela. Gerbaudo isti\u010de istra\u017eivanja koja pokazuju da su bira\u010di uvijek manje radikalni od strana\u010dkih kadrova. Me\u0111utim, u kontekstu prevlasti na dru\u0161tvenim mre\u017eama i simulacije plebiscitarne demokracije koju mre\u017ee \u201cre\u017eiraju\u201d, lako se pomisli da su stavovi ve\u0107ine zna\u010dajno promijenili i da su pri\u010de o Hai\u0107anima koji jedu ku\u0107ne ljubimce ili mizogina poni\u017eavanja Taylor Swift ne\u0161to \u0161to \u0107e glasa\u010dka baza bezuvjetno prihvatiti. Brzina kojom bizarne pri\u010de iz podzemlja dru\u0161tvenih mre\u017ea dolaze do usta predsjedni\u010dkih kandidata sugerira da desnica danas prebiva u velikoj reakcionarno eho komori. I da bi se sna\u017ena ulaganja u dru\u0161tvene mre\u017ee i online komunikaciju, ispravno procijenjena kao nu\u017ena, mogla obiti o glavu. To ne zna\u010di da \u0107e naprosto ekstremna desnica propasti ve\u0107 da su se zbog efekta dru\u0161tvenih mre\u017ea precijenili. Za ne\u0161to vi\u0161e od mjesec dana interesantna Gerbaudova teza bit \u0107e na prvom testu.<\/p>\n\n\n\n<p><em>Ovaj tekst sufinanciran je sredstvima Fonda za poticanje raznovrsnosti i pluralizma elektroni\u010dkih medija.<\/em><\/p>\n","protected":false},"excerpt":{"rendered":"<p>Ako netko prilikom poja\u0161njavanja izjava i stavova posegne za svojevrsnom prevencijom na\u010dina njihova razumijevanja i upozori da ti stavovi nisu ni rasisti\u010dki ni nacionalisti\u010dki, zasigurno treba podi\u0107i stupanj opreznosti pri razumijevanju tih stavova. A ako pritom doda da su takva razumijevanja manipulatorska, onda s prili\u010dnom izvjesno\u0161\u0107u mo\u017eemo ustvrditi i prije provjere da su barem odre\u0111ene [&hellip;]<\/p>\n","protected":false},"author":5,"featured_media":46667,"comment_status":"closed","ping_status":"closed","sticky":false,"template":"","format":"standard","meta":{"footnotes":""},"categories":[454],"tags":[46],"theme":[456],"country":[38],"articleformat":[205],"coauthors":[90],"class_list":["post-47512","post","type-post","status-publish","format-standard","has-post-thumbnail","hentry","category-naslovnica","tag-migracije","theme-politika","country-hrvatska","articleformat-vijest"],"_links":{"self":[{"href":"https:\/\/www.bilten.org\/index.php?rest_route=\/wp\/v2\/posts\/47512","targetHints":{"allow":["GET"]}}],"collection":[{"href":"https:\/\/www.bilten.org\/index.php?rest_route=\/wp\/v2\/posts"}],"about":[{"href":"https:\/\/www.bilten.org\/index.php?rest_route=\/wp\/v2\/types\/post"}],"author":[{"embeddable":true,"href":"https:\/\/www.bilten.org\/index.php?rest_route=\/wp\/v2\/users\/5"}],"replies":[{"embeddable":true,"href":"https:\/\/www.bilten.org\/index.php?rest_route=%2Fwp%2Fv2%2Fcomments&post=47512"}],"version-history":[{"count":2,"href":"https:\/\/www.bilten.org\/index.php?rest_route=\/wp\/v2\/posts\/47512\/revisions"}],"predecessor-version":[{"id":47709,"href":"https:\/\/www.bilten.org\/index.php?rest_route=\/wp\/v2\/posts\/47512\/revisions\/47709"}],"wp:featuredmedia":[{"embeddable":true,"href":"https:\/\/www.bilten.org\/index.php?rest_route=\/wp\/v2\/media\/46667"}],"wp:attachment":[{"href":"https:\/\/www.bilten.org\/index.php?rest_route=%2Fwp%2Fv2%2Fmedia&parent=47512"}],"wp:term":[{"taxonomy":"category","embeddable":true,"href":"https:\/\/www.bilten.org\/index.php?rest_route=%2Fwp%2Fv2%2Fcategories&post=47512"},{"taxonomy":"post_tag","embeddable":true,"href":"https:\/\/www.bilten.org\/index.php?rest_route=%2Fwp%2Fv2%2Ftags&post=47512"},{"taxonomy":"theme","embeddable":true,"href":"https:\/\/www.bilten.org\/index.php?rest_route=%2Fwp%2Fv2%2Ftheme&post=47512"},{"taxonomy":"country","embeddable":true,"href":"https:\/\/www.bilten.org\/index.php?rest_route=%2Fwp%2Fv2%2Fcountry&post=47512"},{"taxonomy":"articleformat","embeddable":true,"href":"https:\/\/www.bilten.org\/index.php?rest_route=%2Fwp%2Fv2%2Farticleformat&post=47512"},{"taxonomy":"author","embeddable":true,"href":"https:\/\/www.bilten.org\/index.php?rest_route=%2Fwp%2Fv2%2Fcoauthors&post=47512"}],"curies":[{"name":"wp","href":"https:\/\/api.w.org\/{rel}","templated":true}]}}