{"id":47492,"date":"2024-09-16T11:40:33","date_gmt":"2024-09-16T10:40:33","guid":{"rendered":"https:\/\/www.bilten.org\/?p=47492"},"modified":"2024-09-17T09:11:45","modified_gmt":"2024-09-17T08:11:45","slug":"prazne-rijeci-ekstremne-desnice","status":"publish","type":"post","link":"https:\/\/www.bilten.org\/?p=47492","title":{"rendered":"Prazne rije\u010di ekstremne desnice"},"content":{"rendered":"\n<p>U istra\u017eiva\u010dkom izvje\u0161taju &#8220;<a href=\"https:\/\/www.etui.org\/sites\/default\/files\/2024-08\/Talking%20left%2C%20voting%20right-an%20assessment%20of%20far-right%20voting%20on%20socio-economic%20issues%20in%20the%20European%20Parliament_2024.pdf\">Talking left, voting right<\/a>&#8221; politolozi Gabriela Greilinger i Cas Mudde sa Sveu\u010dili\u0161ta u Georgiji analizirali su retoriku ekstremno desnih europskih stranaka i usporedili je s njihovim socio-ekonomskim programom, odnosno stvarnim stavovima o radni\u010dkim i socijalnim pravima. Autori su krenuli od toga da stranke ekstremne desnice sve vi\u0161e usvajaju pro-socijalni stav, odnosno da govore o jakoj socijalnoj dr\u017eavi i predstavljaju se kao &#8220;pravi&#8221; zastupnici radni\u010dke klase i siroma\u0161nih. Dodu\u0161e, pritom se ekstremna desnica brine samo za &#8220;vlastiti&#8221; narod, to jest za bijele radnike u tradicionalnim industrijama, pa su tako neki autori njihov politi\u010dki program nazvali \u0161ovinizmom blagostanja.<\/p>\n\n\n\n<p>Me\u0111utim, kada bi to i mimo retorike bila istina, onda bi se stranke ekstremne desnice trebale zalagati za politike poput npr. pove\u0107anja minimalne pla\u0107e, ja\u010deg oporezivanja korporacija i ja\u010danja radni\u010dkih prava za platformske radnike. Me\u0111utim, dok se o ideologiji i retorici ekstremne desnice puno pi\u0161e, gotovo da i nema istra\u017eivanja o dru\u0161tveno-ekonomskim programima koji te stranke zastupaju. Greilinger i Mudde ispitali su poklapa li se retorika sa stvarnim programom stranaka ekstremne desnice na primjeru glasovanja u Europskom parlamentu. Analizirali su glasove svih stranaka ekstremne desnice koje su bile zastupljene u sastavu Europskog parlamenta u periodu 2019.-2024. o osam klju\u010dnih to\u010daka o kojima se glasalo u zadnje tri godine: to su Direktiva Vije\u0107a o osiguravanju globalne minimalne razine oporezivanja za multinacionalne tvrtke, Direktiva o transparentnosti pla\u0107a; Direktiva o adekvatnim minimalnim pla\u0107ama, Direktiva o platformskom radu, Rezolucija Europskog parlamenta o ja\u010danju socijalnog dijaloga, Rezolucija Europskog parlamenta o kvalitetnom pripravni\u0161tvu u EU, Direktiva o korporativnoj odr\u017eivosti i Rezolucija o Planu za socijalnu Europu. Ovih osam glasova odabrani su kao dobar indikator stavova ekstremne desnice o radni\u010dkim i socijalnim pravima.<\/p>\n\n\n\n<p>U izvje\u0161taju napravljenom pro\u0161li mjesec za Europski sindikalni institut (ETUI) autori su se posebno osvrnuli na dvije ekstremno desne grupe u Europskom parlamentu: sada raspu\u0161tenu skupinu Identitet i demokracija (ID), u kojoj se nalazi Nacionalno okupljanje Marine Le Pen, i Europske konzervativce i reformiste (ECR) kojima dominira stranka Giorgie Meloni, Bra\u0107a Italije. Analizirali su i ma\u0111arsku stranku Fidesz Viktora Orb\u00e1na koja je na \u010delu novih Patriota za Europu (PfE), grupe koja je formirana kao neslu\u017ebeni nasljednik ID-a nakon europskih izbora ovog ljeta.<\/p>\n\n\n\n<p>Da vas ne dr\u017eimo u i\u0161\u010dekivanju: rezultati su pokazali da stranke ekstremne desnice ne podr\u017eavaju radni\u010dka i socijalna prava, kao i da im ta pitanja uop\u0107e nisu me\u0111u politi\u010dkim prioritetima. Osim nekoliko izuzetaka, ekstremna desnica ne podr\u017eava radni\u010dka prava na europskoj razini. Obrasci glasovanja pokazali su da su stranke iz ID-a posebno odbacile prijedloge pove\u0107anja minimalne pla\u0107e, kvalitetna pripravni\u0161tva, transparentnost pla\u0107a i direktivu o odr\u017eivosti korporacija. Stranke ECR-a bile su posebno neprijateljski raspolo\u017eene prema transparentnosti pla\u0107a i za\u0161titi platformskih radnika, kao i prema direktivi o korporativnoj odr\u017eivosti. Unato\u010d &#8220;socijalnoj&#8221; pri\u010di, ekstremna desnica glasuje kao desnica kada se radi o socio-ekonomskim pitanjima. Iako su se regionalne razlike me\u0111u strankama pokazale kao relativno male, stranke ekstremne desnice u sjevernoj Europi posebno su sklone &#8220;desnom&#8221; glasanju o dru\u0161tveno-ekonomskim pitanjima, odnosno odbijanju prijedloga o ja\u010danju radni\u010dkih i socijalnih prava.<\/p>\n\n\n\n<p>Drugi je va\u017ean rezultat istra\u017eivanja neusugla\u0161enost stranaka ekstremne desnice prilikom glasanja o radni\u010dkim i socijalnim pravima, odnosno tzv. slaba glasa\u010dka disciplina. Za primjer, stranke unutar grupa ID i ECR glasuju razli\u010dito i neuskla\u0111eno po pitanjima oporezivanja multinacionalnih kompanija i adekvatnih minimalnih pla\u0107a \u2013 neke su za, neke su protiv, a mnoge suzdr\u017eane. Za usporedbu, stranke drugih grupa u Europskom parlamentu poput grupe S&amp;D glasuju gotovo jednoglasno po tim pitanjima. A do kojih tema je ekstremnoj desnici stalo vidi se, na primjer, po jednoglasnom odbijanju rezolucije o azilu i upravljanju migracijama u travnju ove godine.<\/p>\n\n\n\n<p>Sve u svemu, analiza je pokazala da radni\u010dka i socijalna prava, unato\u010d pri\u010di, nisu ne\u0161to do \u010dega stranke ekstremne desnice dr\u017ee, \u010dak ni kada se radi o &#8220;njihovom&#8221; narodu. Prikaz ekstremne desnice kao pro-radni\u010dke (iako \u0161ovinisti\u010dke) u velikom broju slu\u010dajeva je pogre\u0161an. Kad se ispita stvarni politi\u010dki program stranaka ekstremne desnice, situacija je jasna. Ekstremna desnica nije desnica samo po pitanju migracija, azila i stavova o poba\u010daju, ve\u0107 je i antiradni\u010dka.<\/p>\n\n\n\n<p><em>Ovaj tekst sufinanciran je sredstvima Fonda za poticanje raznovrsnosti i pluralizma elektroni\u010dkih medija.<\/em><\/p>\n","protected":false},"excerpt":{"rendered":"<p>U istra\u017eiva\u010dkom izvje\u0161taju &#8220;Talking left, voting right&#8221; politolozi Gabriela Greilinger i Cas Mudde sa Sveu\u010dili\u0161ta u Georgiji analizirali su retoriku ekstremno desnih europskih stranaka i usporedili je s njihovim socio-ekonomskim programom, odnosno stvarnim stavovima o radni\u010dkim i socijalnim pravima. Autori su krenuli od toga da stranke ekstremne desnice sve vi\u0161e usvajaju pro-socijalni stav, odnosno da [&hellip;]<\/p>\n","protected":false},"author":9,"featured_media":47494,"comment_status":"closed","ping_status":"closed","sticky":false,"template":"","format":"standard","meta":{"footnotes":""},"categories":[454],"tags":[275,939,668],"theme":[456],"country":[495],"articleformat":[205],"coauthors":[241],"class_list":["post-47492","post","type-post","status-publish","format-standard","has-post-thumbnail","hentry","category-naslovnica","tag-ekstremna-desnica","tag-imigranti","tag-radnicka-prava","theme-politika","country-europska-unija","articleformat-vijest"],"_links":{"self":[{"href":"https:\/\/www.bilten.org\/index.php?rest_route=\/wp\/v2\/posts\/47492","targetHints":{"allow":["GET"]}}],"collection":[{"href":"https:\/\/www.bilten.org\/index.php?rest_route=\/wp\/v2\/posts"}],"about":[{"href":"https:\/\/www.bilten.org\/index.php?rest_route=\/wp\/v2\/types\/post"}],"author":[{"embeddable":true,"href":"https:\/\/www.bilten.org\/index.php?rest_route=\/wp\/v2\/users\/9"}],"replies":[{"embeddable":true,"href":"https:\/\/www.bilten.org\/index.php?rest_route=%2Fwp%2Fv2%2Fcomments&post=47492"}],"version-history":[{"count":6,"href":"https:\/\/www.bilten.org\/index.php?rest_route=\/wp\/v2\/posts\/47492\/revisions"}],"predecessor-version":[{"id":47500,"href":"https:\/\/www.bilten.org\/index.php?rest_route=\/wp\/v2\/posts\/47492\/revisions\/47500"}],"wp:featuredmedia":[{"embeddable":true,"href":"https:\/\/www.bilten.org\/index.php?rest_route=\/wp\/v2\/media\/47494"}],"wp:attachment":[{"href":"https:\/\/www.bilten.org\/index.php?rest_route=%2Fwp%2Fv2%2Fmedia&parent=47492"}],"wp:term":[{"taxonomy":"category","embeddable":true,"href":"https:\/\/www.bilten.org\/index.php?rest_route=%2Fwp%2Fv2%2Fcategories&post=47492"},{"taxonomy":"post_tag","embeddable":true,"href":"https:\/\/www.bilten.org\/index.php?rest_route=%2Fwp%2Fv2%2Ftags&post=47492"},{"taxonomy":"theme","embeddable":true,"href":"https:\/\/www.bilten.org\/index.php?rest_route=%2Fwp%2Fv2%2Ftheme&post=47492"},{"taxonomy":"country","embeddable":true,"href":"https:\/\/www.bilten.org\/index.php?rest_route=%2Fwp%2Fv2%2Fcountry&post=47492"},{"taxonomy":"articleformat","embeddable":true,"href":"https:\/\/www.bilten.org\/index.php?rest_route=%2Fwp%2Fv2%2Farticleformat&post=47492"},{"taxonomy":"author","embeddable":true,"href":"https:\/\/www.bilten.org\/index.php?rest_route=%2Fwp%2Fv2%2Fcoauthors&post=47492"}],"curies":[{"name":"wp","href":"https:\/\/api.w.org\/{rel}","templated":true}]}}