{"id":47369,"date":"2024-08-12T09:21:00","date_gmt":"2024-08-12T08:21:00","guid":{"rendered":"https:\/\/www.bilten.org\/?p=47369"},"modified":"2024-08-14T11:07:26","modified_gmt":"2024-08-14T10:07:26","slug":"hapsenjem-do-kopanja","status":"publish","type":"post","link":"https:\/\/www.bilten.org\/?p=47369","title":{"rendered":"Hap\u0161enjem do kopanja"},"content":{"rendered":"\n<p>Serija protesta koji su prethodnih nedelja organizovani \u0161irom Srbije, nastavljena je odr\u017eavanjem velikog skupa u subotu u Beogradu. Protest je okon\u010dan blokadom dve \u017eelezni\u010dke stanice i moto-puta na mostu Gazela. Policija je u nedelju rano ujutru razbila blokade i uhapsila organizatore, koji su ekspresno osu\u0111eni na trideset i \u010detrdeset dana zatvora, zbog reme\u0107enja javnog reda i mira. To je iniciralo blokadu raskrsnice kod zgrade Vlade u nedelju, nova okupljanja u nekoliko gradova i nova hap\u0161enja lokalnih organizatora.<\/p>\n\n\n\n<p>Predsednik Srbije, Aleksandar Vu\u010di\u0107, i ministar policije, Ivica Da\u010di\u0107, u nedelju ujutro su odr\u017eali vanrednu konferenciju za medije, gde su najavili \u017eestok obra\u010dun sa svima koji u\u010destvuju u blokadama. Vu\u010di\u0107 je delom izmenio svoj narativ po pitanju Rio Tinta, ali nema sumnje da je i dalje ostao pri stavu da je otvaranje rudnika va\u017ean nacionalni projekat. Organizatori najavljuju nove proteste i blokade tokom sedmice.<\/p>\n\n\n\n<h2 class=\"wp-block-heading\">Protest i blokade<\/h2>\n\n\n\n<p>Prema proceni Arhiva javnih skupova, organizacije koja se ve\u0107 du\u017ee vreme bavi prebrojavanjem broja u\u010desnika protesta, ocenjeno je da je u subotu uve\u010de u Beogradu bilo okupljeno \u010detrdeset hiljada ljudi. Policija, koja je u sli\u010dnim slu\u010dajevima proteklih godina iznosila podatke o par hiljada demonstranata, sada je objavila da se okupilo dvadeset sedam hiljada ljudi. Pokret Kreni Promeni je, na osnovu aplikacije koja procenjuje broj u\u010desnika na protestima, objavio da se okupilo sto devetnaest hiljada ljudi. U svakom slu\u010daju, re\u010d je o jedom od masovnijih protesta u Srbiji u 21. veku.<\/p>\n\n\n\n<p>Organizatori su do poslednjeg trenutka dr\u017eali u tajnosti \u0161ta je plan nakon protesta. Poslednji govornik je, na kraju svog obra\u0107anja, objavio kuda se ide i da je cilj da budu blokirane centralna \u017eelezni\u010dka stanica Prokop i \u017eelezni\u010dka stanica na Novom Beogradu. Deo okupljenih je spontano ostao na mostu Gazela, blokirav\u0161i moto-put.<\/p>\n\n\n\n<p>Tokom no\u0107i su demonstranti, preko provladinih medija, optu\u017eivani da \u017eele da zaustave razvoj Srbije, da su instruirani iz inostranstva, te da je kona\u010dni cilj smena predsednika. Premijer Vu\u010devi\u0107 je demonstrante uporedio sa &#8220;<a href=\"https:\/\/x.com\/milos_vucevic\/status\/1822358567833285010\" target=\"_blank\" rel=\"noreferrer noopener\">raspalom bandom<\/a>&#8220;, optu\u017eiv\u0161i ih da prete smr\u0107u predsedniku. U sli\u010dnom tonu su nastavili i ostali istaknuti \u010dlanovi SNS-a preko dru\u0161tvenih mre\u017ea.<\/p>\n\n\n\n<p>Dolaskom oko dvesta pripadnika \u017eandarmerije pod opremom za razbijanje demonstracija, blokade su razbijene u nedelju rano ujutru. Prema\u00a0<a href=\"https:\/\/n1info.rs\/vesti\/nebojsa-petkovic-protest-na-prokopu-razbijao-saj-to-se-nije-desilo-u-modernoj-istoriji-srbije\/\" target=\"_blank\" rel=\"noreferrer noopener\">re\u010dima<\/a>\u00a0okupljenih, u razbijanju su u\u010destvovali \u010dak i pripadnici Specijalne antiteroristi\u010dke jedinice. Trojica organizatora, koji su privedeni u nedelju ujutru, tokom dana su ekspresno osu\u0111eni za naru\u0161avanje javnog reda i mira.<\/p>\n\n\n\n<p>\u010cini se da su kazne preo\u0161tre i da treba da poslu\u017ee kao upozorenje svima koji planiraju da ubudu\u0107e u\u010destvuju u blokadama. Dvojica su dobila kaznu od trideset dana zatvora, dok je tre\u0107em organizatoru odre\u0111ena kazna od \u010detrdeset dana.<\/p>\n\n\n\n<h2 class=\"wp-block-heading\">Da li \u0107e kopati?<\/h2>\n\n\n\n<p>U vanrednom obra\u0107anju predsednik je, po obi\u010daju, istakao kako su demonstranti u dosluhu sa regionalnim neprijateljima Srbije, te kako njihovi mediji likuju zbog de\u0161avanja u Beogradu. Najavio je da \u0107e razgovarati sa zabrinutim narodom, ali da ne\u0107e praviti mitinge po Srbiji. Da li \u0107e najavljena turneja po Srbiji zaista biti sprovedena bez masovne mobilizacije \u010dlanstva SNS-a, ostaje da se vidi.<\/p>\n\n\n\n<p>O Rio Tintu sada navodno misli sve najgore, i naglasio je da i dalje nije odlu\u010deno da li \u0107e se po\u010deti sa projektom. Ako bude kopanja, desi\u0107e se tek za dve godine, pod uslovom da budu garantovani svi ekolo\u0161ki i zdravstveni standardi.<\/p>\n\n\n\n<p>Posebno mesto zauzelo je pitanje legitimnog na\u010dina protestovanja. Naravno, sasvim je legitimno odr\u017eavati demokratske proteste, no sa anarhistima, marksistima, gra\u0111anistima i fa\u0161istima koji su se odlu\u010dili za blokade nema pregovora. Njih \u0107e \u010dekati hap\u0161enja i vi\u0161egodi\u0161nji postupci pred nadle\u017enim organima.<\/p>\n\n\n\n<p>Obra\u0107anje je trebalo da poslu\u017ei kao kontrola \u0161tete. Otuda potreba da se ogradi od Rio Tinta i ostavi mogu\u0107nost da se projekat obustavi. Malo je verovatno da \u0107e zaista do\u0107i do obustavljanja projekta, imaju\u0107i u vidu koji su&nbsp;<a href=\"https:\/\/www.bilten.org\/?p=47307\" target=\"_blank\" rel=\"noreferrer noopener\">ulozi na stolu<\/a>. Pre se radi o poku\u0161aju smirivanja tenzija i pravljenju podele me\u0111u demonstrantima, na one mirne i druge koji su spremni na nasilne akcije.<\/p>\n\n\n\n<p>Blokada dve \u017eelezni\u010dke stanice je iskorak u odnosu na proteste koji su organizovani proteklih godina, zato je i reakcija dr\u017eave bila tako o\u0161tra. Ipak, hap\u0161enja su nai\u0161la na brze reakcije ljudi i organizovana su nova spontana okupljanja. Nema sumnje da Srbiju \u010deka avgust prepun uli\u010dnih akcija, protesta i blokada.&nbsp;<\/p>\n","protected":false},"excerpt":{"rendered":"<p>Serija protesta koji su prethodnih nedelja organizovani \u0161irom Srbije, nastavljena je odr\u017eavanjem velikog skupa u subotu u Beogradu. Protest je okon\u010dan blokadom dve \u017eelezni\u010dke stanice i moto-puta na mostu Gazela. Policija je u nedelju rano ujutru razbila blokade i uhapsila organizatore, koji su ekspresno osu\u0111eni na trideset i \u010detrdeset dana zatvora, zbog reme\u0107enja javnog reda [&hellip;]<\/p>\n","protected":false},"author":5,"featured_media":47371,"comment_status":"closed","ping_status":"closed","sticky":false,"template":"","format":"standard","meta":{"footnotes":""},"categories":[454],"tags":[33,469],"theme":[456],"country":[11],"articleformat":[205],"coauthors":[971],"class_list":["post-47369","post","type-post","status-publish","format-standard","has-post-thumbnail","hentry","category-naslovnica","tag-protest","tag-srbija","theme-politika","country-srbija","articleformat-vijest"],"_links":{"self":[{"href":"https:\/\/www.bilten.org\/index.php?rest_route=\/wp\/v2\/posts\/47369","targetHints":{"allow":["GET"]}}],"collection":[{"href":"https:\/\/www.bilten.org\/index.php?rest_route=\/wp\/v2\/posts"}],"about":[{"href":"https:\/\/www.bilten.org\/index.php?rest_route=\/wp\/v2\/types\/post"}],"author":[{"embeddable":true,"href":"https:\/\/www.bilten.org\/index.php?rest_route=\/wp\/v2\/users\/5"}],"replies":[{"embeddable":true,"href":"https:\/\/www.bilten.org\/index.php?rest_route=%2Fwp%2Fv2%2Fcomments&post=47369"}],"version-history":[{"count":2,"href":"https:\/\/www.bilten.org\/index.php?rest_route=\/wp\/v2\/posts\/47369\/revisions"}],"predecessor-version":[{"id":47372,"href":"https:\/\/www.bilten.org\/index.php?rest_route=\/wp\/v2\/posts\/47369\/revisions\/47372"}],"wp:featuredmedia":[{"embeddable":true,"href":"https:\/\/www.bilten.org\/index.php?rest_route=\/wp\/v2\/media\/47371"}],"wp:attachment":[{"href":"https:\/\/www.bilten.org\/index.php?rest_route=%2Fwp%2Fv2%2Fmedia&parent=47369"}],"wp:term":[{"taxonomy":"category","embeddable":true,"href":"https:\/\/www.bilten.org\/index.php?rest_route=%2Fwp%2Fv2%2Fcategories&post=47369"},{"taxonomy":"post_tag","embeddable":true,"href":"https:\/\/www.bilten.org\/index.php?rest_route=%2Fwp%2Fv2%2Ftags&post=47369"},{"taxonomy":"theme","embeddable":true,"href":"https:\/\/www.bilten.org\/index.php?rest_route=%2Fwp%2Fv2%2Ftheme&post=47369"},{"taxonomy":"country","embeddable":true,"href":"https:\/\/www.bilten.org\/index.php?rest_route=%2Fwp%2Fv2%2Fcountry&post=47369"},{"taxonomy":"articleformat","embeddable":true,"href":"https:\/\/www.bilten.org\/index.php?rest_route=%2Fwp%2Fv2%2Farticleformat&post=47369"},{"taxonomy":"author","embeddable":true,"href":"https:\/\/www.bilten.org\/index.php?rest_route=%2Fwp%2Fv2%2Fcoauthors&post=47369"}],"curies":[{"name":"wp","href":"https:\/\/api.w.org\/{rel}","templated":true}]}}