{"id":47349,"date":"2024-08-02T11:56:30","date_gmt":"2024-08-02T10:56:30","guid":{"rendered":"https:\/\/www.bilten.org\/?p=47349"},"modified":"2024-08-15T18:59:48","modified_gmt":"2024-08-15T17:59:48","slug":"povijesno-postignuce-sindikata-radnika-u-trgovackom-lancu-engrotus","status":"publish","type":"post","link":"https:\/\/www.bilten.org\/?p=47349","title":{"rendered":"Povijesno postignu\u0107e sindikata radnika u trgova\u010dkom lancu Engrotu\u0161"},"content":{"rendered":"\n<p>Nakon najave \u0161trajka u prosincu i \u0161est mjeseci intenzivnih pregovora, \u010dlanovi slovenskog sindikata Tu\u0161 postigli su veliku pobjedu: potpisan je prvi kolektivni ugovor s tvrtkom Engrotu\u0161 d.o.o. koji \u0107e osigurati ve\u0107e pla\u0107e i bolje uvjete rada za sve radnike. U posljednje tri godine, radnici u trgova\u010dkom lancu Engrotu\u0161 organizirali su se u reprezentativan sindikat, a krajem pro\u0161le godine zaprijetili su \u0161trajkom zbog lo\u0161ih radnih uvjeta i niskih pla\u0107a. To je poslodavce natjeralo da sjednu s radnicima za stol i otpo\u010dnu \u0161estomjese\u010dne pregovore kojima su se radnici uspjeli izboriti za sljede\u0107e promjene:<\/p>\n\n\n\n<p>1. Pove\u0107anje pla\u0107a: od 1. lipnja ove godine osnovna pla\u0107a prodava\u010da iznosit \u0107e 1.270 eura (bruto), \u0161to \u0107e porasti na 1.300 eura (bruto) 1. sije\u010dnja 2025., a pla\u0107e ostalih radnika tako\u0111er \u0107e proporcionalno rasti, prema platnim razredima. Poslodavac \u0107e morati pove\u0107ati pla\u0107e kako nacionalna minimalna pla\u0107a bude rasla, \u0161to zna\u010di da prodava\u010di u Tu\u0161u vi\u0161e ne\u0107e raditi za iznos manji od minimalne pla\u0107e.<\/p>\n\n\n\n<p>2. Ograni\u010denje transfera radnika u druge poslovnice: od 1. sije\u010dnja 2025. radnici \u0107e mo\u0107i biti premje\u0161teni u podru\u017enice na maksimalno 50 kilometara udaljenosti, a trajanje premje\u0161taja radnika u drugu podru\u017enicu bit \u0107e ograni\u010deno na ukupno ne vi\u0161e od 30 dana godi\u0161nje. Stro\u017ee ograni\u010denje za transfere do najvi\u0161e 30 km od prebivali\u0161ta \u0107e se osigurati roditeljima djece do prvog razreda osnovne \u0161kole.<\/p>\n\n\n\n<p>3. Ve\u0107a mogu\u0107nost balansiranja obiteljskih i radnih obaveza: poslodavac \u0107e sada morati osigurati da radnici koji su roditelji maloljetne djece imaju prednost prilikom dogovora o obavljanju prekovremenog ili no\u0107nog rada, kao i pravo na preraspodjelu radnog vremena i kori\u0161tenje prava na godi\u0161nji odmor. Radnici koji brinu o \u010dlanovima obitelji kojima je potrebna njega mo\u0107i \u0107e u slu\u010daju potrebe iskoristiti \u0161est dana pla\u0107enog dopusta.<\/p>\n\n\n\n<p>4. Ograni\u010denja rada agencija za privremeno zapo\u0161ljavanje: nakon \u0161to zaposlenik agencije za privremeno zapo\u0161ljavanje provede 5 mjeseci rada u Engrotu\u0161u, poslodavac \u0107e im morati ponuditi ugovor o radu na neodre\u0111eno. Radnici zaposleni preko agencija za privremeno zapo\u0161ljavanje tako\u0111er \u0107e ste\u0107i pravo na ugovor o radu na neodre\u0111eno vrijeme nakon \u0161est mjeseci rada u Tu\u0161u, \u010dak i ako su mijenjali agencije koje su ih u tom razdoblju slale na rad u Tu\u0161.<\/p>\n\n\n\n<p>5. Ograni\u010denje jednostranog raspore\u0111ivanja neravnomjerno raspore\u0111enog radnog vremena za<\/p>\n\n\n\n<p>radnike starije od 55 godina.<\/p>\n\n\n\n<p>6. Pravo na 6 dana pla\u0107enog dopusta za \u017ertve obiteljskog nasilja.<\/p>\n\n\n\n<p>7. <a href=\"https:\/\/www.bilten.org\/?p=33016\">Pravo na nedostupnost<\/a>: Poslodavac ne smije kontaktirati radnike nakon zavr\u0161etka radnog vremena.<\/p>\n\n\n\n<p>Nakon zavr\u0161etka pregovora, Andra\u017e Mali iz Centra za dru\u0161tvena istra\u017eivanja (CEDRA), koji je pru\u017eao podr\u0161ku radnicima u cijelom procesu, izjavio je: &#8220;Povijesni potpis kolektivnog ugovora u Tu\u0161u, na tragu aktivnosti pro\u0161log prosinca i pove\u0107anja pla\u0107a na po\u010detku godine, predstavlja ohrabruju\u0107i val pomaka u pobolj\u0161anju standarda rada u sektoru maloprodaje mje\u0161ovitom robom i \u0161ire. Rezultat je to trogodi\u0161njeg zajedni\u010dkog i hrabrog anga\u017emana radnika Tu\u0161a. Pro\u0161log prosinca zauzeli su se za sebe i digli glas najaviv\u0161i \u0161trajk. Sindikat je pokazao svoju kolektivnu mo\u0107. To je omogu\u0107ilo ne samo pove\u0107anje pla\u0107a za sve zaposlenike, ve\u0107 i osiguranje da radnici nikad vi\u0161e ne\u0107e biti pla\u0107eni ispod minimalne pla\u0107e, ali i druge nefinancijske dobitke. Neka uspjeh radnika Tu\u0161a bude poticaj svim radnicima da vide da mo\u017eemo uspjeti.&#8221;<\/p>\n\n\n\n<p>Ladi Ro\u017ei\u010d iz Sindikata radnika u trgovini na malo Slovenije (SDTS) pohvalio je pregovara\u010dki tim sindikata Tu\u0161a, napominju\u0107i da bi on trebao biti primjer na razini sektora: &#8220;Uspjeh sindikata Tu\u0161 primjer je radnicima drugih trgova\u010dkih lanaca i sna\u017eno polazi\u0161te za na\u0161e napore na razini sektora. Poslodavci trenutno odbijaju slu\u0161ati radni\u010dku klasu i \u010dak \u017eele oduzeti prava koja smo ve\u0107 uspje\u0161no izborili, kao \u0161to su bonusi za poslijepodnevnu i no\u0107nu smjenu.&#8221; Za radnike Tu\u0161a ova pobjeda ne zna\u010di da je borba gotova \u2013 odmah po potpisivanju sporazuma nastavili su s organiziranjem i pripremaju se za novu rundu pregovora na jesen kako bi uveli novi okvir za dodatke za uspjehe na radu i naknade za rad subotom, za koji u priop\u0107enju ka\u017eu: &#8220;[rad subotom] nam oduzima zaslu\u017eeno vrijeme za odmor, za sebe i na\u0161e bli\u017enje. Borba za subote je borbu koju \u0107emo morati voditi zajedno s drugim sindikatima. Moramo se i \u0161ire organizirati, sura\u0111ivati s drugim radnicima. Samo tako \u0107emo posti\u0107i bolje uvjete rada i \u017eivota, uklju\u010duju\u0107i provedbu novih propisa o no\u0161enju te\u0161kih tereta, kra\u0107e radno vrijeme, manji intenzitet rada, pove\u0107anje kvalitete javnih usluga, ukidanje nestandardnih oblika zapo\u0161ljavanja i vi\u0161e slobodnog vremena za sve!&#8221;<\/p>\n\n\n\n<p><\/p>\n\n\n\n<p><em>Ovaj tekst sufinanciran je sredstvima Fonda za poticanje raznovrsnosti i pluralizma elektroni\u010dkih medija.<\/em><\/p>\n","protected":false},"excerpt":{"rendered":"<p>Nakon najave \u0161trajka u prosincu i \u0161est mjeseci intenzivnih pregovora, \u010dlanovi slovenskog sindikata Tu\u0161 postigli su veliku pobjedu: potpisan je prvi kolektivni ugovor s tvrtkom Engrotu\u0161 d.o.o. koji \u0107e osigurati ve\u0107e pla\u0107e i bolje uvjete rada za sve radnike. U posljednje tri godine, radnici u trgova\u010dkom lancu Engrotu\u0161 organizirali su se u reprezentativan sindikat, a [&hellip;]<\/p>\n","protected":false},"author":9,"featured_media":47351,"comment_status":"closed","ping_status":"closed","sticky":false,"template":"","format":"standard","meta":{"footnotes":""},"categories":[454],"tags":[668,1868,498],"theme":[455],"country":[30],"articleformat":[205],"coauthors":[241],"class_list":["post-47349","post","type-post","status-publish","format-standard","has-post-thumbnail","hentry","category-naslovnica","tag-radnicka-prava","tag-slovnija","tag-strajk","theme-rad","country-slovenija","articleformat-vijest"],"_links":{"self":[{"href":"https:\/\/www.bilten.org\/index.php?rest_route=\/wp\/v2\/posts\/47349","targetHints":{"allow":["GET"]}}],"collection":[{"href":"https:\/\/www.bilten.org\/index.php?rest_route=\/wp\/v2\/posts"}],"about":[{"href":"https:\/\/www.bilten.org\/index.php?rest_route=\/wp\/v2\/types\/post"}],"author":[{"embeddable":true,"href":"https:\/\/www.bilten.org\/index.php?rest_route=\/wp\/v2\/users\/9"}],"replies":[{"embeddable":true,"href":"https:\/\/www.bilten.org\/index.php?rest_route=%2Fwp%2Fv2%2Fcomments&post=47349"}],"version-history":[{"count":2,"href":"https:\/\/www.bilten.org\/index.php?rest_route=\/wp\/v2\/posts\/47349\/revisions"}],"predecessor-version":[{"id":47380,"href":"https:\/\/www.bilten.org\/index.php?rest_route=\/wp\/v2\/posts\/47349\/revisions\/47380"}],"wp:featuredmedia":[{"embeddable":true,"href":"https:\/\/www.bilten.org\/index.php?rest_route=\/wp\/v2\/media\/47351"}],"wp:attachment":[{"href":"https:\/\/www.bilten.org\/index.php?rest_route=%2Fwp%2Fv2%2Fmedia&parent=47349"}],"wp:term":[{"taxonomy":"category","embeddable":true,"href":"https:\/\/www.bilten.org\/index.php?rest_route=%2Fwp%2Fv2%2Fcategories&post=47349"},{"taxonomy":"post_tag","embeddable":true,"href":"https:\/\/www.bilten.org\/index.php?rest_route=%2Fwp%2Fv2%2Ftags&post=47349"},{"taxonomy":"theme","embeddable":true,"href":"https:\/\/www.bilten.org\/index.php?rest_route=%2Fwp%2Fv2%2Ftheme&post=47349"},{"taxonomy":"country","embeddable":true,"href":"https:\/\/www.bilten.org\/index.php?rest_route=%2Fwp%2Fv2%2Fcountry&post=47349"},{"taxonomy":"articleformat","embeddable":true,"href":"https:\/\/www.bilten.org\/index.php?rest_route=%2Fwp%2Fv2%2Farticleformat&post=47349"},{"taxonomy":"author","embeddable":true,"href":"https:\/\/www.bilten.org\/index.php?rest_route=%2Fwp%2Fv2%2Fcoauthors&post=47349"}],"curies":[{"name":"wp","href":"https:\/\/api.w.org\/{rel}","templated":true}]}}