{"id":47345,"date":"2024-08-02T08:36:46","date_gmt":"2024-08-02T07:36:46","guid":{"rendered":"https:\/\/www.bilten.org\/?p=47345"},"modified":"2024-08-08T09:22:09","modified_gmt":"2024-08-08T08:22:09","slug":"tko-pod-drugim-litij-kopa","status":"publish","type":"post","link":"https:\/\/www.bilten.org\/?p=47345","title":{"rendered":"Tko pod drugim litij kopa&#8230;"},"content":{"rendered":"\n<p>Iako se tokom leta obi\u010dno sti\u0161avaju politi\u010dke tenzije, usled ozbiljnih najava vladaju\u0107ih stranaka da \u0107e zapo\u010deti sa iskopavanjem litijuma, protesti protiv projekta &#8220;Jadar&#8221; se odr\u017eavaju u gotovo svim delovima Srbije. \u0160iroka mobilizacija motivisana je strahom da \u0107e projekat imati \u0161tetne posledice po \u017eivotnu sredinu na \u0161irem podru\u010dju zapadne Srbije, te da \u0107e ovaj deo zemlje poslu\u017eiti kao eksperiment za jo\u0161 neisprobane tehnologije iskopavanja litijuma. Strah i emotivni naboj su mo\u0107no oru\u017eje u politici, a posle dugo vremena pokret koji nije povezan sa vla\u0161\u0107u uspe\u0161no koristi emocije kako bi se organizovao.<\/p>\n\n\n\n<p>Navedeno, ne samo da olak\u0161ava politi\u010dku mobilizaciju i uve\u0107ava broj prisutnih na protestu, ve\u0107 ote\u017eava legitimisanje projekta od strane vlasti. Uz to, radi se projektu koji je poveren velikoj multinacionalnoj korporaciji i\u00a0<a href=\"https:\/\/www.bilten.org\/?p=47307\" target=\"_blank\" rel=\"noreferrer noopener\">politi\u010dkom dogovoru<\/a>\u00a0Srpske napredne stranke (SNS) sa Nema\u010dkom i Evropskom unijom, \u0161to je plodno tlo da se na noge podignu i oni koji obi\u010dno nisu preterano zainteresovani za politiku.<\/p>\n\n\n\n<p>Dobra ilustracija koliko je iskopavanje litijuma dobilo na zna\u010daju je \u010dinjenica da su se o ovoj temi izjasnile i najve\u0107e navija\u010dke grupe u Srbiji, s obzirom na to da se protesti poklopili sa po\u010detkom fudbalskog prvenstva. Obi\u010dno su se navija\u010dke grupe ogla\u0161avale o isklju\u010divo &#8220;nepoliti\u010dkim&#8221; temama poput Kosova, bratskim odnosima sa Rusijom, Parade ponosa i sl.<\/p>\n\n\n\n<p>Dakle, projekat &#8220;Jadar&#8221; je ozbiljan test za SNS i, za sada, deluje da se ne snalazi najbolje kada je re\u010d o izgradnji narativa kojim se istovremeno opravdava sprovo\u0111enje projekta i diskredituju oni koji mu se protive. Pri tom, organizatori protesta odbijaju da blisko sara\u0111uju sa opozicionim strankama, \u010dime se vlastima iz ruku izbija argument da je re\u010d o politi\u010dkoj zloupotrebi teme i perfidnom poku\u0161aju onih koji nemaju ve\u0107insku podr\u0161ku da se do\u010depaju vlasti.<\/p>\n\n\n\n<h2 class=\"wp-block-heading\">Strani pla\u0107enici<\/h2>\n\n\n\n<p>Obi\u010dno je vlast, kada bi se organizovali neki protesti, organizatore optu\u017eivala da su strani pla\u0107enici koji podrivaju nacionalno jedinstvo i poku\u0161avaju da stanu na put razvoja Srbije. No, ovoga puta takav narativ ne radi. Rio Tinto je ve\u0107 dovoljno omra\u017een u srpskoj javnosti i veliki broj ljudi zna da je re\u010d o britansko-australijskoj multinacionalnoj korporaciji \u2013 motiv izdaje nacionalnih interesa se ovde ne mo\u017ee primeniti na opoziciju. Naprotiv, sada je vlast ta koja se optu\u017euje sa izdaju, a nedavna poseta nema\u010dkog kancelara i evropskih zvani\u010dnika dodatno je doprinela takvom utisku. U vrlo depolitizovanom kontekstu srpske politike, gde nema previ\u0161e prostora za sofisticirane politi\u010dke debate, etiketa izdajnika i saradnika sa &#8220;stranim faktorom&#8221; zna\u010dajno oduzima politi\u010dke poene.<\/p>\n\n\n\n<p>U takvoj situaciji, optu\u017ebe da iza protesta stoje &#8220;<a href=\"https:\/\/www.b92.net\/info\/politika\/44214\/lazovic-potvrdio-da-iza-antirudarske-kampanje-stoje-pro-nato-opozicione-stranke-video\/vest\" target=\"_blank\" rel=\"noreferrer noopener\">pro-NATO opozicione stranke<\/a>&#8220;, ili &#8220;<a href=\"https:\/\/vreme.com\/vesti\/arandjelovac-osvanuli-plakati-koji-oznacavaju-ekoloske-aktiviste-kao-srbomrsce\/\" target=\"_blank\" rel=\"noreferrer noopener\">srbomrsci kojima je li\u010dni interes pre\u010di od dr\u017eavnog<\/a>&#8220;, sve vi\u0161e izazivaju podsmeh. Iako bi ranije takva vrsta narativa kod dela politi\u010dki neopredeljene javnosti izazvala odre\u0111ene reakcije, sada je jasno da je re\u010d o spinovima vladaju\u0107e stranke. Sprega izme\u0111u opozicije i &#8220;stranog faktora&#8221; na temu litijuma ne postoji, dok vlast ne mo\u017ee da se izbori sa slikom prema kojoj je upravo ona podlegla pritisku zapadnih dr\u017eava. Vu\u010di\u0107 vi\u0161e nije suvereni dr\u017eavnik koji sve dr\u017ei pod kontrolom, ve\u0107 neko ko sara\u0111uje sa multinacionalnom korporacijom, Nema\u010dkom i Evropskom unijom u predaji prirodnih resursa.<\/p>\n\n\n\n<h2 class=\"wp-block-heading\">Va\u017enije teme<\/h2>\n\n\n\n<p>Druga linija argumentacije ti\u010de se &#8220;zanemarivanja&#8221; va\u017enijih tema od strane onih koji protestuju protiv iskopavanja litijuma. Obi\u010dno je, do sada, opoziciona javnost iznosila tezu kako Vu\u010di\u0107, u trenucima kada je na dnevnom redu neka tema koja mu ne odgovara, svojim nastupima ili insceniranim incidentima uti\u010de na javno mnjenje u pravcu koji mu odgovara.<\/p>\n\n\n\n<p>Ovoga puta takvoj taktici pribegava vlast, a tema koja navodno ostaje u zape\u0107ku zbog litijuma je, naravno, Kosovo. &#8220;Svima su vam usta puna jadarita, dok za Kosmet niko da pita&#8221;, transparent je Delija, navija\u010da najpopularnijeg fudbalskog kluba u Srbiji, na poslednjoj prvenstvenoj utakmici. O vezama najve\u0107e navija\u010dke grupe u Srbiji i vladaju\u0107e stranke\u00a0<a href=\"https:\/\/radar.nova.rs\/video\/otkrivamo\/glavni-sef-sinisa-mali-i-100-000-evra\/\" target=\"_blank\" rel=\"noreferrer noopener\">ne treba tro\u0161iti previ\u0161e re\u010di<\/a>.<\/p>\n\n\n\n<p>I dok su sve ostale navija\u010dke grupe, koje su se oglasile po pitanju iskopavanja litijuma, nedvosmisleno osudile sprovo\u0111enje projekta, Delije su relativizovale temu. O rezultatima najbolje govori potreba ove navija\u010dke grupe da se i saop\u0161tenjem oglasi povodom transparenta \u2013 protiv istinskih \u010duvara srpstva podigli su se &#8220;povr\u0161ni nacionalisti i ogavni liberali&#8221;. Iskopavanje litijuma je &#8220;ekstremno ispolitizovano&#8221;, politi\u010dka ekologija se koristi kao platforma za proturanje tema koje se ne ti\u010du samo o\u010duvanja \u017eivotne sredine i, \u0161to je najgore, pitanje Kosova postaje manje va\u017eno. Dakle, umesto da se primarno bavi pitanjem Kosova, srpsko dru\u0161tvo je naselo na opozicionom insistiranju na projektu &#8220;Jadar&#8221;.<\/p>\n\n\n\n<p>Sva je prilika da velika ve\u0107ina u Srbiji ne podr\u017eava iskopavanje litijuma i da je spremna da se anga\u017euje povodom ovog pitanja. Prostora za kompromis nema: ili \u0107e se kopati ili \u0107e projekat biti zaustavljen. Vlast je obe\u0107ala sprovo\u0111enje projekta i u igri je veliki ulog. Da li je narativ protesta protiv iskopavanja delom konzervativan i nacionalisti\u010dki? Nema sumnje. Da li je na bilo koji na\u010din potrebno vladaju\u0107im strankama olak\u0161ati posao? Nema sumnje da ne treba. Deluje da jedino fali artikulisana leva politi\u010dka pozicija koja bi sa progresivnih pozicija kritikovala vlast, projekat &#8220;Jadar&#8221; i me\u0111unarodne aktere koji podr\u017eavaju i vlast i projekat.<\/p>\n","protected":false},"excerpt":{"rendered":"<p>Iako se tokom leta obi\u010dno sti\u0161avaju politi\u010dke tenzije, usled ozbiljnih najava vladaju\u0107ih stranaka da \u0107e zapo\u010deti sa iskopavanjem litijuma, protesti protiv projekta &#8220;Jadar&#8221; se odr\u017eavaju u gotovo svim delovima Srbije. \u0160iroka mobilizacija motivisana je strahom da \u0107e projekat imati \u0161tetne posledice po \u017eivotnu sredinu na \u0161irem podru\u010dju zapadne Srbije, te da \u0107e ovaj deo zemlje [&hellip;]<\/p>\n","protected":false},"author":5,"featured_media":47347,"comment_status":"closed","ping_status":"closed","sticky":false,"template":"","format":"standard","meta":{"footnotes":""},"categories":[454],"tags":[334,469],"theme":[456],"country":[11],"articleformat":[205],"coauthors":[971],"class_list":["post-47345","post","type-post","status-publish","format-standard","has-post-thumbnail","hentry","category-naslovnica","tag-ekologija","tag-srbija","theme-politika","country-srbija","articleformat-vijest"],"_links":{"self":[{"href":"https:\/\/www.bilten.org\/index.php?rest_route=\/wp\/v2\/posts\/47345","targetHints":{"allow":["GET"]}}],"collection":[{"href":"https:\/\/www.bilten.org\/index.php?rest_route=\/wp\/v2\/posts"}],"about":[{"href":"https:\/\/www.bilten.org\/index.php?rest_route=\/wp\/v2\/types\/post"}],"author":[{"embeddable":true,"href":"https:\/\/www.bilten.org\/index.php?rest_route=\/wp\/v2\/users\/5"}],"replies":[{"embeddable":true,"href":"https:\/\/www.bilten.org\/index.php?rest_route=%2Fwp%2Fv2%2Fcomments&post=47345"}],"version-history":[{"count":2,"href":"https:\/\/www.bilten.org\/index.php?rest_route=\/wp\/v2\/posts\/47345\/revisions"}],"predecessor-version":[{"id":47348,"href":"https:\/\/www.bilten.org\/index.php?rest_route=\/wp\/v2\/posts\/47345\/revisions\/47348"}],"wp:featuredmedia":[{"embeddable":true,"href":"https:\/\/www.bilten.org\/index.php?rest_route=\/wp\/v2\/media\/47347"}],"wp:attachment":[{"href":"https:\/\/www.bilten.org\/index.php?rest_route=%2Fwp%2Fv2%2Fmedia&parent=47345"}],"wp:term":[{"taxonomy":"category","embeddable":true,"href":"https:\/\/www.bilten.org\/index.php?rest_route=%2Fwp%2Fv2%2Fcategories&post=47345"},{"taxonomy":"post_tag","embeddable":true,"href":"https:\/\/www.bilten.org\/index.php?rest_route=%2Fwp%2Fv2%2Ftags&post=47345"},{"taxonomy":"theme","embeddable":true,"href":"https:\/\/www.bilten.org\/index.php?rest_route=%2Fwp%2Fv2%2Ftheme&post=47345"},{"taxonomy":"country","embeddable":true,"href":"https:\/\/www.bilten.org\/index.php?rest_route=%2Fwp%2Fv2%2Fcountry&post=47345"},{"taxonomy":"articleformat","embeddable":true,"href":"https:\/\/www.bilten.org\/index.php?rest_route=%2Fwp%2Fv2%2Farticleformat&post=47345"},{"taxonomy":"author","embeddable":true,"href":"https:\/\/www.bilten.org\/index.php?rest_route=%2Fwp%2Fv2%2Fcoauthors&post=47345"}],"curies":[{"name":"wp","href":"https:\/\/api.w.org\/{rel}","templated":true}]}}