{"id":47195,"date":"2024-07-04T09:09:06","date_gmt":"2024-07-04T08:09:06","guid":{"rendered":"https:\/\/www.bilten.org\/?p=47195"},"modified":"2024-07-04T10:45:59","modified_gmt":"2024-07-04T09:45:59","slug":"molitva-i-privatno-osiguranje","status":"publish","type":"post","link":"https:\/\/www.bilten.org\/?p=47195","title":{"rendered":"Molitva i privatno osiguranje"},"content":{"rendered":"\n<p>Poplavljena naselja, buji\u010dne vode koje se slivaju niz ulice i brda, drve\u0107e koje je uni\u0161tilo automobile, te fasade i krovovi otpali sa zgrada \u2013 slike su jo\u0161 jednog\u00a0<a href=\"https:\/\/www.blic.rs\/vesti\/drustvo\/stiglo-nevreme-u-beograd-ljudi-beze-po-ulici-ne-vidi-se-nista-od-prasine\/yw1h9n4\" target=\"_blank\" rel=\"noreferrer noopener\">nevremena u Beogradu<\/a>\u00a0na koje vlast nije uspela da adekvatno odgovori. Ponovo su se stanovnici glavnog grada susreli sa za\u010depljenim odvodima, poplavljenim domovima u pojedinima delovima grada i ulicama koje su se pretvorile u jezera.<\/p>\n\n\n\n<p>Ve\u0107 je antologijska izjava novog-starog gradona\u010delnika glavnog grada, Aleksandra \u0160api\u0107a, iz 2022. kada je nakon nevremena izjavio da na &#8220;<a href=\"https:\/\/n1info.rs\/vesti\/sapic-o-nevremenu-najmanje-je-vazno-ko-je-kriv-na-boga-ne-mozemo-da-uticemo\/\" target=\"_blank\" rel=\"noreferrer noopener\">Boga ne mo\u017eemo da uti\u010demo<\/a>&#8220;. U sli\u010dnom tonu, ali bez spominjanja vi\u0161ih sila, \u0160api\u0107 je nastavio i ove godine, dodav\u0161i da je njegov savet da gra\u0111ani\u00a0<a href=\"https:\/\/www.b92.net\/lokal\/beograd\/drustvo\/36314\/obratio-se-sapic-posle-haosa-u-beogradu-evo-zasto-je-doslo-do-kolapsa-postoje-dva-razloga\/vest\" target=\"_blank\" rel=\"noreferrer noopener\">osiguravaju svoja dobra<\/a>.<\/p>\n\n\n\n<p><a href=\"https:\/\/www.masina.rs\/supercelijske-oluje-su-cesce-zbog-klimatskih-promena-a-nase-metodologije-za-procene-rizika-ne-znaju-da-su-one-tu\/\" target=\"_blank\" rel=\"noreferrer noopener\">Super\u0107elijske oluje<\/a>&nbsp;su nova normalnost, a kapaciteti kanalizacije da primi velike koli\u010dine padavina nisu dovoljni. Za utehu, sli\u010dno je bilo i u drugim gradovima regiona. Jednostavno, prema \u0160api\u0107u, bolje i vi\u0161e od ovoga se ne mo\u017ee, jer sudbina je tako htela.<\/p>\n\n\n\n<p>Preduzimanje kolektivne akcije, kako bi se izbegle sli\u010dne posledice nakon super\u0107elijskih oluja, nije ni na dnevnom redu. Pobolj\u0161anje gradske infrastrukture, rekonstrukcija postoje\u0107e odvodne i kanalizacione mre\u017ee i planski urbanisti\u010dki razvoj grada u skladu sa potrebom za prilago\u0111avanjem klimatskim promenama (<a href=\"https:\/\/klima101.rs\/kisa-poplave-beograd\/\" target=\"_blank\" rel=\"noreferrer noopener\">deo obja\u0161njenja<\/a>&nbsp;le\u017ei u \u010dinjenici da je u gradu sve manje zelenih povr\u0161ina koje mogu da upiju velike koli\u010dine vode) su verovatno, u \u0160api\u0107evom tuma\u010denju sveta, samo uzaludni poku\u0161aji da se uti\u010de na neumoljivu volju vi\u0161ih sila. I prirodnih i ekonomskih. \u0160api\u0107 je tokom kampanje upozoravao na opasnost neobolj\u0161evizma, a pokretanje kolektivnih akcija i dr\u017eavne mere su korak u tom pravcu.<\/p>\n\n\n\n<p>Bilo bi neodgovorno od gradskih vlasti da sputavaju te\u017enju Tr\u017ei\u0161ta da zadovolji potrebe za gradnjom i betonom, dok i o &#8220;negativnim eksternalijama&#8221;, kojima se obi\u010dno bavi dr\u017eava, treba da brinu individue. Malo je re\u0107i da dru\u0161tvo ne postoji, i u da su takvoj situaciji jedina re\u0161enja molitva i privatno osiguranje.<\/p>\n\n\n\n<p>Izjave gradona\u010delnika dobra su ilustracija politike Srpske napredne stranke otkako je do\u0161la na vlast. Jedina svrha dr\u017eave je da zadovolji interese kapitala i oligarhije u vrhu stranke \u010diji je neposredni interes izvla\u010denje javnog novca. Sve druge akcije, koje bi trebalo da idu u pravcu zadovoljenja javnog interesa i kolektivnih potreba, naivni su zahtevi za uticajem na stvari koje su van dru\u0161tvene kontrole. Na ekonomiju i prirodne nepogode se ne mo\u017ee uticati, to nije sfera ljudskog delovanja, ve\u0107 natprirodnih sila. Suprotno tezi brojnih analiti\u010dara, SNS itekako ima ideologiju: Bo\u017eja ruka i nevidljiva ruka tr\u017ei\u0161ta su van doma\u0161aja politike. Mo\u017eda neka re\u0161enja treba prona\u0107i u na\u0161oj pro\u0161losti, ali to nije pro\u0161lost \u010dije prou\u010davanje odgovara interesima vladaju\u0107ih stranaka.<\/p>\n\n\n\n<p>Ekonomsko zadovoljavanje interesa krupnog kapitala i sitnih partijskih \u010dlanova se najlak\u0161e pokriva dru\u0161tvenim konzervativizmom i nacionalizmom. Kroz to se i najlak\u0161e pune privatni d\u017eepovi. Dvomese\u010dna predizborna manifestacija Beogradski dani porodice, reklamirana kao &#8220;prava parada ponosa i radosti&#8221;, samo je jo\u0161 jedan u nizu projekata kroz koji se pod pla\u0161tom tradicionalnih vrednosti izvla\u010di javni novac u privatne d\u017eepove. Sli\u010dno va\u017ei i za poslednju akciju vlasti i njima bliskih opozicionih stranaka \u2013 zabrana festivala &#8220;Mirdita, dobar dan&#8221; uz skup profesionalnih nacionalista prilika su za jeftino prikupljanje politi\u010dkih poena. Jer, koji po\u0161ten Srbin mo\u017ee podr\u017eavati takav skup? Zna se \u0161ta su prioriteti i prostori za politi\u010dko delovanje \u2013 sve ono \u0161to nije rezervisano za sferu (nat)prirodnog.<\/p>\n","protected":false},"excerpt":{"rendered":"<p>Poplavljena naselja, buji\u010dne vode koje se slivaju niz ulice i brda, drve\u0107e koje je uni\u0161tilo automobile, te fasade i krovovi otpali sa zgrada \u2013 slike su jo\u0161 jednog\u00a0nevremena u Beogradu\u00a0na koje vlast nije uspela da adekvatno odgovori. Ponovo su se stanovnici glavnog grada susreli sa za\u010depljenim odvodima, poplavljenim domovima u pojedinima delovima grada i ulicama [&hellip;]<\/p>\n","protected":false},"author":5,"featured_media":47198,"comment_status":"closed","ping_status":"closed","sticky":false,"template":"","format":"standard","meta":{"footnotes":""},"categories":[454],"tags":[136,469],"theme":[457],"country":[11],"articleformat":[205],"coauthors":[971],"class_list":["post-47195","post","type-post","status-publish","format-standard","has-post-thumbnail","hentry","category-naslovnica","tag-infrastruktura","tag-srbija","theme-klima","country-srbija","articleformat-vijest"],"_links":{"self":[{"href":"https:\/\/www.bilten.org\/index.php?rest_route=\/wp\/v2\/posts\/47195","targetHints":{"allow":["GET"]}}],"collection":[{"href":"https:\/\/www.bilten.org\/index.php?rest_route=\/wp\/v2\/posts"}],"about":[{"href":"https:\/\/www.bilten.org\/index.php?rest_route=\/wp\/v2\/types\/post"}],"author":[{"embeddable":true,"href":"https:\/\/www.bilten.org\/index.php?rest_route=\/wp\/v2\/users\/5"}],"replies":[{"embeddable":true,"href":"https:\/\/www.bilten.org\/index.php?rest_route=%2Fwp%2Fv2%2Fcomments&post=47195"}],"version-history":[{"count":3,"href":"https:\/\/www.bilten.org\/index.php?rest_route=\/wp\/v2\/posts\/47195\/revisions"}],"predecessor-version":[{"id":47199,"href":"https:\/\/www.bilten.org\/index.php?rest_route=\/wp\/v2\/posts\/47195\/revisions\/47199"}],"wp:featuredmedia":[{"embeddable":true,"href":"https:\/\/www.bilten.org\/index.php?rest_route=\/wp\/v2\/media\/47198"}],"wp:attachment":[{"href":"https:\/\/www.bilten.org\/index.php?rest_route=%2Fwp%2Fv2%2Fmedia&parent=47195"}],"wp:term":[{"taxonomy":"category","embeddable":true,"href":"https:\/\/www.bilten.org\/index.php?rest_route=%2Fwp%2Fv2%2Fcategories&post=47195"},{"taxonomy":"post_tag","embeddable":true,"href":"https:\/\/www.bilten.org\/index.php?rest_route=%2Fwp%2Fv2%2Ftags&post=47195"},{"taxonomy":"theme","embeddable":true,"href":"https:\/\/www.bilten.org\/index.php?rest_route=%2Fwp%2Fv2%2Ftheme&post=47195"},{"taxonomy":"country","embeddable":true,"href":"https:\/\/www.bilten.org\/index.php?rest_route=%2Fwp%2Fv2%2Fcountry&post=47195"},{"taxonomy":"articleformat","embeddable":true,"href":"https:\/\/www.bilten.org\/index.php?rest_route=%2Fwp%2Fv2%2Farticleformat&post=47195"},{"taxonomy":"author","embeddable":true,"href":"https:\/\/www.bilten.org\/index.php?rest_route=%2Fwp%2Fv2%2Fcoauthors&post=47195"}],"curies":[{"name":"wp","href":"https:\/\/api.w.org\/{rel}","templated":true}]}}