{"id":47155,"date":"2024-06-26T10:35:59","date_gmt":"2024-06-26T09:35:59","guid":{"rendered":"https:\/\/www.bilten.org\/?p=47155"},"modified":"2024-06-26T10:35:59","modified_gmt":"2024-06-26T09:35:59","slug":"sindikati-protiv-ekstremne-desnice","status":"publish","type":"post","link":"https:\/\/www.bilten.org\/?p=47155","title":{"rendered":"Sindikati protiv ekstremne desnice"},"content":{"rendered":"\n<p>Kako napreduju pregovori za formiranje vodstva institucija EU, europski sindikalni pokret okupljen u Europskoj sindikalnoj konfederaciji (ETUC) poziva na odbijanje suradnje s bilo kojim dijelom krajnje desnice. Sindikati podsje\u0107aju da ekstremna desnica tvrdi da podr\u017eava radnike, dok u stvarnosti napada njihove sindikate i njihova demokratska prava, uni\u0161tavaju\u0107i ljudska prava, a posebno prava \u017eena.<\/p>\n\n\n\n<p>Sindikati u svojem priop\u0107enju jasno poru\u010duju da su sindikati &#8220;dijametralno suprotni&#8221; ciljevima krajnje desnice jer sindikati okupljaju sve radnike, a ekstremna desnica izdvaja najslabije i od njih radi \u017ertvene jarce, dok se pretvara da su joj va\u017eni interesi radnika. U svojoj Povelji o vrijednostima, Europska sindikalna konfederacija obvezuje se raditi na \u201cpromicanju slobode izra\u017eavanja i sudjelovanja \u017eena i mu\u0161karaca u demokratskom \u017eivotu u dru\u0161tvu, na radnom mjestu te u nacionalnom, europskom i globalnom upravljanju.\u201d Tu su povelju usvojili europski sindikati koji zastupaju ukupno 45 milijuna radnika, a u njoj se odbacuju i re\u017eimi koji potkopavaju demokraciju, slobodu medija i temeljna prava i slobode ljudi.<\/p>\n\n\n\n<p>Glavna tajnica ETUC-a Esther Lynch je izjavila: &#8220;Na na\u0161im radnim mjestima, u prostorijama u kojima se donose odluke i na ulicama, progresivne snage moraju sura\u0111ivati kako ne bi dopustile ulazak krajnje desnice, \u0161to je du\u017enost svih. Sindikati su dijametralno suprotni ciljevima krajnje desnice. Ona \u0107e uvijek tra\u017eiti lako rje\u0161enje i pretvarati slabije u \u017ertvene jarce. To je kriptonit za demokraciju i mora se aktivno izolirati. Pona\u0161anje ekstremne desnice na europskoj i nacionalnoj razini pokazuje da ona napada ljude zato \u0161to su \u017eene, zbog toga koga vole ili zbog boje njihove ko\u017ee. Oni ne\u0107e uspjeti prevariti radni narod. Mi znamo da ne crpimo svoju kolektivnu snagu tako \u0161to dopu\u0161tamo mr\u017enji da nas razdvoji, ve\u0107 ujedinjuju\u0107i se kako bi mogli pozivati na odgovornost one koji imaju mo\u0107.&#8221; <\/p>\n\n\n\n<p>Lynch je podsjetila da je davanje prava glasa radnicima na radnom mjestu &#8220;kamen temeljac svakog demokratskog dru\u0161tva i protuotrov za krajnje desni i antiradni\u010dki populizam&#8221;. ETUC u posljednje vrijeme intenzivno upozorava na procese koji naru\u0161avaju demokraciju na radnom mjestu zbog rizika od rasta ekstremne desnice. Kao \u0161to smo <a href=\"https:\/\/www.bilten.org\/?p=47106\">nedavno<\/a> pisali, radni\u010dka prava u Europi u posljednjih godinu dana propala su br\u017ee nego u bilo kojem drugom dijelu svijeta, zbog napada na kolektivno pregovaranje. Op\u0107em <a href=\"https:\/\/www.ituc-csi.org\/ituc-global-rights-index-2024-en\">pogor\u0161anju<\/a> u cijeloj regiji doprinijela je kriminalizacija \u0161trajkova i stigmatizacija \u0161trajka\u010da u Belgiji i Francuskoj, kao i zabrana \u0161trajkova u Albaniji, Ma\u0111arskoj, Moldaviji, Crnoj Gori i Ujedinjenom Kraljevstvu. U ve\u0107ini europskih dr\u017eava kr\u0161i se pravo na \u0161trajk i kolektivno pregovaranje, a me\u0111u &#8220;slavnijim&#8221; primjerima su odbijanje kompanije Tesla da sudjeluje u kolektivnim pregovorima, i poku\u0161aj finske vlade da ograni\u010di trajanje \u0161trajka na jedan dan.<\/p>\n\n\n\n<p>S druge strane, upravo postojanje demokracije na radnom mjestu, u vidu kolektivnih pregovora, funkcionalnih radni\u010dkih vije\u0107a i sindikata, smanjuje i sklonost glasa\u010da strankama ekstremne desnice, a pove\u0107ava sklonost lijevim strankama. Vi\u0161e istra\u017eivanja potvr\u0111uju tu vezu, a o jednom od njih <a href=\"https:\/\/www.bilten.org\/?p=47135\">detaljnije <\/a>smo pisali pro\u0161li tjedan. Osje\u0107aj nemo\u0107i, napu\u0161tenosti i egzistencijalne nesigurnosti koje mnogi ljudi svakodnevno prolaze na poslu savr\u0161eno su plodno tlo za pseudoobja\u0161njenja koja nudi ekstremna desnica. S druge strane, istra\u017eivanja pokazuju da radnici koji putem radni\u010dkih vije\u0107a na svom poslu imaju izravno iskustvo participacije, solidarnosti i uva\u017eavanja, imaju i zna\u010dajno pozitivnije stavove o demokraciji i manje su skloni stavovima ekstremne desnice. <\/p>\n","protected":false},"excerpt":{"rendered":"<p>Kako napreduju pregovori za formiranje vodstva institucija EU, europski sindikalni pokret okupljen u Europskoj sindikalnoj konfederaciji (ETUC) poziva na odbijanje suradnje s bilo kojim dijelom krajnje desnice. Sindikati podsje\u0107aju da ekstremna desnica tvrdi da podr\u017eava radnike, dok u stvarnosti napada njihove sindikate i njihova demokratska prava, uni\u0161tavaju\u0107i ljudska prava, a posebno prava \u017eena. Sindikati u [&hellip;]<\/p>\n","protected":false},"author":9,"featured_media":47158,"comment_status":"closed","ping_status":"closed","sticky":false,"template":"","format":"standard","meta":{"footnotes":""},"categories":[454],"tags":[902,275,1216,460],"theme":[456,455],"country":[495],"articleformat":[205],"coauthors":[241],"class_list":["post-47155","post","type-post","status-publish","format-standard","has-post-thumbnail","hentry","category-naslovnica","tag-demokracija","tag-ekstremna-desnica","tag-radikalna-desnica","tag-sindikati","theme-politika","theme-rad","country-europska-unija","articleformat-vijest"],"_links":{"self":[{"href":"https:\/\/www.bilten.org\/index.php?rest_route=\/wp\/v2\/posts\/47155","targetHints":{"allow":["GET"]}}],"collection":[{"href":"https:\/\/www.bilten.org\/index.php?rest_route=\/wp\/v2\/posts"}],"about":[{"href":"https:\/\/www.bilten.org\/index.php?rest_route=\/wp\/v2\/types\/post"}],"author":[{"embeddable":true,"href":"https:\/\/www.bilten.org\/index.php?rest_route=\/wp\/v2\/users\/9"}],"replies":[{"embeddable":true,"href":"https:\/\/www.bilten.org\/index.php?rest_route=%2Fwp%2Fv2%2Fcomments&post=47155"}],"version-history":[{"count":2,"href":"https:\/\/www.bilten.org\/index.php?rest_route=\/wp\/v2\/posts\/47155\/revisions"}],"predecessor-version":[{"id":47157,"href":"https:\/\/www.bilten.org\/index.php?rest_route=\/wp\/v2\/posts\/47155\/revisions\/47157"}],"wp:featuredmedia":[{"embeddable":true,"href":"https:\/\/www.bilten.org\/index.php?rest_route=\/wp\/v2\/media\/47158"}],"wp:attachment":[{"href":"https:\/\/www.bilten.org\/index.php?rest_route=%2Fwp%2Fv2%2Fmedia&parent=47155"}],"wp:term":[{"taxonomy":"category","embeddable":true,"href":"https:\/\/www.bilten.org\/index.php?rest_route=%2Fwp%2Fv2%2Fcategories&post=47155"},{"taxonomy":"post_tag","embeddable":true,"href":"https:\/\/www.bilten.org\/index.php?rest_route=%2Fwp%2Fv2%2Ftags&post=47155"},{"taxonomy":"theme","embeddable":true,"href":"https:\/\/www.bilten.org\/index.php?rest_route=%2Fwp%2Fv2%2Ftheme&post=47155"},{"taxonomy":"country","embeddable":true,"href":"https:\/\/www.bilten.org\/index.php?rest_route=%2Fwp%2Fv2%2Fcountry&post=47155"},{"taxonomy":"articleformat","embeddable":true,"href":"https:\/\/www.bilten.org\/index.php?rest_route=%2Fwp%2Fv2%2Farticleformat&post=47155"},{"taxonomy":"author","embeddable":true,"href":"https:\/\/www.bilten.org\/index.php?rest_route=%2Fwp%2Fv2%2Fcoauthors&post=47155"}],"curies":[{"name":"wp","href":"https:\/\/api.w.org\/{rel}","templated":true}]}}