{"id":47145,"date":"2024-06-20T09:27:37","date_gmt":"2024-06-20T08:27:37","guid":{"rendered":"https:\/\/www.bilten.org\/?p=47145"},"modified":"2024-06-24T10:32:52","modified_gmt":"2024-06-24T09:32:52","slug":"posle-izbora-moze-sve","status":"publish","type":"post","link":"https:\/\/www.bilten.org\/?p=47145","title":{"rendered":"Posle izbora mo\u017ee sve"},"content":{"rendered":"\n<p>Iako je otvaranje rudnika litijuma zaustavljeno 2022. odlukom Vlade, sva je prilika da kompanija Rio Tinto i vlast u Srbiji nikada nisu odustali od projekta. Zavr\u0161eni su izbori, Srpska napredna stranka je konsolidovala mo\u0107 i osigurala stabilnu vladavinu u narednom periodu. Iako gotovo da nikada ne mo\u017eemo biti sigurni, deluje da novih izbora ne\u0107e biti u bliskoj budu\u0107nosti. Aktuelnom predsedniku isti\u010de drugi predsedni\u010dki mandat 2028. (po aktuelnom Ustavu nema pravo da se ponovo kandiduje), dokle bi trebalo da traje mandat i Skup\u0161tine grada Beograda. Aktuelni saziv Narodne skup\u0161tine trebalo bi da zaseda do 2028.<\/p>\n\n\n\n<p>Masovni protesti po celoj Srbiji, blokade saobra\u0107ajnica i zna\u010dajna mobilizacija pokreta i politi\u010dkih stranaka doveli su do zaustavljanja projekta 2022. godine, uo\u010di tada\u0161njih parlamentarnih izbora. Ubrzo po zavr\u0161etku izbora, ponovo su, od strane najvi\u0161ih dr\u017eavnih zvani\u010dnika, dolazili signali da se od projekta nije odustalo. No, sve do nedavno zavr\u0161enih junskih izbora, nije bilo prostora da vlast otvoreno krene sa realizacijom.<\/p>\n\n\n\n<p>Predsednik Srbije je nedavno u&nbsp;<a href=\"https:\/\/www.ft.com\/content\/2bd0d74e-ff22-442e-8be1-1250fe4bf826\" target=\"_blank\" rel=\"noreferrer noopener\">intervjuu<\/a>&nbsp;Financial Timesu istakao da bi rudnik mogao da bude otvoren do kraja 2028. Navodno, mogu\u0107e je, uz po\u0161tovanje svih ekolo\u0161kih standarda, iskopati pedeset osam tona litijuma godi\u0161nje, \u0161to bi bilo dovoljno za proizvodnju vi\u0161e od milion elektri\u010dnih automobila u Evropskoj uniji, Da se ne\u0161to sprema, ukazuje studija, na dve hiljade stranice, objavljena od kompanije Rio Tinto, kojom se &#8220;dokazuje&#8221; da projekat Jadar nije \u0161tetan po \u017eivotnu sredinu<\/p>\n\n\n\n<h2 class=\"wp-block-heading\">Smisao javne debate<\/h2>\n\n\n\n<p>Malo je onih koji javno podr\u017eavaju otvaranje rudnika litijuma. Osim predstavnika vlasti, deo &#8220;proevropski&#8221; orijentisane javnosti podr\u017eava projekat. Interes predstavnika vlasti je jasan. Ovakvi projekti otvaraju veliki prostor za korupciju, a ni geopoliti\u010dke argumente ne treba olako odbacivati. I tu je dodirna ta\u010dka vlasti i &#8220;proevropske&#8221; javnosti.<\/p>\n\n\n\n<p>Dok prvi imaju nedvosmislen interes i priliku da steknu koji poen podr\u0161ke na me\u0111unarodnom planu, drugi projekat vide kao korak u pribli\u017eavanju Evropskoj uniji i jo\u0161 jednom pokazuju svoju politi\u010dku naivnost. U najmanju ruku, ka\u017eu, potrebno je otvoriti&nbsp;<a href=\"https:\/\/n1info.rs\/video\/iza-vesti\/iza-vesti-danijela-nestorovic-2\/\" target=\"_blank\" rel=\"noreferrer noopener\">debatu<\/a>&nbsp;o projektu, kao da u prethodnih nekoliko godina nije dovoljno re\u010deno i napisano o toj temi. Su\u010deljavanje argumenata i otvorena diskusija bi trebalo da navodno dovedu do najboljeg re\u0161enja.<\/p>\n\n\n\n<p>Litijum se nigde ne kopa u naseljenim podru\u010djima, tehnologija koju bi koristio Rio Tinto do sada nigde nije primenjivana i nema garancija da \u0107e u praksi biti po\u0161tovani ekolo\u0161ki standardi. Otvaranje debate (gde?) u trenutku kada su odnosi mo\u0107i nejednaki i kada vlast kontroli\u0161e sve televizije sa nacionalnom frekvencijom i ima veliki uticaj na javni servis, verovatno bi zna\u010dilo otvaranje prostora za propagandu Rio Tinta i na &#8220;objektivnim i nezavisnim&#8221; medijima.<\/p>\n\n\n\n<p>Da stvar bude bizarnija, vi\u0161e od sto eksperata koji su autori studije ne \u017eeli da javno bude poznato da su oni autori studije, jer se navodno pla\u0161e lin\u010da opozicione javnosti. Ne bi bilo iznena\u0111enje da vlast u narednom periodu drugu stranu prikazuje kao agresivnu manjinu koja \u0107e blokadama i protestima poku\u0161ati da zaustavi projekat od op\u0161teg interesa.<\/p>\n\n\n\n<h2 class=\"wp-block-heading\">Odluke<\/h2>\n\n\n\n<p>Predsednica Narodne skup\u0161tine, Ana Brnabi\u0107, najavila je da \u0107e studija biti predmet diskusije u parlamentu. Nije do kraja jasno \u0161ta bi trebalo da bude ishod diskusije, te po kom osnovu studije privatnih kompanija bivaju predmet parlamentarnih rasprava. To je o\u010dito jo\u0161 jedan indikator da je vlast namerila da sprovede projekat i da ga je potrebno legitimizovati na razli\u010dite na\u010dine.<\/p>\n\n\n\n<p>Predsednik Srbije jo\u0161 tokom protesta 2021. izjavio da \u0107e kona\u010dni sud o iskopavanju litijuma dati narod na referendumu. Naravno, i ovde je ostavljeno puno prostora za naknadna tuma\u010denja i opravdanja unapred donesenih odluka. Da li je re\u010d o nacionalnom ili lokalnom referendumu, ostaje otvoreno. Ukoliko bi se radilo o lokalnom referendumu, potrebno je definisati o kojoj se ta\u010dno teritoriji radi. Nema sumnje da \u0107e, ukoliko i bude referenduma, ishod biti unapred poznat. Svakako, odluku ne\u0107e doneti ni Narodna skup\u0161tina, ni narod na referendumu.<\/p>\n","protected":false},"excerpt":{"rendered":"<p>Iako je otvaranje rudnika litijuma zaustavljeno 2022. odlukom Vlade, sva je prilika da kompanija Rio Tinto i vlast u Srbiji nikada nisu odustali od projekta. Zavr\u0161eni su izbori, Srpska napredna stranka je konsolidovala mo\u0107 i osigurala stabilnu vladavinu u narednom periodu. Iako gotovo da nikada ne mo\u017eemo biti sigurni, deluje da novih izbora ne\u0107e biti [&hellip;]<\/p>\n","protected":false},"author":5,"featured_media":47148,"comment_status":"closed","ping_status":"closed","sticky":false,"template":"","format":"standard","meta":{"footnotes":""},"categories":[454],"tags":[334],"theme":[457],"country":[11],"articleformat":[205],"coauthors":[971],"class_list":["post-47145","post","type-post","status-publish","format-standard","has-post-thumbnail","hentry","category-naslovnica","tag-ekologija","theme-klima","country-srbija","articleformat-vijest"],"_links":{"self":[{"href":"https:\/\/www.bilten.org\/index.php?rest_route=\/wp\/v2\/posts\/47145","targetHints":{"allow":["GET"]}}],"collection":[{"href":"https:\/\/www.bilten.org\/index.php?rest_route=\/wp\/v2\/posts"}],"about":[{"href":"https:\/\/www.bilten.org\/index.php?rest_route=\/wp\/v2\/types\/post"}],"author":[{"embeddable":true,"href":"https:\/\/www.bilten.org\/index.php?rest_route=\/wp\/v2\/users\/5"}],"replies":[{"embeddable":true,"href":"https:\/\/www.bilten.org\/index.php?rest_route=%2Fwp%2Fv2%2Fcomments&post=47145"}],"version-history":[{"count":3,"href":"https:\/\/www.bilten.org\/index.php?rest_route=\/wp\/v2\/posts\/47145\/revisions"}],"predecessor-version":[{"id":47149,"href":"https:\/\/www.bilten.org\/index.php?rest_route=\/wp\/v2\/posts\/47145\/revisions\/47149"}],"wp:featuredmedia":[{"embeddable":true,"href":"https:\/\/www.bilten.org\/index.php?rest_route=\/wp\/v2\/media\/47148"}],"wp:attachment":[{"href":"https:\/\/www.bilten.org\/index.php?rest_route=%2Fwp%2Fv2%2Fmedia&parent=47145"}],"wp:term":[{"taxonomy":"category","embeddable":true,"href":"https:\/\/www.bilten.org\/index.php?rest_route=%2Fwp%2Fv2%2Fcategories&post=47145"},{"taxonomy":"post_tag","embeddable":true,"href":"https:\/\/www.bilten.org\/index.php?rest_route=%2Fwp%2Fv2%2Ftags&post=47145"},{"taxonomy":"theme","embeddable":true,"href":"https:\/\/www.bilten.org\/index.php?rest_route=%2Fwp%2Fv2%2Ftheme&post=47145"},{"taxonomy":"country","embeddable":true,"href":"https:\/\/www.bilten.org\/index.php?rest_route=%2Fwp%2Fv2%2Fcountry&post=47145"},{"taxonomy":"articleformat","embeddable":true,"href":"https:\/\/www.bilten.org\/index.php?rest_route=%2Fwp%2Fv2%2Farticleformat&post=47145"},{"taxonomy":"author","embeddable":true,"href":"https:\/\/www.bilten.org\/index.php?rest_route=%2Fwp%2Fv2%2Fcoauthors&post=47145"}],"curies":[{"name":"wp","href":"https:\/\/api.w.org\/{rel}","templated":true}]}}