{"id":47130,"date":"2024-06-19T10:30:46","date_gmt":"2024-06-19T09:30:46","guid":{"rendered":"https:\/\/www.bilten.org\/?p=47130"},"modified":"2024-06-20T09:27:49","modified_gmt":"2024-06-20T08:27:49","slug":"izmedu-fasizma-i-socijalizma-kapital-ce-uvijek-izabrati-fasizam","status":"publish","type":"post","link":"https:\/\/www.bilten.org\/?p=47130","title":{"rendered":"Izme\u0111u fa\u0161izma i socijalizma kapital \u0107e uvijek izabrati fa\u0161izam"},"content":{"rendered":"\n<p>Svijet bez sna\u017ene ljevice prili\u010dno je bizarno mjesto. Razlog je sasvim jednostavan: ako ne postoji popularna lijeva opcija koja nudi barem donekle alternativnu ekonomsku politiku, onda se prostor otvara za (ekstremno) desnu kritiku suvremene kapitalisti\u010dke ekonomije koja, blago re\u010deno, nije ba\u0161 opremljena za taj zahtjevni zadatak. Pa je tako mo\u017eda i najzastupljeniji oblik kritike posljednjih godina bio onaj koji je multinacionalne kompanije i investicijske fondove progla\u0161avao agentima &#8220;woke&#8221; ljevice. Desnica je, dakle, stala u obranu obi\u010dnih ljudi u sukobu s ljevi\u010darskim kapitalistima koji u odjelima za ljudske resurse promoviraju ideologije razli\u010ditosti i ostale &#8220;bolesti&#8221; suvremenog svijeta. Izlaz iz te bizarne podjele politi\u010dkih uloga \u010dinio se toliko nemogu\u0107im da su i brojni ljevi\u010dari po\u010deli pristajati na nju i tretirati desnicu kao uvjerljivu alternativu i inspiraciju. Ili se naprosto radilo o kombinaciji intelektualne lijenosti i politi\u010dkog oportunizma.<\/p>\n\n\n\n<p>\u010cinilo se da smo u za\u010daranom krugu. I onda se u svojstvu nehoti\u010dnog dekontaminatora dru\u0161tveno-politi\u010dke stvarnosti na sceni pojavio francuski predsjednik Emmanuel Macron. On je nakon debakla na izborima za Europski parlament raspustio nacionalni parlament i sazvao hitne izbore. O mo\u017eebitnim motivima prepu\u0161tanja vlasti Nacionalnom okupljanju Marine Le Pen ve\u0107 smo <a href=\"https:\/\/www.bilten.org\/?p=47095\">pisali<\/a>, a u me\u0111uvremenu se dogodila i konsolidacija ljevice u obliku &#8220;novog narodnog fronta&#8221; koji ozbiljno konkurira desnici. Svojevrsna redukcija politi\u010dkog sukoba uznemirila je i tr\u017ei\u0161ta. Kao \u0161to znamo, tr\u017ei\u0161ta nikad nisu anonimna i iza te maske objektivnosti stoje i konkretni interesi konkretnih aktera. Njima se <a href=\"https:\/\/www.ft.com\/content\/e28f9753-1770-4c8c-91d8-e7bb7ed44feb\">obratio<\/a> Financial Times u nadi da sazna kako di\u0161u u ovom politi\u010dkom trenutku.<\/p>\n\n\n\n<p>Francuski financijski i korporativni lideri izrazili su poprili\u010dnu zabrinutost. Ali i vrlo lako odabrali stranu. Rije\u010dima jednog od njih, do prije dva tjedna \u010dinilo se gotovo nemogu\u0107im da poslovni lideri pru\u017ee podr\u0161ku Nacionalnom okupljanju \u010dije su anti-imigrantske politike i labave ra\u010dunice fiskalnih rezova sugerirale prili\u010dnu politi\u010dko-ekonomsku neizvjesnost. No, \u010dini se da nema te neizvjesnosti koja bi upla\u0161ila bur\u017eoaziju vi\u0161e od izvjesnih ve\u0107ih poreza i redistribucijskog zaokreta koji nudi novi narodni front. Iako se iz perspektive povijesti i tradicije lijevih ekonomskih politika program francuske ljevice \u010dini skromnim, predstavnici kapitalisti\u010dke klase nisu odoljeli da ga proglase signalom za napu\u0161tanje kapitalisti\u010dke ekonomije. I da Nacionalno okupljanje istaknu za po\u017eeljnijeg politi\u010dkog partnera jer njihov program zapravo ne iska\u010de s uobi\u010dajenog kolosijeka. A to su, navodi \u010dlanak, vrlo brzo potvrdili i \u010delnici stranke tijekom sastanaka s najva\u017enijim predstavnicima poslovnog svijeta.<\/p>\n\n\n\n<p>I odjednom smo se vratili u suvisliji politi\u010dki kontekst. Suvisliji u smislu da je podjela izme\u0111u desnice i ljevice politi\u010dki i zna\u010denjski stabilna i da su ogoljeni prioriteti kapitala. Davna je to povijesna lekcija koja je slabljenjem ljevice ispala iz kurikuluma. A ona glasi da se kapitalisti\u010dka klasa, ako je prisiljena na izbor, kao na primjer u me\u0111uratnom periodu, izme\u0111u socijalizma i fa\u0161izma uvijek odlu\u010duje za fa\u0161izam. Ne radi se u ovom konkretnom francuskom primjeru ni o socijalizmu u politi\u010dkom sadr\u017eaju ni o fa\u0161izmu u tehni\u010dkom smislu. Ali zato je lekcija jo\u0161 sna\u017enija: dovoljna je samo popularnost osnovnih redistribucijskih programskih zahtjeva da se politi\u010dki prostor dekontaminira i o\u010disti od bizarnih podjela uloga i teorija zavjere. Nije nimalo lako do\u0107i do tog cilja \u2013 zahtijeva kompleksan politi\u010dki rad \u2013 ali barem je jednostavan i jasan.<\/p>\n","protected":false},"excerpt":{"rendered":"<p>Svijet bez sna\u017ene ljevice prili\u010dno je bizarno mjesto. Razlog je sasvim jednostavan: ako ne postoji popularna lijeva opcija koja nudi barem donekle alternativnu ekonomsku politiku, onda se prostor otvara za (ekstremno) desnu kritiku suvremene kapitalisti\u010dke ekonomije koja, blago re\u010deno, nije ba\u0161 opremljena za taj zahtjevni zadatak. Pa je tako mo\u017eda i najzastupljeniji oblik kritike posljednjih [&hellip;]<\/p>\n","protected":false},"author":5,"featured_media":47132,"comment_status":"closed","ping_status":"closed","sticky":false,"template":"","format":"standard","meta":{"footnotes":""},"categories":[454],"tags":[1126,775],"theme":[456],"country":[495],"articleformat":[205],"coauthors":[90],"class_list":["post-47130","post","type-post","status-publish","format-standard","has-post-thumbnail","hentry","category-naslovnica","tag-kapital","tag-kapitalizam","theme-politika","country-europska-unija","articleformat-vijest"],"_links":{"self":[{"href":"https:\/\/www.bilten.org\/index.php?rest_route=\/wp\/v2\/posts\/47130","targetHints":{"allow":["GET"]}}],"collection":[{"href":"https:\/\/www.bilten.org\/index.php?rest_route=\/wp\/v2\/posts"}],"about":[{"href":"https:\/\/www.bilten.org\/index.php?rest_route=\/wp\/v2\/types\/post"}],"author":[{"embeddable":true,"href":"https:\/\/www.bilten.org\/index.php?rest_route=\/wp\/v2\/users\/5"}],"replies":[{"embeddable":true,"href":"https:\/\/www.bilten.org\/index.php?rest_route=%2Fwp%2Fv2%2Fcomments&post=47130"}],"version-history":[{"count":2,"href":"https:\/\/www.bilten.org\/index.php?rest_route=\/wp\/v2\/posts\/47130\/revisions"}],"predecessor-version":[{"id":47133,"href":"https:\/\/www.bilten.org\/index.php?rest_route=\/wp\/v2\/posts\/47130\/revisions\/47133"}],"wp:featuredmedia":[{"embeddable":true,"href":"https:\/\/www.bilten.org\/index.php?rest_route=\/wp\/v2\/media\/47132"}],"wp:attachment":[{"href":"https:\/\/www.bilten.org\/index.php?rest_route=%2Fwp%2Fv2%2Fmedia&parent=47130"}],"wp:term":[{"taxonomy":"category","embeddable":true,"href":"https:\/\/www.bilten.org\/index.php?rest_route=%2Fwp%2Fv2%2Fcategories&post=47130"},{"taxonomy":"post_tag","embeddable":true,"href":"https:\/\/www.bilten.org\/index.php?rest_route=%2Fwp%2Fv2%2Ftags&post=47130"},{"taxonomy":"theme","embeddable":true,"href":"https:\/\/www.bilten.org\/index.php?rest_route=%2Fwp%2Fv2%2Ftheme&post=47130"},{"taxonomy":"country","embeddable":true,"href":"https:\/\/www.bilten.org\/index.php?rest_route=%2Fwp%2Fv2%2Fcountry&post=47130"},{"taxonomy":"articleformat","embeddable":true,"href":"https:\/\/www.bilten.org\/index.php?rest_route=%2Fwp%2Fv2%2Farticleformat&post=47130"},{"taxonomy":"author","embeddable":true,"href":"https:\/\/www.bilten.org\/index.php?rest_route=%2Fwp%2Fv2%2Fcoauthors&post=47130"}],"curies":[{"name":"wp","href":"https:\/\/api.w.org\/{rel}","templated":true}]}}