{"id":46770,"date":"2024-04-26T14:36:26","date_gmt":"2024-04-26T13:36:26","guid":{"rendered":"https:\/\/www.bilten.org\/?p=46770"},"modified":"2024-04-26T14:40:09","modified_gmt":"2024-04-26T13:40:09","slug":"nitko-to-ne-voli-vruce","status":"publish","type":"post","link":"https:\/\/www.bilten.org\/?p=46770","title":{"rendered":"Nitko to ne voli vru\u0107e"},"content":{"rendered":"\n<p>Broj ljudi koji umiru na radnom mjestu zbog ekstremnih vru\u0107ina u Europskoj uniji raste br\u017ee nego u bilo kojem drugom dijelu svijeta, pokazuje analiza Me\u0111unarodne organizacije rada (ILO). U 2020. godini na podru\u010dju Europske unije 80.800 ljudi pretrpjelo je ozljede na radu zbog izlo\u017eenosti toplini, a \u010dak 67 ljudi je umro od posljedica rada na ekstremnim vru\u0107inama, \u0161to je porast smrtnih slu\u010dajeva na radnom mjestu uzrokovanih vru\u0107inom od 42 posto u odnosu na 2000. godinu. Deset zemalja s najve\u0107im porastom smrtnih slu\u010dajeva povezanih s vru\u0107inom od 2000. su Island, Irska, Danska, \u010ce\u0161ka, Norve\u0161ka, Austrija, \u0160vicarska, Novi Zeland, Slovenija i Slova\u010dka.<\/p>\n\n\n\n<p>Prema Europskoj agenciji za okoli\u0161, toplinskim udarima posebno su izlo\u017eeni radnici u poljoprivredi, gra\u0111evinarstvu, odr\u017eavanju ulica i prikupljanju otpada. Kada temperature porastu iznad 30\u00b0C, rizik od nesre\u0107a na radu se pove\u0107ava za 5-7%, a kada temperature pre\u0111u 38\u00b0C, nesre\u0107e su izme\u0111u 10% i 15% \u010de\u0161\u0107e, pokazuju istra\u017eivanja. Kao \u0161to smo ve\u0107 <a href=\"https:\/\/www.bilten.org\/?p=39108\">pisali<\/a> na primjeru radnika u poljoprivredi, tek je smrt jednog od radnika nakon radnog dana na vru\u0107ini od 40 stupnjeva bila dovoljan povod da se u talijanskoj regiji Apulija uvede zabrana rada tijekom najtoplijih sati, kao i smrt dvojice migrantskih radnika u Jordanu nakon \u010dega je zabranjen rad na suncu izme\u0111u 11 i 17 sati, a radnicima od tada mora biti dostupna hladna voda.<\/p>\n\n\n\n<p>Europska sindikalna konfederacija (ETUC) u svom priop\u0107enju <a href=\"https:\/\/etuc.org\/en\/pressrelease\/heat-deaths-work-40-eu\">prisje\u0107a<\/a> se i nekoliko tragedija od pro\u0161log ljeta: smrti 60-godi\u0161njeg radnika u skladi\u0161tu u gradu M\u00f3stoles u blizini Madrida, gdje je vru\u0107ina dosegla 46\u00b0C; smrti 75-godi\u0161njeg radnika na gradili\u0161tu Amazonovog skladi\u0161ta u Italiji na temperaturi oko 40\u00b0C; smrti 44-godi\u0161njeg gra\u0111evinca u Francuskoj na visokim temperaturama, kao i smrti radnika sa sr\u010danim problemima u brodogradili\u0161tu Elefsina, nakon \u0161to je bio prisiljen raditi na vru\u0107ini od 37\u00b0C.<\/p>\n\n\n\n<p>Zato ETUC u svom manifestu povodom izbora za Europski parlament poziva na dono\u0161enje zakona koji bi uveo temperaturna ograni\u010denja za rad kako bi se radnici za\u0161titili od rizika povezanih s klimatskim promjenama. Nakon ETUC-ove <a href=\"\">kampanje<\/a> kojom je skrenuta pozornost na ovu temu, Europska komisija poduzela je prve korake u za\u0161titi radnika od ekstremnih vru\u0107ina pro\u0161log ljeta izdavanjem smjernica za poslodavce. Unato\u010d rastu\u0107em riziku od smrtnih slu\u010dajeva i \u0161tete po zdravlje, samo nekoliko europskih zemalja ima zakone za za\u0161titu radnika tijekom toplinskih valova, uz velike <a href=\"https:\/\/www.etuc.org\/en\/pressrelease\/climate-crisis-requires-eu-law-maximum-working-temperatures\">razlike<\/a> u ograni\u010denjima. Prema ETUC-u, Europska komisija trebala bi donijeti obvezuju\u0107i zakon koji bi osigurao da radnici imaju pravo prekinuti rad i uzeti pauzu za vrijeme velikih vru\u0107ina, pravo na pitku vodu, pristup zasjenjenom prostoru i za\u0161titnu odje\u0107u, te da se postupanju s rizicima od vru\u0107ine upravlja putem kolektivnog pregovaranja sa sindikatima i obukom o toplinskom stresu za radnike u riziku od toplinskih udara.<\/p>\n\n\n\n<p>Konfederalni tajnik ETUC-a Giulio Romani povodom obilje\u017eavanja nadolaze\u0107eg Dana sje\u0107anja na radnike (28. travnja) izjavio je: &#8220;Ne mo\u017eemo prihvatiti da svakog ljeta deseci radnika bespotrebno izgube \u017eivote jer nismo prilagodili svoje radne prakse promjenjivoj klimi. Prilagodba radnog vremena kako bi se izbjegao najtopliji dio dana zdravorazumski je na\u010din za\u0161tite radnika uz odr\u017eavanje produktivnosti. Sve ve\u0107i broj smrtnih slu\u010dajeva diljem Europe pokazuje da poslodavci to ne \u010dine, zbog \u010dega Komisija to mora u\u010diniti obvezom putem zakona o maksimalnim radnim temperaturama.&#8221;<\/p>\n\n\n\n<p>Osim smrtnih slu\u010dajeva, tu su i rizici za zdravlje radnika izlo\u017eenih sun\u010devom zra\u010denju, zbog \u010dega je isto potrebno za\u0161titi radnike na otvorenom. ETUC je ove jeseni po\u010deo <a href=\"https:\/\/www.etuc.org\/en\/pressrelease\/cancer-survey-shows-need-protect-outdoor-workers\">zahtijevati<\/a> stro\u017eu za\u0161titu radnika na otvorenom, pozivaju\u0107i se na rezultate <a href=\"https:\/\/osha.europa.eu\/en\/publications\/occupational-cancer-risk-factors-europe-first-findings-workers-exposure-survey\">istra\u017eivanja<\/a> Europske agencije za sigurnost i zdravlje na radu, koje je pokazalo da je izlo\u017eenost sun\u010devom UV zra\u010denju naj\u010de\u0161\u0107i rizik od raka s kojim se suo\u010davaju europski radnici. Svaki peti radnik (20,8% radnika) tijekom radnog vremena izlo\u017een je sun\u010devom UV zra\u010denju, pokazali su rezultati istra\u017eivanja, a rizik od melanoma ve\u0107i je od svih drugih rizika od raka na radu. Posebno su ugro\u017eeni radnici u gra\u0111evinarstvu, poljoprivredi, hitnim slu\u017ebama i transportu.<\/p>\n","protected":false},"excerpt":{"rendered":"<p>Broj ljudi koji umiru na radnom mjestu zbog ekstremnih vru\u0107ina u Europskoj uniji raste br\u017ee nego u bilo kojem drugom dijelu svijeta, pokazuje analiza Me\u0111unarodne organizacije rada (ILO). U 2020. godini na podru\u010dju Europske unije 80.800 ljudi pretrpjelo je ozljede na radu zbog izlo\u017eenosti toplini, a \u010dak 67 ljudi je umro od posljedica rada na [&hellip;]<\/p>\n","protected":false},"author":9,"featured_media":46773,"comment_status":"closed","ping_status":"closed","sticky":false,"template":"","format":"standard","meta":{"footnotes":""},"categories":[454],"tags":[371,668,1815],"theme":[457,455],"country":[495],"articleformat":[205],"coauthors":[241],"class_list":["post-46770","post","type-post","status-publish","format-standard","has-post-thumbnail","hentry","category-naslovnica","tag-klima","tag-radnicka-prava","tag-vrucine","theme-klima","theme-rad","country-europska-unija","articleformat-vijest"],"_links":{"self":[{"href":"https:\/\/www.bilten.org\/index.php?rest_route=\/wp\/v2\/posts\/46770","targetHints":{"allow":["GET"]}}],"collection":[{"href":"https:\/\/www.bilten.org\/index.php?rest_route=\/wp\/v2\/posts"}],"about":[{"href":"https:\/\/www.bilten.org\/index.php?rest_route=\/wp\/v2\/types\/post"}],"author":[{"embeddable":true,"href":"https:\/\/www.bilten.org\/index.php?rest_route=\/wp\/v2\/users\/9"}],"replies":[{"embeddable":true,"href":"https:\/\/www.bilten.org\/index.php?rest_route=%2Fwp%2Fv2%2Fcomments&post=46770"}],"version-history":[{"count":4,"href":"https:\/\/www.bilten.org\/index.php?rest_route=\/wp\/v2\/posts\/46770\/revisions"}],"predecessor-version":[{"id":46777,"href":"https:\/\/www.bilten.org\/index.php?rest_route=\/wp\/v2\/posts\/46770\/revisions\/46777"}],"wp:featuredmedia":[{"embeddable":true,"href":"https:\/\/www.bilten.org\/index.php?rest_route=\/wp\/v2\/media\/46773"}],"wp:attachment":[{"href":"https:\/\/www.bilten.org\/index.php?rest_route=%2Fwp%2Fv2%2Fmedia&parent=46770"}],"wp:term":[{"taxonomy":"category","embeddable":true,"href":"https:\/\/www.bilten.org\/index.php?rest_route=%2Fwp%2Fv2%2Fcategories&post=46770"},{"taxonomy":"post_tag","embeddable":true,"href":"https:\/\/www.bilten.org\/index.php?rest_route=%2Fwp%2Fv2%2Ftags&post=46770"},{"taxonomy":"theme","embeddable":true,"href":"https:\/\/www.bilten.org\/index.php?rest_route=%2Fwp%2Fv2%2Ftheme&post=46770"},{"taxonomy":"country","embeddable":true,"href":"https:\/\/www.bilten.org\/index.php?rest_route=%2Fwp%2Fv2%2Fcountry&post=46770"},{"taxonomy":"articleformat","embeddable":true,"href":"https:\/\/www.bilten.org\/index.php?rest_route=%2Fwp%2Fv2%2Farticleformat&post=46770"},{"taxonomy":"author","embeddable":true,"href":"https:\/\/www.bilten.org\/index.php?rest_route=%2Fwp%2Fv2%2Fcoauthors&post=46770"}],"curies":[{"name":"wp","href":"https:\/\/api.w.org\/{rel}","templated":true}]}}