{"id":4660,"date":"2015-02-12T11:00:33","date_gmt":"2015-02-12T10:00:33","guid":{"rendered":"http:\/\/www.bilten.org\/?p=4660"},"modified":"2015-02-12T11:32:44","modified_gmt":"2015-02-12T10:32:44","slug":"hrvatska-legija-i-cetnici-u-ukrajini","status":"publish","type":"post","link":"https:\/\/www.bilten.org\/?p=4660","title":{"rendered":"&#8220;Hrvatska legija&#8221; i &#8220;\u010detnici&#8221; u Ukrajini"},"content":{"rendered":"<p><strong>Regrutacija dobrovoljaca<\/strong><\/p>\n<p>Sredi\u0161nji dnevnik Hrvatske radiotelevizije <a href=\"http:\/\/www.hrt.hr\/enz\/dnevnik\/271823\/\" target=\"_blank\">emitirao je ju\u010der<\/a> snimljeni telefonski razgovor s izvjesnim Ivom Duman\u010di\u0107em koji je predstavljan kao hrvatski dobrovoljac u Ukrajini i donedavni instruktor taktike topni\u0161tva u ministarstvu obrane. U pa\u017eljivo pripremanoj izjavi, Duman\u010di\u0107 je nekoliko puta ponovio kako nije pla\u0107enik jer se bori za &#8220;jako malu pla\u0107u&#8221; te ispri\u010dao da se borbi pridru\u017eio kako bi &#8220;pomogao ukrajinskom narodu&#8221;. Na pitanje kako je regrutiran Duman\u010di\u0107 je oprezno rekao da je preko dru\u0161tvenih mre\u017ea &#8220;\u010duo za sastanak&#8221; u zagreba\u010dkoj Kusto\u0161iji na kojem je dogovoren odlazak. Pre\u0161utio je da je odlazak, regrutaciju i obuku organizirala me\u0111unarodna nacisti\u010dka organizacija koja se naziva <a href=\"http:\/\/misanthropic.info\/en\/\" target=\"_blank\">Misanthropic Division<\/a> (MD). Rije\u010d je o relativno neobi\u010dnoj i <a href=\"http:\/\/misanthropic.info\/en\/article\/36\/\" target=\"_blank\">opskurnoj<\/a> pojavi na europskoj ekstremno desni\u010darskoj sceni, jer samozvani &#8220;\u010dovjekomrsci&#8221; jo\u0161 uvijek inzistiraju na <a href=\"http:\/\/misanthropic.info\/en\/article\/149\/\" target=\"_blank\">kombinaciji<\/a> rasnih teorija, romanti\u010darskog elitizma, vlastite interpretacije Nietzschea i nordijskog paganizma.<\/p>\n<p>Nasuprot pri\u010di o &#8220;pomo\u0107i Ukrajincima&#8221; ili &#8220;borbi protiv Srba i Rusa&#8221; kako su svoju motivaciju predstavljali dobrovoljci u doma\u0107im medijima, Misanthropic Division <a href=\"https:\/\/vk.com\/mdkroatien\" target=\"_blank\">rat u Ukrajini<\/a> zapravo vidi kao pripremu za predstoje\u0107i veliki <a href=\"https:\/\/www.facebook.com\/392137770964494\/photos\/a.392216490956622.1073741828.392137770964494\/402432926601645\/?type=1\" target=\"_blank\">rasni rat<\/a> u kojem \u0107e &#8220;boja tvoje ko\u017ee biti tvoj znamen&#8221;. MD sebe naziva i &#8220;<a href=\"http:\/\/misanthropic.info\/en\/article\/108\/\" target=\"_blank\">unucima Wotana<\/a>&#8220;, prema germanskom poganskom bo\u017eanstvu koje je dalo ime i nacisti\u010dkoj defanzivnoj liniji u Ukrajini u <a href=\"https:\/\/gs1.wac.edgecastcdn.net\/8019B6\/data.tumblr.com\/e9cadac9e4d2e869877b5ed133703a51\/tumblr_niqai2wJCn1u4ppmuo1_1280.png\" target=\"_blank\">ljeto 1943.<\/a>, a sama organizacija je nastala u krugovima isto\u010dnoeuropskih nacista (Rusija, Bjelorusija, Ukrajina) da bi se pro\u0161irila i planski ja\u010dala tijekom rata u Ukrajini. Mizantropi za svojeg za sad <a href=\"http:\/\/misanthropic.info\/en\/news\/121\/\" target=\"_blank\">jedinog poginulog<\/a>, \u0160ve\u0111ana &#8220;vikin\u0161kog porijekla&#8221;, ka\u017eu da je &#8220;preselio na Valhallu&#8221;, a kako izgleda njihov &#8220;rasni rat&#8221; dobro ilustrira podr\u0161ka njihovim <a href=\"http:\/\/misanthropic.info\/en\/article\/132\/\" target=\"_blank\">ruskim prijateljima<\/a> koji su pohvaljeni jer su vi\u0161estruko osu\u0111ivani za napade na migrante.<\/p>\n<p><b>Bratska mr\u017enja<\/b><\/p>\n<p>Unato\u010d \u010dinjenici da su sve ove informacije objavili sami dobrovoljci, ministrica vanjskih poslova Vesna Pusi\u0107 na novinarsko pitanje o odlascima u Ukrajinu umiruju\u0107e je odgovorila kako &#8220;SOA [Sigurnosno-obavje\u0161tajna agencija] sve prati&#8221; sugeriraju\u0107i kako je zapravo sve u redu te kako nema Hrvata u &#8220;paravojnim postrojbama&#8221;. No razlika izme\u0111u paravojnih i regularnih postrojbi u ovom je ratu vrlo tanka. Naime, MD <a href=\"https:\/\/www.youtube.com\/watch?v=uolR4N6-YFw\" target=\"_blank\">dobrovoljce regrutira<\/a> u sastav tzv. <a href=\"https:\/\/www.facebook.com\/pages\/AZOV-Hrvatska\/729776193804088\" target=\"_blank\">bataljona Azov<\/a> smje\u0161tenog u Mariupolju koji je <em>de facto<\/em> paravojna jedinica notornog Desnog sektora i drugih <a href=\"http:\/\/mdfrance.tumblr.com\/image\/109761876689\" target=\"_blank\">nacisti\u010dkih organizacija<\/a>. U sklopu postmajdanske pacifikacije Azov je po\u010deo dobivati pla\u0107u od ukrajinskog Ministarstva unutarnjih poslova, ali to nije ni malo promijenilo <a href=\"http:\/\/ukrainianpolicy.com\/look-far-right-and-look-right-again\/\" target=\"_blank\">njegov karakter<\/a>, a nacisti\u010dka simbolika i zazivanje &#8220;rasnog rata&#8221; nije nestalo. Iako je sada sasvim jasno kako u Hrvatskoj postoji organizirana mre\u017ea koja preko nacisti\u010dkih krugova regrutira za &#8220;rasni rat&#8221;, te\u0161ko se oteti dojmu da doma\u0107e institucije nisu zabrinute prije svega zato \u0161to doma\u0107i nacisti ipak ratuju na strani koju podr\u017eava i slu\u017ebena vanjska politika RH.<\/p>\n<p>Radi se o dramati\u010dno druga\u010dijem tretmanu od onog koji slijedi npr. dobrovoljcima samozvane Islamske dr\u017eave, koja nije ni\u0161ta bolja ni ni\u0161ta gora od &#8220;divizije \u010dovjekomrzaca&#8221;. No dok je jedan grafit u Gornjoj Mao\u010di uzbunio cijelu regiju, samozvana &#8220;Hrvatska legija&#8221; dobiva pohvalan tretman na medijima, uklju\u010duju\u0107i i HRT. Srbija je prije nekoliko mjeseci odlazak na stranu frontu u\u010dinila ilegalnim, prije svega zbog <a href=\"http:\/\/www.telegraf.rs\/vesti\/1190968-srpski-cetnici-u-ukrajini-mi-smo-dobrovoljci-a-ne-placenici\" target=\"_blank\">tzv. \u010detnika<\/a> koji su odlazili da se bore na strani &#8220;Novorusije&#8221;, iako naposljetku nitko od njih nakon ispitivanja nije uhap\u0161en. U me\u0111uvremeno, umjesto bradatih pravoslavnih &#8220;slavjanofila&#8221; (koje nacisti nazivaju &#8220;gibani\u010darima&#8221;), inicijativu su preuzele grupe <a href=\"http:\/\/www.blic.rs\/Vesti\/Hronika\/517442\/SAZNAJEMO-Nacisti-iz-Srbije-ratuju-u-Ukrajini\" target=\"_blank\">srpskih nacista<\/a> koje na strani &#8220;Novorusije&#8221; ratuju protiv svoje ideolo\u0161ke bra\u0107e. S obzirom na to da je motivacija za odlazak u rat prije svega vje\u017ebanje &#8220;rasnog rata&#8221; ne treba \u010duditi ako se srpski &#8220;nacionalsocijalisti&#8221; na\u0111u i na <a href=\"https:\/\/gs1.wac.edgecastcdn.net\/8019B6\/data.tumblr.com\/b492ce3101f374f1fdbdd5653350eec7\/tumblr_ngimhiPBTp1u4ppmuo1_400.jpg\" target=\"_blank\">suprotstavljenim stranama<\/a>. MD naime poku\u0161ava osnovati filijalu i <a href=\"https:\/\/www.facebook.com\/pages\/Misanthropic-Division-Serbia\/580396465424434\" target=\"_blank\">u Srbiji<\/a>.<\/p>\n<p>No bez obzira na to na \u010dijoj se strani bore doma\u0107i nacisti, u jednom ostaju dosljedni \u2013 slu\u017ee kao topovsko meso za interese stranih sila koje trenutno pregovaraju o sporazumu koji \u0107e odrediti sudbinu i Ukrajine i dobrog dijela Europe. Sre\u0107a u nesre\u0107i je da su cini\u010dne kalkulacije velikih sila jo\u0161 uvijek va\u017enije od &#8220;rasnog rata&#8221; koji postoji samo u glavama pojedinaca izgubljenih u vremenu i prostoru.<\/p>\n","protected":false},"excerpt":{"rendered":"<p>Regrutacija dobrovoljaca Sredi\u0161nji dnevnik Hrvatske radiotelevizije emitirao je ju\u010der snimljeni telefonski razgovor s izvjesnim Ivom Duman\u010di\u0107em koji je predstavljan kao hrvatski dobrovoljac u Ukrajini i donedavni instruktor taktike topni\u0161tva u ministarstvu obrane. U pa\u017eljivo pripremanoj izjavi, Duman\u010di\u0107 je nekoliko puta ponovio kako nije pla\u0107enik jer se bori za &#8220;jako malu pla\u0107u&#8221; te ispri\u010dao da se [&hellip;]<\/p>\n","protected":false},"author":10,"featured_media":4667,"comment_status":"closed","ping_status":"closed","sticky":false,"template":"","format":"standard","meta":{"footnotes":""},"categories":[],"tags":[],"theme":[],"country":[],"articleformat":[205],"coauthors":[16],"class_list":["post-4660","post","type-post","status-publish","format-standard","has-post-thumbnail","hentry","articleformat-vijest"],"_links":{"self":[{"href":"https:\/\/www.bilten.org\/index.php?rest_route=\/wp\/v2\/posts\/4660","targetHints":{"allow":["GET"]}}],"collection":[{"href":"https:\/\/www.bilten.org\/index.php?rest_route=\/wp\/v2\/posts"}],"about":[{"href":"https:\/\/www.bilten.org\/index.php?rest_route=\/wp\/v2\/types\/post"}],"author":[{"embeddable":true,"href":"https:\/\/www.bilten.org\/index.php?rest_route=\/wp\/v2\/users\/10"}],"replies":[{"embeddable":true,"href":"https:\/\/www.bilten.org\/index.php?rest_route=%2Fwp%2Fv2%2Fcomments&post=4660"}],"version-history":[{"count":13,"href":"https:\/\/www.bilten.org\/index.php?rest_route=\/wp\/v2\/posts\/4660\/revisions"}],"predecessor-version":[{"id":4680,"href":"https:\/\/www.bilten.org\/index.php?rest_route=\/wp\/v2\/posts\/4660\/revisions\/4680"}],"wp:featuredmedia":[{"embeddable":true,"href":"https:\/\/www.bilten.org\/index.php?rest_route=\/wp\/v2\/media\/4667"}],"wp:attachment":[{"href":"https:\/\/www.bilten.org\/index.php?rest_route=%2Fwp%2Fv2%2Fmedia&parent=4660"}],"wp:term":[{"taxonomy":"category","embeddable":true,"href":"https:\/\/www.bilten.org\/index.php?rest_route=%2Fwp%2Fv2%2Fcategories&post=4660"},{"taxonomy":"post_tag","embeddable":true,"href":"https:\/\/www.bilten.org\/index.php?rest_route=%2Fwp%2Fv2%2Ftags&post=4660"},{"taxonomy":"theme","embeddable":true,"href":"https:\/\/www.bilten.org\/index.php?rest_route=%2Fwp%2Fv2%2Ftheme&post=4660"},{"taxonomy":"country","embeddable":true,"href":"https:\/\/www.bilten.org\/index.php?rest_route=%2Fwp%2Fv2%2Fcountry&post=4660"},{"taxonomy":"articleformat","embeddable":true,"href":"https:\/\/www.bilten.org\/index.php?rest_route=%2Fwp%2Fv2%2Farticleformat&post=4660"},{"taxonomy":"author","embeddable":true,"href":"https:\/\/www.bilten.org\/index.php?rest_route=%2Fwp%2Fv2%2Fcoauthors&post=4660"}],"curies":[{"name":"wp","href":"https:\/\/api.w.org\/{rel}","templated":true}]}}