{"id":46587,"date":"2024-03-21T11:35:18","date_gmt":"2024-03-21T10:35:18","guid":{"rendered":"https:\/\/www.bilten.org\/?p=46587"},"modified":"2024-03-22T09:55:46","modified_gmt":"2024-03-22T08:55:46","slug":"radnicka-klasa-ne-glasa","status":"publish","type":"post","link":"https:\/\/www.bilten.org\/?p=46587","title":{"rendered":"Radni\u010dka klasa ne glasa"},"content":{"rendered":"\n<p>Relativno nezapa\u017eeno u javnosti pro\u0161la je nedavno objavljena studija o socijalnoj pozadini apstinenata na izborima u Hrvatskoj u protekla dva desetlje\u0107a, koja je pokazala da na izbore najmanje izlaze mladi, ni\u017ee obazovani i radni\u010dka klasa. Malobrojni komentatori nisku izlaznost tuma\u010de kao posljedicu nedovoljne politi\u010dke obrazovanosti gra\u0111anstva. Dora Leva\u010di\u0107 i Marko Kostani\u0107 ponudili su alternativnu interpretaciju rezultata koje su stavili i u kontekst predstoje\u0107ih parlamentarnih izbora.<\/p>\n\n\n\n<p>&#8220;Radni\u010dka klasa ne glasa&#8221; bio bi dobar&nbsp;sa\u017eetak&nbsp;<a href=\"https:\/\/croatia.fes.de\/e\/tko-ne-glasa-u-hrvatskoj\" target=\"_blank\" rel=\"noreferrer noopener\">studije<\/a>&nbsp;&#8220;Tko (ne) glasa u Hrvatskoj?&#8221;&nbsp;koja je fri\u0161ko iza\u0161la&nbsp;u izdanju Friedrich Ebert Stiftunga. Autori&nbsp;su<strong>&nbsp;<\/strong>analizirali sedam&nbsp;predizbornih i postizbornih istra\u017eivanja provedenih od 2003. do 2020. godine, u periodu postupnog pada izborne izlaznosti u Hrvatskoj. Rezultati pokazuju da na izbore najrje\u0111e izlaze&nbsp;mladi, manje obrazovani&nbsp;i pripadnici radni\u010dke klase,&nbsp;a te se kategorije \u010desto preklapaju \u2013&nbsp;mladi op\u0107enito \u010de\u0161\u0107e&nbsp;smatraju da njihovi interesi nisu adekvatno zastupljeni u politici, a&nbsp;mladi iz radni\u010dke klase&nbsp;u dobi od 18 do 21 godinu&nbsp;\u010dine skupinu koja najmanje ide na izbore.<\/p>\n\n\n\n<p>Autori studije ne ulaze detaljnije u obja\u0161njenje rezultata, a&nbsp;neki politi\u010dki&nbsp;<a href=\"https:\/\/www.tportal.hr\/vijesti\/clanak\/hoce-li-ratni-bubnjevi-ljevice-i-desnice-mobilizirati-gradane-ili-je-vrijeme-za-batine-foto-20240319?meta_refresh=1\" target=\"_blank\" rel=\"noreferrer noopener\">k<\/a><a href=\"https:\/\/www.tportal.hr\/vijesti\/clanak\/hoce-li-ratni-bubnjevi-ljevice-i-desnice-mobilizirati-gradane-ili-je-vrijeme-za-batine-foto-20240319?meta_refresh=1\" target=\"_blank\" rel=\"noreferrer noopener\">omentatori<\/a>&nbsp;krivca&nbsp;za visoku izbornu apstinenciju&nbsp;<a href=\"https:\/\/www.tportal.hr\/vijesti\/clanak\/hrvatska-medu-cetiri-zemlje-s-najnizim-stopama-izlaznosti-na-izbore-u-europi-20240312?meta_refresh=1\" target=\"_blank\" rel=\"noreferrer noopener\">prona\u0161li<\/a>&nbsp;su u nedovoljnoj zastupljenosti demokratske kulture u obrazovnom sustavu. Kao mogu\u0107e rje\u0161enje spominje se spu\u0161tanje dobne granice za bira\u010dko pravo na 16 godina i dodatno obrazovanje gra\u0111ana u podru\u010dju gra\u0111anskih prava.&nbsp;Me\u0111utim, prije nego \u0161to okrivimo deprivilegirane \u010dlanove dru\u0161tva za neinformiranost&nbsp;o tome da je mogu\u0107e iza\u0107i na izbore i kako to u\u010diniti, razmotrimo alternativnu interpretaciju. <\/p>\n\n\n\n<h2 class=\"wp-block-heading\">Lo\u0161a ponuda<\/h2>\n\n\n\n<p>Najmanju vjerojatnost izlaska na izbore <a href=\"https:\/\/www.tandfonline.com\/doi\/full\/10.1080\/00207659.2019.1634826\">imaju <\/a>oni s najmanje resursa, a u Hrvatskoj od 2000. godine konstantno pada odaziv gra\u0111ana na parlamentarne izbore. Hrvatska&nbsp;ni u jednom od tih trendova&nbsp;nije usamljena \u2013&nbsp;rast bira\u010dke apstinencije stabilno je obilje\u017eje zapadnih demokracija i onih koje su to htjele postati u posljednjih \u010detrdesetak godina,&nbsp;kao i klasna struktura ne-glasa\u010da.&nbsp;U Europskoj uniji manje od polovice gra\u0111ana (47%) zadovoljno&nbsp;je&nbsp;na\u010dinom na koji demokracija funkcionira u praksi,&nbsp;a u&nbsp;Hrvatskoj&nbsp;manje od tre\u0107ine (29%), \u0161to&nbsp;bi trebao biti dovoljan signal&nbsp;da je niska izlaznost na izbore simptom&nbsp;nezadovoljstva&nbsp;politi\u010dkom ponudom, koju ne\u0107e rije\u0161iti nikakvi obrazovni programi.&nbsp;U relevantnoj literaturi rast&nbsp;izborne apstinencije uglavnom&nbsp;se&nbsp;obja\u0161njava iz dva kuta.&nbsp;Prvi se kut ti\u010de srozavanja ponude na takozvanom politi\u010dkom tr\u017ei\u0161tu,&nbsp;odnosno pribli\u017eavanje ekonomskih programa sukobljenih stranaka. Bez obzira na sitne razlike u retorici i intenzitetu, vi\u0161e nitko ne sumnja u tr\u017ei\u0161te kao superiornog alokatora resursa, pa i politi\u010dkih odluka. Ili ne\u0161to jezgrovitije, ekonomija vi\u0161e nije podlo\u017ena politi\u010dkim idejama i izborima, ve\u0107 je postala sudbina.&nbsp;<\/p>\n\n\n\n<p>Me\u0111utim, dru\u0161tvena realnost i klasne podjele nisu pratile&nbsp;taj intelektualni i politi\u010dki konsenzus,&nbsp;\u0161to se&nbsp;odrazilo&nbsp;u bira\u010dkoj apstinenciji. Naime, teme koje su&nbsp;po\u010dele dominirati izbornim kampanjama sve manje i manje su se ticale \u017eivota socijalno deprivilegiranih, koji su zaklju\u010dili da im izlazak na izbore vi\u0161e ne zna\u010di ni\u0161ta jer ih nitko ne predstavlja. Da je taj zaklju\u010dak racionalan pokazalo je, me\u0111u ostalim,&nbsp;<a href=\"https:\/\/www.bilten.org\/?p=44598\" target=\"_blank\" rel=\"noreferrer noopener\">istra\u017eivanje<\/a>&nbsp;koje je rasvijetlilo \u010dinjenicu da je ve\u0107ina polti\u010dkih odluka donesenih u periodu od 1978. do 2017. odra\u017eavala interese bogatih. Nije te\u0161ko prona\u0107i dokaze da se to doga\u0111a i dalje &#8211; usvajaju se reforme kojima se ukidaju naknade za nezaposlenost, pove\u0107ava se dob za odlazak u mirovinu, a bogatijima se pogoduje kroz smanjenje poreza na kapital ili uvo\u0111enjem poreznih olak\u0161ica za gubitke na burzi.<\/p>\n\n\n\n<p>Drugi kut tuma\u010denja izborne apstinencije ti\u010de se organizacijske dimenzije. Pored toga \u0161to su isparile stranke koje zastupaju klasne interese, oslabila je i dru\u0161tvena uloga sindikata. U pone\u0161to konkretnijem obliku: danas nevladine udruge vr\u0161e pritisak na vladaju\u0107e tako da pi\u0161u primjedbe na zakone tijekom javnog savjetovanja, a nekad su sindikati javno prijetili \u0161trajkom. Dakle, organizacijski alati koji bi mogli agregirati interese sve su nedostupniji, pa se individualno snala\u017eenje nametnulo kao atraktivnije i dostupnije.<\/p>\n\n\n\n<h2 class=\"wp-block-heading\">Jalovost urbanog \u0161tiha<\/h2>\n\n\n\n<p>Socijalnoj atomizaciji i individualizaciji politike definitivno je pridonio i internet jer je snizio tro\u0161kove politi\u010dkog anga\u017emana. Prije ste se za vidljivost va\u0161eg stava morali izboriti kroz organizacijski rad i lojalnost, a danas mo\u017eete putem dru\u0161tvenih mre\u017ea vrlo lako &#8220;obilje\u017eiti&#8221; temu i brzo je napustiti bez zna\u010dajnih dru\u0161tvenih tro\u0161kova koje su podrazumijevali prija\u0161nji oblici politi\u010dke participacije. Tako\u0111er, uslijed tih trendova, politika se sve vi\u0161e po\u010dela tretirati kao vje\u017eba iz bezinteresnog svi\u0111anja. I tu dolazi do jasne klasne distinkcije \u2013 bogatiji imaju tu privilegiju da razmi\u0161ljaju o politici bez interesa, da biraju sukladno apstraktnim uvjerenjima, da im na\u010delno smeta korupcija ili odiozna retorika nekog politi\u010dara. Oni slabije plate\u017ene mo\u0107i nemaju privilegiju da odvoje vlastite neposredne interese od politi\u010dke univerzalnosti. I zato ih anti-korupcijska retorika ne privla\u010di, kao ni izlazak na izbore.<\/p>\n\n\n\n<p>Kao \u0161to smo ve\u0107 naglasili, klasne razlike i sukobi ne nestaju zato \u0161to je netko odlu\u010dio da ih vi\u0161e nema. I sami protagonisti ih mogu negirati, ali svejedno \u0107e im se odvijati iza le\u0111a i morat \u0107e, u nekom, makar dislociranom, obliku, iza\u0107i na politi\u010dku povr\u0161inu. Najbolji primjer funkcioniranja tog dislociranog oblika u Hrvatskoj dao je prije koji dan HDZ-ov &#8220;insajder&#8221; novinaru od povjerenja. Na njegov upit o eventualnom predizbornom HDZ-ovom skretanju desno tijekom kampanje, &#8220;insajder&#8221; je odgovorio: &#8220;Ne\u0107emo se okrenuti krajnjoj desnici. Zar mislite da smo Laubu izabrali slu\u010dajno?&#8221; Lauba je privatna galerija u Zagrebu, poznata i po koncertima i razli\u010ditim eventima, koja je prirodno obitavali\u0161te srednjih i vi\u0161ih srednjih klasa i u kojoj je HDZ odr\u017eao prvi predizborni skup. U &#8220;normalnim&#8221; politi\u010dkim okolnostima ona bi bila meta ljevi\u010darskog i klasnog prijezira, ali danas, kao \u0161to je ispravno primijetio &#8220;insajder&#8221;, sa svojim &#8220;urbanim \u0161tihom&#8221; predstavlja suprotnost krajnjoj desnici za koju se pretpostavlja da je ruralna, neobrazovana i socijalno zakinuta. U Hrvatskoj je jedini legitimni prostor za klasni izra\u017eaj odozdo postao intenzitet &#8220;hrvatstva&#8221;,&nbsp;a drugih \u017eanrova nema. Zato ne treba \u010duditi da vi\u0161e od polovice bira\u010da nije glasalo na pro\u0161lim izborima. Ali ne prestaje \u010duditi za\u0161to se nominalna ljevica i dalje tematski obra\u0107a srednjim klasama, a ne onoj masi koja izbore bojkotira iz o\u010ditih razloga,&nbsp;bliskih povijesnoj ljevici.<\/p>\n","protected":false},"excerpt":{"rendered":"<p>Relativno nezapa\u017eeno u javnosti pro\u0161la je nedavno objavljena studija o socijalnoj pozadini apstinenata na izborima u Hrvatskoj u protekla dva desetlje\u0107a, koja je pokazala da na izbore najmanje izlaze mladi, ni\u017ee obazovani i radni\u010dka klasa. Malobrojni komentatori nisku izlaznost tuma\u010de kao posljedicu nedovoljne politi\u010dke obrazovanosti gra\u0111anstva. Dora Leva\u010di\u0107 i Marko Kostani\u0107 ponudili su alternativnu interpretaciju [&hellip;]<\/p>\n","protected":false},"author":5,"featured_media":46590,"comment_status":"closed","ping_status":"closed","sticky":false,"template":"","format":"standard","meta":{"footnotes":""},"categories":[454],"tags":[12,66,1202],"theme":[458],"country":[38],"articleformat":[450],"coauthors":[241,90],"class_list":["post-46587","post","type-post","status-publish","format-standard","has-post-thumbnail","hentry","category-naslovnica","tag-izbori","tag-klasa","tag-radnicka-klasa","theme-drustvo","country-hrvatska","articleformat-tema"],"_links":{"self":[{"href":"https:\/\/www.bilten.org\/index.php?rest_route=\/wp\/v2\/posts\/46587","targetHints":{"allow":["GET"]}}],"collection":[{"href":"https:\/\/www.bilten.org\/index.php?rest_route=\/wp\/v2\/posts"}],"about":[{"href":"https:\/\/www.bilten.org\/index.php?rest_route=\/wp\/v2\/types\/post"}],"author":[{"embeddable":true,"href":"https:\/\/www.bilten.org\/index.php?rest_route=\/wp\/v2\/users\/5"}],"replies":[{"embeddable":true,"href":"https:\/\/www.bilten.org\/index.php?rest_route=%2Fwp%2Fv2%2Fcomments&post=46587"}],"version-history":[{"count":8,"href":"https:\/\/www.bilten.org\/index.php?rest_route=\/wp\/v2\/posts\/46587\/revisions"}],"predecessor-version":[{"id":46597,"href":"https:\/\/www.bilten.org\/index.php?rest_route=\/wp\/v2\/posts\/46587\/revisions\/46597"}],"wp:featuredmedia":[{"embeddable":true,"href":"https:\/\/www.bilten.org\/index.php?rest_route=\/wp\/v2\/media\/46590"}],"wp:attachment":[{"href":"https:\/\/www.bilten.org\/index.php?rest_route=%2Fwp%2Fv2%2Fmedia&parent=46587"}],"wp:term":[{"taxonomy":"category","embeddable":true,"href":"https:\/\/www.bilten.org\/index.php?rest_route=%2Fwp%2Fv2%2Fcategories&post=46587"},{"taxonomy":"post_tag","embeddable":true,"href":"https:\/\/www.bilten.org\/index.php?rest_route=%2Fwp%2Fv2%2Ftags&post=46587"},{"taxonomy":"theme","embeddable":true,"href":"https:\/\/www.bilten.org\/index.php?rest_route=%2Fwp%2Fv2%2Ftheme&post=46587"},{"taxonomy":"country","embeddable":true,"href":"https:\/\/www.bilten.org\/index.php?rest_route=%2Fwp%2Fv2%2Fcountry&post=46587"},{"taxonomy":"articleformat","embeddable":true,"href":"https:\/\/www.bilten.org\/index.php?rest_route=%2Fwp%2Fv2%2Farticleformat&post=46587"},{"taxonomy":"author","embeddable":true,"href":"https:\/\/www.bilten.org\/index.php?rest_route=%2Fwp%2Fv2%2Fcoauthors&post=46587"}],"curies":[{"name":"wp","href":"https:\/\/api.w.org\/{rel}","templated":true}]}}