{"id":46554,"date":"2024-03-15T15:14:18","date_gmt":"2024-03-15T14:14:18","guid":{"rendered":"https:\/\/www.bilten.org\/?p=46554"},"modified":"2024-03-15T15:14:57","modified_gmt":"2024-03-15T14:14:57","slug":"neocekivana-pobjeda","status":"publish","type":"post","link":"https:\/\/www.bilten.org\/?p=46554","title":{"rendered":"Neo\u010dekivana pobjeda"},"content":{"rendered":"\n<p>Famozna europska direktiva o platformskom radu po\u010detkom velja\u010de nai\u0161la je na prepreke, kao \u0161to smo <a href=\"https:\/\/www.bilten.org\/?p=46449\">pisali<\/a>, zbog blokiraju\u0107e manjine koju su formirale Francuska, Njema\u010dka, Gr\u010dka i Estonija. U razo\u010daranju ostalih dr\u017eava i europskih sindikata koje je uslijedilo, prognoziralo se da \u0107e zbog pribli\u017eavanja europskih parlamentarnih izbora dono\u0161enje direktive biti odgo\u0111eno na neodre\u0111eno, a ve\u0107 se dvije godine razvla\u010di u poku\u0161aju postizanja kompromisa izme\u0111u pro-radni\u010dki i anti-radni\u010dki nastrojenih dr\u017eava. Najnoviji tekst direktive prethodno je bio razvodnjen u nastojanju da anti-radni\u010dki nastrojene dr\u017eave s Francuskom na \u010delu pristanu na kompromis kako bi se direktiva kona\u010dno izglasala, ali ove \u010detiri dr\u017eave ni tim prijedlogom nisu bile zadovoljne. Francuska, najve\u0107a protivnica ideje regulacije platformskog rada, pro\u0161log petka (na 8. mart) ulo\u017eila je i poseban dokument kojim je tra\u017eila jo\u0161 radikalnije zaobila\u017eenje mogu\u0107nosti reklasifikacije platformskih radnika. Prema tom dokumentu, ukoliko bi pojedina dr\u017eava u svojem zakonodavstvu odredila da neki radnici \u2013 evo na primjer, platformski \u2013 nisu pravi radnici, tada europska direktiva tu ne bi ni\u0161ta mogla promijeniti, jer &#8220;prepostavka zaposlenosti&#8221;, sr\u017e \u010ditave ideje regulacije platformskog rada, ne bi vrijedila \u2013 platformski radnici ostali bi u statusu samozaposlenosti, bez osnovnih radni\u010dkih prava.<\/p>\n\n\n\n<p>Me\u0111utim, na glasanju europskih ministara rada ovog ponedjeljka, 11. o\u017eujka, dogodilo se veliko iznena\u0111enje. Njema\u010dka je bila suzdr\u017eana zbog unutarnjih koalicijskih sukoba, Francuska je rekla da \u0107e uskratiti svoj glas dok Komisija ne pru\u017ei daljnja pravna poja\u0161njenja, ali Estonija i Gr\u010dka iza\u0161le su iz kobnog pakta i glasale za usvajanje direktive. Estonija i Gr\u010dka na pro\u0161lom glasanju bile su suzdr\u017eane, a ovog puta su se predomislile &#8220;u duhu kompromisa&#8221;. Ova promjena u zadnji \u010das razbila je blokiraju\u0107u manjinu i omogu\u0107ila da se dokument kona\u010dno usvoji. &#8220;Hvala vam na iznena\u0111enjima u zadnji \u010das&#8221;, rekao je zamjenik belgijskog premijera Pierre-Yves Dermagne nakon glasovanja dok su ministri pljeskali i klicali, <a href=\"https:\/\/www.euractiv.com\/section\/economy-jobs\/news\/at-long-last-eu-countries-adopt-the-platform-work-directive\/\">prenosi<\/a> Euractiv.<\/p>\n\n\n\n<p>Direktivu sada treba slu\u017ebeno ratificirati na plenarnoj sjednici Vije\u0107a i Europskog parlamenta, \u0161to bi trebalo te\u0107i glatko jer ve\u0107ina podr\u017eava direktivu. \u010clanice Europske unije \u0107e nakon toga dobiti rok od dvije godine da integriraju zakon u svoje nacionalne sustave. Usvojeni dokument sadr\u017ei i poglavlje o algoritamskom upravljanju, u kojem je sadr\u017eana potpuna zabrana obrade odre\u0111enih skupova podataka o radnicima, uklju\u010duju\u0107i psihi\u010dko stanje, vjersku pripadnost ili seksualnost, ali i privatne razgovore ili bilo koje informacije koje se ne ti\u010du radnog mjesta, \u0161to do sada nije bio slu\u010daj. \u0160to se ti\u010de va\u017enih odluka na koje algoritam utje\u010de ili ih donosi, kao \u0161to su pla\u0107a, suspenzija ili otpu\u0161tanje, odre\u0111eno je da \u0107e takve odluke donositi isklju\u010divo ljudi od krvi i mesa. Najva\u017enije je ipak da \u0107e nekoliko milijuna radnika u EU ste\u0107i radni\u010dka prava koja dosad nisu imali. Kao \u0161to je <a href=\"https:\/\/www.etuc.org\/en\/pressrelease\/platform-work-trade-unions-win-millions-workers\">komentirao<\/a> tajnik Europske sindikalne konfederacije (ETUC) Ludovic Voet, ova odluka zna\u010di da &#8220;(&#8230;) milijuni ljudi koji rade putem digitalnih platformi vi\u0161e ne\u0107e biti zakinuti za pravo na minimalnu pla\u0107u, naknade za bolovanje, godi\u0161nji odmor i socijalno osiguranje&#8221;. Naglasio je da se broj platformskih radnika pove\u0107ao za trideset posto otkako je Europska komisija pokrenula proceduru o dono\u0161enju ove direktive, koja se pretvorila u dvogodi\u0161nju trakavicu. &#8220;Udru\u017eivanje snaga na europskoj razini bilo je klju\u010dno za osiguranje ovog zakona, koji je prvi te vrste na globalnoj razini. Sna\u017ena predanost radni\u010dkih saveznika u Europskom parlamentu i Vije\u0107u bila je odlu\u010duju\u0107a za pobjedu&#8221;, izjavio je Voet.<\/p>\n","protected":false},"excerpt":{"rendered":"<p>Famozna europska direktiva o platformskom radu po\u010detkom velja\u010de nai\u0161la je na prepreke, kao \u0161to smo pisali, zbog blokiraju\u0107e manjine koju su formirale Francuska, Njema\u010dka, Gr\u010dka i Estonija. U razo\u010daranju ostalih dr\u017eava i europskih sindikata koje je uslijedilo, prognoziralo se da \u0107e zbog pribli\u017eavanja europskih parlamentarnih izbora dono\u0161enje direktive biti odgo\u0111eno na neodre\u0111eno, a ve\u0107 se [&hellip;]<\/p>\n","protected":false},"author":9,"featured_media":46556,"comment_status":"closed","ping_status":"closed","sticky":false,"template":"","format":"standard","meta":{"footnotes":""},"categories":[454],"tags":[1553,865,668],"theme":[455],"country":[495],"articleformat":[205],"coauthors":[241],"class_list":["post-46554","post","type-post","status-publish","format-standard","has-post-thumbnail","hentry","category-naslovnica","tag-digitalne-platforme","tag-platformski-rad","tag-radnicka-prava","theme-rad","country-europska-unija","articleformat-vijest"],"_links":{"self":[{"href":"https:\/\/www.bilten.org\/index.php?rest_route=\/wp\/v2\/posts\/46554","targetHints":{"allow":["GET"]}}],"collection":[{"href":"https:\/\/www.bilten.org\/index.php?rest_route=\/wp\/v2\/posts"}],"about":[{"href":"https:\/\/www.bilten.org\/index.php?rest_route=\/wp\/v2\/types\/post"}],"author":[{"embeddable":true,"href":"https:\/\/www.bilten.org\/index.php?rest_route=\/wp\/v2\/users\/9"}],"replies":[{"embeddable":true,"href":"https:\/\/www.bilten.org\/index.php?rest_route=%2Fwp%2Fv2%2Fcomments&post=46554"}],"version-history":[{"count":2,"href":"https:\/\/www.bilten.org\/index.php?rest_route=\/wp\/v2\/posts\/46554\/revisions"}],"predecessor-version":[{"id":46557,"href":"https:\/\/www.bilten.org\/index.php?rest_route=\/wp\/v2\/posts\/46554\/revisions\/46557"}],"wp:featuredmedia":[{"embeddable":true,"href":"https:\/\/www.bilten.org\/index.php?rest_route=\/wp\/v2\/media\/46556"}],"wp:attachment":[{"href":"https:\/\/www.bilten.org\/index.php?rest_route=%2Fwp%2Fv2%2Fmedia&parent=46554"}],"wp:term":[{"taxonomy":"category","embeddable":true,"href":"https:\/\/www.bilten.org\/index.php?rest_route=%2Fwp%2Fv2%2Fcategories&post=46554"},{"taxonomy":"post_tag","embeddable":true,"href":"https:\/\/www.bilten.org\/index.php?rest_route=%2Fwp%2Fv2%2Ftags&post=46554"},{"taxonomy":"theme","embeddable":true,"href":"https:\/\/www.bilten.org\/index.php?rest_route=%2Fwp%2Fv2%2Ftheme&post=46554"},{"taxonomy":"country","embeddable":true,"href":"https:\/\/www.bilten.org\/index.php?rest_route=%2Fwp%2Fv2%2Fcountry&post=46554"},{"taxonomy":"articleformat","embeddable":true,"href":"https:\/\/www.bilten.org\/index.php?rest_route=%2Fwp%2Fv2%2Farticleformat&post=46554"},{"taxonomy":"author","embeddable":true,"href":"https:\/\/www.bilten.org\/index.php?rest_route=%2Fwp%2Fv2%2Fcoauthors&post=46554"}],"curies":[{"name":"wp","href":"https:\/\/api.w.org\/{rel}","templated":true}]}}