{"id":46544,"date":"2024-03-14T09:56:07","date_gmt":"2024-03-14T08:56:07","guid":{"rendered":"https:\/\/www.bilten.org\/?p=46544"},"modified":"2024-03-15T11:10:20","modified_gmt":"2024-03-15T10:10:20","slug":"treba-raditi-na-sebi","status":"publish","type":"post","link":"https:\/\/www.bilten.org\/?p=46544","title":{"rendered":"Treba raditi na sebi"},"content":{"rendered":"\n<p><a href=\"https:\/\/www.bilten.org\/?p=46516\" target=\"_blank\" rel=\"noreferrer noopener\">Politi\u010dka kriza<\/a>\u00a0u glavnom gradu Srbije i nemogu\u0107nost dosada\u0161nje vladaju\u0107e koalicije da formira ve\u0107inu u gradskoj skup\u0161tini doveli su do novih izbora. Iako je prvobitno najavljeno da \u0107e se izbori odr\u017eati 28. aprila, po svoj prilici usled me\u0111unarodnog pritiska, predsednik Aleksandar Vu\u010di\u0107 najavio je njihovo odr\u017eavanje za 2. jun. Ovaj datum otvara vrata za spajanje izbora na nivou grada sa izborima na beogradskim gradskim op\u0161tinama \u2013 uslov za to je skra\u0107ivanje mandata aktuelnih saziva skup\u0161tina gradskih op\u0161tina. Ne bi bilo iznena\u0111enje da i to bude deo &#8220;ustupaka&#8221; u kontekstu decembarskih neregularnosti i o\u0161trijeg tona koji dolazi iz Evropske unije.<\/p>\n\n\n\n<p>Novi izbori otvorili su novu raspravu na temu opozicionog delovanja. Da li je vreme da svi koji su istinska opozicija re\u017eimu formiraju jedinstvenu listu i tako, zajedni\u010dkim snagama, donesu pobedu u Beogradu? Navedeno se ti\u010de najpre zajedni\u010dkog delovanja, na jednoj listi, koalicije Srbija protiv nasilja i Nacionalno demokratske alternative. Iako se u ovom trenutku ne diskutuje otvoreno, te\u0161ko je zamisliti da ne bilo mesta i za ostale manje aktere, koji su u decembru ostali ispod cenzusa. Logika koja se krije iza ovoga je da svaki opozicioni glas treba da bude iznad cenzusa jer potencijalno i par hiljada glasova mo\u017ee biti presudno za formiranje ve\u0107ine. Pretpostavka, koja ne mora biti ispravna, je da bi do\u0161lo do mehani\u010dkog zbrajanja svih glasova.<\/p>\n\n\n\n<p>Dve najja\u010de opozicione stranke u Beogradu imaju razli\u010dite stavove. Stranka slobode i pravde Dragana \u0110ilasa smatra bi trebalo i\u0107i u pravcu jedne opozicione liste, dok Zeleno-levi front insistira na dve kolone.<\/p>\n\n\n\n<p>Ovde ne\u0107emo odgovoriti na pitanje o kojem se danima diskutuje u raznim emisijama, ve\u0107 \u0107emo ukazati na argumente koji se smatraju legitimnim u opozicionoj javnosti. A oni su indikator jednog od problema sa kojim se suo\u010dava opozicija u Srbiji \u2013 svako jasnije politi\u010dko i ideolo\u0161ko istupanje smatra se nepo\u017eeljnim i ru\u0161enjem jedinstva. Treba smanjiti korupciju, postaviti stru\u010dne ljude na javne funkcije i smanjiti inflaciju. To su uslovi da Srbija postane &#8220;normalna&#8221; dr\u017eava. Partijski interesi i jasni, ideolo\u0161ki obojeni, programi bi trebalo da sa\u010dekaju neko drugo vreme. Sada je vreme za \u0161iroke takti\u010dke frontove i stavljanje politi\u010dkih razlika u drugi plan \u2013 sve dok Vu\u010di\u0107 ne bude smenjen. Posle \u0107e biti vremena za jasniju programsku diferencijaciju i takmi\u010denje. Utoliko je i kampanja Srbije protiv nasilja bila izuzetno mlaka, neubedljiva i zasnovana op\u0161tim i politi\u010dki nerazra\u0111enim porukama.<\/p>\n\n\n\n<h2 class=\"wp-block-heading\">Ovla\u0161\u0107enje za mi\u0161ljenje<\/h2>\n\n\n\n<p>Prvi koga treba saslu\u0161ati povodom potencijalne jedinstvene liste opozicije su, naravno, analiti\u010dari i\u00a0<a href=\"https:\/\/www.bilten.org\/?p=44995\" target=\"_blank\" rel=\"noreferrer noopener\">istra\u017eiva\u010di javnog mnjenja<\/a>. Umesto predstavnika partija, koji uvek imaju skrivenu agendu, nepristrasni akteri bi trebalo da iznesu objektivni sud o tome \u0161ta je dobra taktika. Ne samo da su u mogu\u0107nosti da nepristrasno sagledaju aktuelno stanje, ve\u0107 \u010desto imaju kod sebe istra\u017eivanja kojim podupiru svoje stavove. Kvantifikacija je neupitni autoritet. Mesta za jasno politi\u010dko pozicioniranje, dono\u0161enje strate\u0161kih partijskih odluka i dugoro\u010dno planiranje gotovo i da nema. Umesto dugoro\u010dnog razvoja partijskih kadrova i infrastrukture, klju\u010dne pozicije bi trebalo da zauzmu nezavisni eksperti, akteri iz civilnog dru\u0161ta, i druge javne li\u010dnosti u koje (opoziciona) javnost ima poverenje. Partijski obojene politi\u010dke procene trebalo bi da zamene podaci neutralnih eksperata.<\/p>\n\n\n\n<p>Sve bi ovo imalo smisla, da je zaista re\u010d samo o jednom izbornom ciklusu u kojem je potrebno suspendovati partijske interese i za\u017emuriti na \u0161arenolike koalicije. No, ovakav pritisak &#8220;javnog mnjenja&#8221; gotovo da je pravilo u proteklih deset godina. Svaki izbori su sudbonosni, potrebno je zbijanje redova i formiranje \u0161to \u0161irih koalicija. Samo svi zajedno i slepi na razlike mogu da pobede Vu\u010di\u0107a. Onaj ko iska\u010de iz kalupa biva, u najboljem slu\u010daju, progla\u0161en politi\u010dkim diletantnom koji posredno radi u korist re\u017eima.<\/p>\n\n\n\n<p>U tako duboko depolitizuju\u0107em kontekstu predizborno delovanje jedino i mo\u017ee da se zavr\u0161i da benignim zahtevima za obnovom pravne dr\u017eave. Naravno, to jeste validan i va\u017ean zahtev, no ako se ostane samo na tome, deluje da opozicija ostaje usidrena na dosada\u0161njim rezultatima. Mo\u017eda je delovanje van ustaljenih \u0161ablona prilika da se pojedini akteri trajno istaknu u odnosu na ostale. Politi\u010dka hrabrost i spremnost da se donesu nedvosmislene politi\u010dke odluke bi mogli da budu nedostaju\u0107i deo slagalice. Da iskoristimo jo\u0161 jednu op\u0161teprihva\u0107enu sintagmu \u2013 sasvim je u redu raditi na sebi.<\/p>\n","protected":false},"excerpt":{"rendered":"<p>Politi\u010dka kriza\u00a0u glavnom gradu Srbije i nemogu\u0107nost dosada\u0161nje vladaju\u0107e koalicije da formira ve\u0107inu u gradskoj skup\u0161tini doveli su do novih izbora. Iako je prvobitno najavljeno da \u0107e se izbori odr\u017eati 28. aprila, po svoj prilici usled me\u0111unarodnog pritiska, predsednik Aleksandar Vu\u010di\u0107 najavio je njihovo odr\u017eavanje za 2. jun. Ovaj datum otvara vrata za spajanje izbora [&hellip;]<\/p>\n","protected":false},"author":5,"featured_media":46546,"comment_status":"closed","ping_status":"closed","sticky":false,"template":"","format":"standard","meta":{"footnotes":""},"categories":[454],"tags":[12,469],"theme":[456],"country":[11],"articleformat":[205],"coauthors":[971],"class_list":["post-46544","post","type-post","status-publish","format-standard","has-post-thumbnail","hentry","category-naslovnica","tag-izbori","tag-srbija","theme-politika","country-srbija","articleformat-vijest"],"_links":{"self":[{"href":"https:\/\/www.bilten.org\/index.php?rest_route=\/wp\/v2\/posts\/46544","targetHints":{"allow":["GET"]}}],"collection":[{"href":"https:\/\/www.bilten.org\/index.php?rest_route=\/wp\/v2\/posts"}],"about":[{"href":"https:\/\/www.bilten.org\/index.php?rest_route=\/wp\/v2\/types\/post"}],"author":[{"embeddable":true,"href":"https:\/\/www.bilten.org\/index.php?rest_route=\/wp\/v2\/users\/5"}],"replies":[{"embeddable":true,"href":"https:\/\/www.bilten.org\/index.php?rest_route=%2Fwp%2Fv2%2Fcomments&post=46544"}],"version-history":[{"count":1,"href":"https:\/\/www.bilten.org\/index.php?rest_route=\/wp\/v2\/posts\/46544\/revisions"}],"predecessor-version":[{"id":46545,"href":"https:\/\/www.bilten.org\/index.php?rest_route=\/wp\/v2\/posts\/46544\/revisions\/46545"}],"wp:featuredmedia":[{"embeddable":true,"href":"https:\/\/www.bilten.org\/index.php?rest_route=\/wp\/v2\/media\/46546"}],"wp:attachment":[{"href":"https:\/\/www.bilten.org\/index.php?rest_route=%2Fwp%2Fv2%2Fmedia&parent=46544"}],"wp:term":[{"taxonomy":"category","embeddable":true,"href":"https:\/\/www.bilten.org\/index.php?rest_route=%2Fwp%2Fv2%2Fcategories&post=46544"},{"taxonomy":"post_tag","embeddable":true,"href":"https:\/\/www.bilten.org\/index.php?rest_route=%2Fwp%2Fv2%2Ftags&post=46544"},{"taxonomy":"theme","embeddable":true,"href":"https:\/\/www.bilten.org\/index.php?rest_route=%2Fwp%2Fv2%2Ftheme&post=46544"},{"taxonomy":"country","embeddable":true,"href":"https:\/\/www.bilten.org\/index.php?rest_route=%2Fwp%2Fv2%2Fcountry&post=46544"},{"taxonomy":"articleformat","embeddable":true,"href":"https:\/\/www.bilten.org\/index.php?rest_route=%2Fwp%2Fv2%2Farticleformat&post=46544"},{"taxonomy":"author","embeddable":true,"href":"https:\/\/www.bilten.org\/index.php?rest_route=%2Fwp%2Fv2%2Fcoauthors&post=46544"}],"curies":[{"name":"wp","href":"https:\/\/api.w.org\/{rel}","templated":true}]}}