{"id":46406,"date":"2024-02-15T12:14:08","date_gmt":"2024-02-15T11:14:08","guid":{"rendered":"https:\/\/www.bilten.org\/?p=46406"},"modified":"2024-02-19T12:13:28","modified_gmt":"2024-02-19T11:13:28","slug":"pakleni-dogovor-o-platformskom-radu","status":"publish","type":"post","link":"https:\/\/www.bilten.org\/?p=46406","title":{"rendered":"Pakleni dogovor o platformskom radu"},"content":{"rendered":"\n<p>Nedavno smo <a href=\"https:\/\/www.bilten.org\/?p=46309\">izvijestili<\/a> o najnovijem komadi\u0107u sage o regulaciji platformskog rada u Europi \u2013 krajem pro\u0161le godine pregovori u Vije\u0107u Europe su propali jer se dvanaest zemalja \u010dlanica usprotivilo najsvje\u017eijoj verziji teksta Direktive o platformskom radu koji je sastavilo \u0161panjolsko predsjedni\u0161tvo Vije\u0107a, pa glasanje nije ni odr\u017eano. Krajem sije\u010dnja novo belgijsko predsjedni\u0161tvo Vije\u0107a Europe najavilo je da namjerava posti\u0107i dogovor i kona\u010dno progurati Direktivu o platformskom radu do kraja svog mandata. Budu\u0107i da Belgija spada u tabor dr\u017eava naklonjenijih za\u0161titi prava radnika, nasuprot drugom taboru na \u010delu s Francuskom koji zagovara za\u0161titu &#8220;fleksibilnosti&#8221;, mnogi su to do\u010dekali kao dobru vijest.<\/p>\n\n\n\n<p>Me\u0111utim, u najnovijem <a href=\"https:\/\/www.euractiv.com\/section\/gig-economy\/news\/platform-work-rulebook-hangs-on-thread-ahead-of-member-states-final-nod\/\">obratu<\/a> od pro\u0161log \u010detvrtka (8. velja\u010de) ispostavilo se da je belgijsko predsjedni\u0161tvo previ\u0161e iza\u0161lo u susret zahtjevima Francuske, dr\u017eave koja se naj\u017ee\u0161\u0107e protivi europskoj intervenciji u nacionalno zakonodavstvo i zala\u017ee se za &#8220;slobodu&#8221; platformskih radnika da ostanu u statusu samozaposlenosti, bez osnovnih radni\u010dkih prava. Takozvana pretpostavka zaposlenosti (eng. <em>presumption of employment<\/em>), klju\u010dni dio Direktive, u najnovijem tekstu dokumenta znatno je razvodnjena. \u010citava poanta regulacije platformskog rada jest uklopiti rad digitalnih platformi &#8211; poslodavaca u nacionalne zakone o radu, s obzirom na to da platforme nejasnim statusom poslodavaca-koji-to-nisu zaobilaze obaveze koje bi kao poslodavci bile primorane ispunjavati. Pretpostavka zaposlenosti je mehanizam koji bi trebao uskladiti na\u010dine na koje dr\u017eave \u010dlanice dozvoljavaju reklasificiranje platformskih radnika iz samozaposlenih u zaposlenike kompanija, u situacijama kada postoji dovoljno dokaza koji upu\u0107uju na odnos podre\u0111enosti radnika platformi.<\/p>\n\n\n\n<p>Pretpostavka zaposlenosti je donedavno, u raznim varijantama prijedloga Direktive, uklju\u010divala jasno postavljene kriterije od kojih je svaki upu\u0107ivao na podre\u0111enost. Ako je radnik zadovoljio odre\u0111eni broj ovih kriterija, pretpostavka zaposlenosti bi se mogla pokrenuti. Me\u0111utim, dogovor postignut u trijalogu pro\u0161log tjedna u potpunosti ukida kriterije, a umjesto toga zahtijeva stvaranje &#8220;u\u010dinkovite pravne pretpostavke&#8221; u svim dr\u017eavama \u010dlanicama. Dakle, o na\u010dinu klasificiranja radnika platformi odlu\u010divat \u0107e svako pojedino nacionalno zakonodavstvo, \u0161to dovodi u pitanje cijelu poantu europske direktive. S ovakvim rje\u0161enjem <a href=\"https:\/\/www.euractiv.com\/section\/gig-economy\/opinion\/delivery-failure-belgium-presidencys-platform-work-directive-undermines-single-market\/\">nisu zadovoljni<\/a> ni radnici ni predstavnici poslodavaca, odnosno platformi, jer se obje strane nadaju jedinstvenim pravilima na razini cijele Europske unije.<\/p>\n\n\n\n<p>&#8220;Ovo je katastrofalno&#8221;, zastupnica Ljevice u Europarlamentu Leila Chaibi komentirala je razvoj situacije za Euractiv. Chaibi je bila spremna prihvatiti \u0161panjolsku kompromisnu varijantu direktive, ali novi nacrt belgijskog predsjedni\u0161tva ju je zaprepastio povratkom na sami po\u010detak pregovora. &#8220;Vjerovali smo u Belgijance, ali oni su nas stvarno razo\u010darali&#8221;, rekla je Chaibi. Kao \u0161to je Europska konfederacija sindikata (ETUC) istaknula u <a href=\"https:\/\/www.etuc.org\/en\/document\/letter-belgian-presidency-eu-urgent-call-reconsider-presidency-proposal-directive\">otvorenom pismu<\/a> belgijskom predjedni\u0161tvu objavljenom krajem sije\u010dnja, najnoviji prijedlog gori je od statusa quo, jer je platformskim radnicima trenutno bez ikakve direktive bolje nego \u0161to bi im bilo kada bi se zadnja predlo\u017eena verzija odobrila.<\/p>\n\n\n\n<p>Sutra\u0161njim glasanjem veleposlanika zemlje \u010dlanice imat \u0107e priliku odbaciti prijedlog teksta direktive kojem su se suprotstavili i sindikati i platforme, jer radnici ne \u017eele da im za\u0161tita osnovnih prava ovisi o tome u kojoj dr\u017eavi EU-a \u017eive, a isto ni platformama ne ide u prilog. Dok \u010dekamo rezultate sutra\u0161njeg glasanja, platformski radnici u Velikoj Britaniji ju\u010der su stupili u <a href=\"https:\/\/www.theguardian.com\/commentisfree\/2024\/feb\/14\/food-delivery-drivers-valentines-day-strike-deliveroo-uber-eats\">petosatni \u0161trajk<\/a> kako bi upozorili na niske pla\u0107e i lo\u0161e radne uvjete dostavlja\u010da platformi poput Uber Eats, Deliveroo i Just Eat. Ju\u010der popodne, na Valentinovo, nekoliko tisu\u0107a dostavlja\u010da od 17 do 22 sata odbijali su narud\u017ebe, a \u0161trajk je organizirala organizacija Delivery Job UK. Engleski dostavlja\u010di koji rade za Deliveroo nemaju mogu\u0107nost u\u010dlanjenja u sindikat, prema <a href=\"https:\/\/news.sky.com\/topic\/deliveroo-6758\">odluci<\/a> Vrhovnog suda iz studenog pro\u0161le godine. Na isti dan, platformski voza\u010di u SAD-u organizirali su dvosatni \u0161trajk u ve\u0107im gradovima poput Chicaga, Miamija i Philadelphije. U objavi grupe Justice for App Workers, koja ka\u017ee da predstavlja vi\u0161e od 130.000 platformskih radnika, <a href=\"https:\/\/news.sky.com\/story\/deliveroo-and-uber-eats-delivery-drivers-to-strike-on-valentines-day-its-about-the-dignity-of-every-worker-13070497\">navodi<\/a> se da je \u010dlanovima &#8220;muka od rada 80 sati tjedno samo kako bismo spojili kraj s krajem, stalnog straha za na\u0161u sigurnost i brige ho\u0107emo li biti deaktivirani pritiskom na gumb&#8221;.<\/p>\n","protected":false},"excerpt":{"rendered":"<p>Nedavno smo izvijestili o najnovijem komadi\u0107u sage o regulaciji platformskog rada u Europi \u2013 krajem pro\u0161le godine pregovori u Vije\u0107u Europe su propali jer se dvanaest zemalja \u010dlanica usprotivilo najsvje\u017eijoj verziji teksta Direktive o platformskom radu koji je sastavilo \u0161panjolsko predsjedni\u0161tvo Vije\u0107a, pa glasanje nije ni odr\u017eano. Krajem sije\u010dnja novo belgijsko predsjedni\u0161tvo Vije\u0107a Europe najavilo [&hellip;]<\/p>\n","protected":false},"author":9,"featured_media":46408,"comment_status":"closed","ping_status":"closed","sticky":false,"template":"","format":"standard","meta":{"footnotes":""},"categories":[454],"tags":[1760,865,668],"theme":[455],"country":[495],"articleformat":[205],"coauthors":[241],"class_list":["post-46406","post","type-post","status-publish","format-standard","has-post-thumbnail","hentry","category-naslovnica","tag-direktiva-o-platformskom-radu","tag-platformski-rad","tag-radnicka-prava","theme-rad","country-europska-unija","articleformat-vijest"],"_links":{"self":[{"href":"https:\/\/www.bilten.org\/index.php?rest_route=\/wp\/v2\/posts\/46406","targetHints":{"allow":["GET"]}}],"collection":[{"href":"https:\/\/www.bilten.org\/index.php?rest_route=\/wp\/v2\/posts"}],"about":[{"href":"https:\/\/www.bilten.org\/index.php?rest_route=\/wp\/v2\/types\/post"}],"author":[{"embeddable":true,"href":"https:\/\/www.bilten.org\/index.php?rest_route=\/wp\/v2\/users\/9"}],"replies":[{"embeddable":true,"href":"https:\/\/www.bilten.org\/index.php?rest_route=%2Fwp%2Fv2%2Fcomments&post=46406"}],"version-history":[{"count":5,"href":"https:\/\/www.bilten.org\/index.php?rest_route=\/wp\/v2\/posts\/46406\/revisions"}],"predecessor-version":[{"id":46413,"href":"https:\/\/www.bilten.org\/index.php?rest_route=\/wp\/v2\/posts\/46406\/revisions\/46413"}],"wp:featuredmedia":[{"embeddable":true,"href":"https:\/\/www.bilten.org\/index.php?rest_route=\/wp\/v2\/media\/46408"}],"wp:attachment":[{"href":"https:\/\/www.bilten.org\/index.php?rest_route=%2Fwp%2Fv2%2Fmedia&parent=46406"}],"wp:term":[{"taxonomy":"category","embeddable":true,"href":"https:\/\/www.bilten.org\/index.php?rest_route=%2Fwp%2Fv2%2Fcategories&post=46406"},{"taxonomy":"post_tag","embeddable":true,"href":"https:\/\/www.bilten.org\/index.php?rest_route=%2Fwp%2Fv2%2Ftags&post=46406"},{"taxonomy":"theme","embeddable":true,"href":"https:\/\/www.bilten.org\/index.php?rest_route=%2Fwp%2Fv2%2Ftheme&post=46406"},{"taxonomy":"country","embeddable":true,"href":"https:\/\/www.bilten.org\/index.php?rest_route=%2Fwp%2Fv2%2Fcountry&post=46406"},{"taxonomy":"articleformat","embeddable":true,"href":"https:\/\/www.bilten.org\/index.php?rest_route=%2Fwp%2Fv2%2Farticleformat&post=46406"},{"taxonomy":"author","embeddable":true,"href":"https:\/\/www.bilten.org\/index.php?rest_route=%2Fwp%2Fv2%2Fcoauthors&post=46406"}],"curies":[{"name":"wp","href":"https:\/\/api.w.org\/{rel}","templated":true}]}}