{"id":46386,"date":"2024-02-13T11:52:54","date_gmt":"2024-02-13T10:52:54","guid":{"rendered":"https:\/\/www.bilten.org\/?p=46386"},"modified":"2024-02-13T12:50:17","modified_gmt":"2024-02-13T11:50:17","slug":"sudske-zabrane-ekstremne-desnice-izraz-su-politicke-nemoci","status":"publish","type":"post","link":"https:\/\/www.bilten.org\/?p=46386","title":{"rendered":"Sudske zabrane ekstremne desnice izraz su politi\u010dke nemo\u0107i"},"content":{"rendered":"\n<p>Nakon \u0161to je otkriveno da je krajem novembra pro\u0161le godine odr\u017eano okupljanje na kojem je razmatran plan o &#8220;remigraciji&#8221; miliona imigranata koji \u017eive u Nema\u010dkoj, sve se otvorenije diskutuje o mogu\u0107nosti zabrane Alternative za Nema\u010dku (AfD). Sastanku su prisustvovali, ne samo visoki funkcioneri ove stranke, ve\u0107 brojni aktivnosti neofa\u0161isti\u010dkih i neonacisti\u010dkih organizacija, ali i biznismeni, te simpatizeri Hri\u0161\u0107ansko demokratske unije (CDU). Ubrzo nakon \u0161to je otkriveno da je sastanak odr\u017ean, \u0161irom Nema\u010dke su organizovani masovni protesti.<\/p>\n\n\n\n<p>AfD je, prema trenutnim anketama, druga najja\u010da stranka u Nema\u010dkoj, dok je u pojedinim pokrajinama u kojima \u0107e se odr\u017eati izbori na jesen slede\u0107e godine, na prvom mestu. Nema\u010dki ustav otvara mogu\u0107nost zabrane stranaka koje podrivaju ustavni poredak i zala\u017eu se za kr\u0161enje osnovnih ljudskih prava \u2013 nema potrebe detaljnije obja\u0161njavati poreklo takve odredbe.<\/p>\n\n\n\n<p>Nedavno je&nbsp;<a rel=\"noreferrer noopener\" href=\"https:\/\/www.theguardian.com\/commentisfree\/2024\/feb\/08\/germany-ban-far-right-afd-panel?fbclid=IwAR0kiOc6ueyKjF5EI9tehxU9__mWgpvaj7C52u3O9n6UrQlKRp3dku7LGFU\" target=\"_blank\">Gardijan<\/a>&nbsp;na svojoj stranici objavio niz tekstova razli\u010ditih, novinara, politikologa i sociologa u kojima su suprotstavljeni argumenti za i protiv zapo\u010dinjanja postupka protiv AfD-a. Na ovom mestu ne\u0107emo detaljnije razmatrati da li je opravdano zabraniti AfD, ve\u0107 \u0107emo se baviti pitanjem da li su ovakve i sli\u010dne strategije korisno oru\u017eje u politi\u010dkoj borbi levice. \u0160ire gledano, ovakve mere zabrane politi\u010dkog delovanja za pojedine stranke, spadaju u teorijski korpus militantne demokratije. Dakle, da li su metode militantne demokratije u borbi protiv politi\u010dkih protivnika korisne za levicu?<\/p>\n\n\n\n<h2 class=\"wp-block-heading\">Ne tako novo pitanje<\/h2>\n\n\n\n<p>Nema\u010dki politikolog Karl Luven\u0161tajn je 1937. godine iz dva dela objavio \u010duveni \u010dlanak pod nazivom\u00a0&#8220;Militantna demokratija i fundamentalna prava&#8221;. Luven\u0161tajn postavlja pitanje da li je opravdano dozvoliti demokratsko takmi\u010denje politi\u010dkim akterima koji bi po dolasku na vlast suspendovali demokratiju. Smatra da je jedan od problema me\u0111uratnog poretka to \u0161to demokratija nije bila u stanju da &#8220;zabrani neprijateljima svog postojanja upotrebu demokratskih instrumenata&#8221;.\u00a0Umesto &#8220;demokratskog fundamentalizma&#8221; i &#8220;legalisti\u010dkog slepila&#8221; prema antidemokratskim akterima (Luven\u0161tajn u tekstu spominje, pre svega, fa\u0161isti\u010dke stranke), demokratije bi trebalo da zauzmu militantan stav ne dozvole u\u010de\u0161\u0107e u politi\u010dkom \u017eivotu takvim akterima. Sli\u010dno pitanje se postavlja i danas u kontekstu politi\u010dkog delovanja AfD-a.<\/p>\n\n\n\n<p>Luven\u0161tajn odgovara potvrdno \u2013 nisu svi politi\u010dki akteri isti. One koji bi izbore iskoristili za dolazak na vlast, pa bi ih kasnije ukinuli i time onemogu\u0107ili sopstvenu smenu treba isklju\u010diti iz politi\u010dkog takmi\u010denja. Kao i za svaku preemptivnu akciju, i ovde ozbiljan teret le\u017ei na dokazivanju namera.<\/p>\n\n\n\n<p>Ubrzo po zavr\u0161etku Drugog svetskog rata principi militantne demokratije bivaju ugra\u0111eni u ustav Zapadne Nema\u010dke i nije pro\u0161lo puno vremena do prvih slu\u010dajeva zabrane. Pedesetih godina pro\u0161log veka nema\u010dki Ustavni sud zabranio je prvo rad Komunisti\u010dke partije, potom i nacisti\u010dke Socijalisti\u010dke partije Rajha (Sozialistische Reichspartei). Re\u010dima liberalnog politi\u010dkog teoreti\u010dara Jana-Vernera Milera &#8220;[o]dluke Suda i retorika koju su koristile uzastopne vlade Zapadne Nema\u010dke jasno su predo\u010dile da demokratija mora biti militanta prema levici kao i prema desnici; drugim re\u010dima, militantnost je predstavljena kao oblik &#8220;antitotalitarizma&#8221;, usmerenog podjednako i protiv komunisti\u010dke pretnje sa Istoka i protiv obnove mra\u010dnih sila iz pro\u0161losti&#8221;.\u00a0Kao kada je re\u010d o antitotalitarizmu, tako je i militantna demokratija slepa na razlike izme\u0111u levice i desnice \u2013 ekstremisti su ti koji ugro\u017eavaju poredak, a jedina demokratija koja je u igri jeste liberalna demokratija. Politi\u010dko u\u010de\u0161\u0107e narodnih masa mo\u017ee predstavljati opasnost po demokratiju, jer antidemokratski akteri, koriste\u0107i propagandna sredstva <sup><a href=\"#footnote_1_46386\" id=\"identifier_1_46386\" class=\"footnote-link footnote-identifier-link\" title=\"I sam Luven&scaron;tajn u svojoj analizi insistira na emocionalnom aspektu fa&scaron;izma. Za njega je fa&scaron;izam, pre svega, &ldquo;emocionalna tehnika&rdquo; dolaska na vlast. Dakle, fa&scaron;isti su putem propagande zaveli &scaron;iroke narodne mase kako bi do&scaron;li na vlast. Ovo neodoljivo podse\u0107a na savremeno fokusiranje na la\u017ene vesti, proveru podataka i sli\u010dne metode kojima se (neuspe&scaron;no) politi\u010dki diskvalifikuje ekstremna desnica. Moralno zgra\u017eavanje nad time &scaron;to desni\u010dari ne govore istinu ne daje politi\u010dke rezultate.\">1<\/a><\/sup>\u00a0mogu politi\u010dki profitirati od toga. Jedina brana tome su institucije liberalne demorkatije, pravna dr\u017eava i odgovorne politi\u010dke elite.<\/p>\n\n\n\n<h2 class=\"wp-block-heading\">Zamka<\/h2>\n\n\n\n<p>Iako zabrana rada ekstremno desnih stranaka, na prvu loptu mo\u017ee delovati kao re\u0161enje, \u010dini se da je ipak re\u010d samo o povr\u0161inskom bavljenju problemom, bez zahvatanja korena. Zahtevi za institucionalnom reakcijom i sudskom zabranom delovanja neke partije ilustracija su nemo\u0107i ostalih partija, a posebno levice, da se na adekvatan na\u010din i politi\u010dkim sredstvima suprotstave rastu ekstremne desnice. Bez sagledavanja uzroka rasta desnih &#8220;populista&#8221;, zahvatanja korena problema i suo\u010davanja za ekonomskom krizom i krizom Evropske unije, potencijalna zabrana bi zna\u010dila samo privremeno olak\u0161anje.<\/p>\n\n\n\n<p>Jesu li pristalice AfD toliko naivne da su poverovale la\u017eima ili politi\u010dki mejnstrim ne uspeva da se adekvatno pozabavi aktuelnum krizom, koja je ponovo buknula nakon rata u Ukrajini? \u0160ta su temeljni odgovori na rastu\u0107u inflaciju, probleme poljoprivrednika i ekolo\u0161ku krizu?<\/p>\n\n\n\n<p>Naravno, lako je re\u0107i \u0161ta&nbsp;<em>treba da<\/em>&nbsp;se radi, dok daleko te\u017ei deo posla predstavlja politi\u010dko organizovanje u stvarnom svetu. Verovatno da druga\u010diji narativ i dobro napisan politi\u010dki program (koji je uvek potreban), ne\u0107e privoleti \u0161itoke narodne mase na pravu stranu. Razmi\u0161lja li levica i u centru i na (polu)periferiji o dugoro\u010dnoj izgradnji partijske infrastrukture i razvoju kvalitetnih&nbsp;<a href=\"https:\/\/www.masina.rs\/o-kadrovima-odgovor-na-tekst-sase-dragojla\/\" target=\"_blank\" rel=\"noreferrer noopener\">kadrova<\/a>&nbsp;ili je fokus politi\u010dkog delovanja isklju\u010divo na predstoje\u0107im izborima?<\/p>\n\n\n\n<p>Vredi imati na umu i da se rast ekstremne desnice u Evropskoj uniji de\u0161ava uprkos najve\u0107im medijima i op\u0161toj politi\u010dkoj klimi. Za razliku od &#8220;populista&#8221; na vlasti, kakvi su recimo u Srbiji ili Ma\u0111arskoj, koji koriste dr\u017eavne resurse, kontroli\u0161u ve\u0107inu medija, pa \u010dak i reaguju nasiljem na rad opozicionih stranaka, ekstremna desnica u Evropskoj uniji je uspela da oja\u010da sopstvenim organizovanjem i stvaranjem alternativnih medija.<\/p>\n\n\n\n<p>Njihovo delovanje jeste opasno, programi su ksenofobni, mizogini, nacionalisti\u010dki, a nekim slu\u010dajevima i rasisti\u010dki. No, pravo je pitanje za\u0161to levica nije uspela da krizni trenutak iskoristi za ja\u010danje sopstvenih organizacinih snaga? Ne\u0161to ozbiljno nije u redu sa levi\u010darskim organizovanjem, a oslanjanje na dr\u017eavu i njene represivne instrumente se na du\u017ei rok mo\u017ee obiti o glavu.<\/p>\n<ol class=\"footnotes\"><li id=\"footnote_1_46386\" class=\"footnote\">I sam Luven\u0161tajn u svojoj analizi insistira na emocionalnom aspektu fa\u0161izma. Za njega je fa\u0161izam, pre svega, &#8220;emocionalna tehnika&#8221; dolaska na vlast. Dakle, fa\u0161isti su putem propagande zaveli \u0161iroke narodne mase kako bi do\u0161li na vlast. Ovo neodoljivo podse\u0107a na savremeno fokusiranje na la\u017ene vesti, proveru podataka i sli\u010dne metode kojima se (neuspe\u0161no) politi\u010dki diskvalifikuje ekstremna desnica. Moralno zgra\u017eavanje nad time \u0161to desni\u010dari ne govore istinu ne daje politi\u010dke rezultate.<span class=\"footnote-back-link-wrapper\">[<a href=\"#identifier_1_46386\" class=\"footnote-link footnote-back-link\">&#8617;<\/a>]<\/span><\/li><\/ol>","protected":false},"excerpt":{"rendered":"<p>Nakon \u0161to je otkriveno da je krajem novembra pro\u0161le godine odr\u017eano okupljanje na kojem je razmatran plan o &#8220;remigraciji&#8221; miliona imigranata koji \u017eive u Nema\u010dkoj, sve se otvorenije diskutuje o mogu\u0107nosti zabrane Alternative za Nema\u010dku (AfD). Sastanku su prisustvovali, ne samo visoki funkcioneri ove stranke, ve\u0107 brojni aktivnosti neofa\u0161isti\u010dkih i neonacisti\u010dkih organizacija, ali i biznismeni, [&hellip;]<\/p>\n","protected":false},"author":5,"featured_media":46394,"comment_status":"closed","ping_status":"closed","sticky":false,"template":"","format":"standard","meta":{"footnotes":""},"categories":[454],"tags":[275],"theme":[456],"country":[495],"articleformat":[205],"coauthors":[971],"class_list":["post-46386","post","type-post","status-publish","format-standard","has-post-thumbnail","hentry","category-naslovnica","tag-ekstremna-desnica","theme-politika","country-europska-unija","articleformat-vijest"],"_links":{"self":[{"href":"https:\/\/www.bilten.org\/index.php?rest_route=\/wp\/v2\/posts\/46386","targetHints":{"allow":["GET"]}}],"collection":[{"href":"https:\/\/www.bilten.org\/index.php?rest_route=\/wp\/v2\/posts"}],"about":[{"href":"https:\/\/www.bilten.org\/index.php?rest_route=\/wp\/v2\/types\/post"}],"author":[{"embeddable":true,"href":"https:\/\/www.bilten.org\/index.php?rest_route=\/wp\/v2\/users\/5"}],"replies":[{"embeddable":true,"href":"https:\/\/www.bilten.org\/index.php?rest_route=%2Fwp%2Fv2%2Fcomments&post=46386"}],"version-history":[{"count":5,"href":"https:\/\/www.bilten.org\/index.php?rest_route=\/wp\/v2\/posts\/46386\/revisions"}],"predecessor-version":[{"id":46396,"href":"https:\/\/www.bilten.org\/index.php?rest_route=\/wp\/v2\/posts\/46386\/revisions\/46396"}],"wp:featuredmedia":[{"embeddable":true,"href":"https:\/\/www.bilten.org\/index.php?rest_route=\/wp\/v2\/media\/46394"}],"wp:attachment":[{"href":"https:\/\/www.bilten.org\/index.php?rest_route=%2Fwp%2Fv2%2Fmedia&parent=46386"}],"wp:term":[{"taxonomy":"category","embeddable":true,"href":"https:\/\/www.bilten.org\/index.php?rest_route=%2Fwp%2Fv2%2Fcategories&post=46386"},{"taxonomy":"post_tag","embeddable":true,"href":"https:\/\/www.bilten.org\/index.php?rest_route=%2Fwp%2Fv2%2Ftags&post=46386"},{"taxonomy":"theme","embeddable":true,"href":"https:\/\/www.bilten.org\/index.php?rest_route=%2Fwp%2Fv2%2Ftheme&post=46386"},{"taxonomy":"country","embeddable":true,"href":"https:\/\/www.bilten.org\/index.php?rest_route=%2Fwp%2Fv2%2Fcountry&post=46386"},{"taxonomy":"articleformat","embeddable":true,"href":"https:\/\/www.bilten.org\/index.php?rest_route=%2Fwp%2Fv2%2Farticleformat&post=46386"},{"taxonomy":"author","embeddable":true,"href":"https:\/\/www.bilten.org\/index.php?rest_route=%2Fwp%2Fv2%2Fcoauthors&post=46386"}],"curies":[{"name":"wp","href":"https:\/\/api.w.org\/{rel}","templated":true}]}}