{"id":46351,"date":"2024-02-07T10:10:35","date_gmt":"2024-02-07T09:10:35","guid":{"rendered":"https:\/\/www.bilten.org\/?p=46351"},"modified":"2024-02-08T11:26:33","modified_gmt":"2024-02-08T10:26:33","slug":"on-da-brani-izgubljeno-ona-da-rada-u-mukama","status":"publish","type":"post","link":"https:\/\/www.bilten.org\/?p=46351","title":{"rendered":"On da brani izgubljeno, ona da ra\u0111a u mukama"},"content":{"rendered":"\n<p>U danima kada vlast u Srbiji vu\u010de poteze kojima se zaokru\u017euje nezavisnost Kosova, istovremeno podi\u017ee nacionalisti\u010dke tenzije na unutra\u0161njem nivou kako bi skrenula pa\u017enju sa spoljnopoliti\u010dkih poraza. Ubrzo nakon izbora, Vlada je dozvolila kretanje vozilima sa kosovskim tablicama kroz Srbiju, a prvog februara po\u010dela je primena uredbe Centralne banke Kosova (CBK) kojom je predvi\u0111eno da se platni promet i gotovinska pla\u0107anja na Kosovu obavljaju isklju\u010divo kori\u0161\u0107enjem evra.<\/p>\n\n\n\n<p>Ova odluka najvi\u0161e \u0107e uticati na svakodnevni \u017eivot Srba sa Kosova koji plate, penzije i socijalna davanja iz Srbije primaju u dinarima i tu valutu koriste prilikom kupovine. Dodatno, ostaje otvoreno kako \u0107e zdravstvene i obrazovne ustanove, koje su pod ingerencijom Beograda, obavljati svoje finansijsko poslovanje i nabavljati potrebnu opremu za rad. Vlasti u Beogradu najavljuju da \u0107e nastaviti sa ispla\u0107ivanjem sredstava u dinarima, a kako \u0107e reagovati Pri\u0161tina na terenu, ostaje da se vidi. Najnovija kriza na Kosovu povod je da se u Srbiji ponovo uzburkaju nacionalisti\u010dki i militaristi\u010dki duhovi \u2013 za dnevnopoliti\u010dke potrebe re\u017eima.<\/p>\n\n\n\n<h2 class=\"wp-block-heading\">Dimna zavesa<\/h2>\n\n\n\n<p>Predsednik Vu\u010di\u0107 je, povodom uredbe CBK odr\u017eao sastanak sa ambasadorima zemalja Kvinte. O ishodu sastanka najbolje govori \u010dinjenica da nije bilo uobi\u010dajenog zajedni\u010dkog saop\u0161tenja u\u010desnika, dok je iz kabineta predsednika stiglo obave\u0161tenje da bi &#8220;svaka formalna re\u010d bila suvi\u0161na&#8221;. Svoju spoljnopoliti\u010dku nemo\u0107, ali i nameru da&nbsp;<a rel=\"noreferrer noopener\" href=\"https:\/\/www.bilten.org\/?p=46299\" target=\"_blank\">zarad o\u010duvanja vlasti<\/a>&nbsp;\u010dini ustupke koji vode ka priznanju Kosova, Vu\u010di\u0107 kompenzuje busanjem u prsa na unutra\u0161njem planu.<\/p>\n\n\n\n<p>U dru\u0161tvu se podgreva ratnohu\u0161ka\u010dka atmosfera, iako je jasno da Srbija niti sme niti ima kapaciteta da ratuje. General\u0161tab Vojske Srbije je pre mesec dana pokrenuo inicijativu ka predsedniku za uvo\u0111enje obaveznog vojnog roka, dok je predsednik u ponedeljak&nbsp;<a rel=\"noreferrer noopener\" href=\"https:\/\/www.b92.net\/info\/vesti\/index.php?yyyy=2024&amp;mm=02&amp;dd=05&amp;nav_category=11&amp;nav_id=2477184\" target=\"_blank\">izjavio<\/a>&nbsp;kako ve\u0107ina gra\u0111ana podr\u017eava takvu odluku. Vu\u010di\u0107 je dodao i da ve\u0107ina od onih koji ne misle da treba da se uvede obavezni vojni rok smatra da je Srbija &#8220;morala o\u0161trije i sna\u017enije da reaguje po pitanju Kosova&#8221;, dodav\u0161i kako je to &#8220;nemoralni stav&#8221;.<\/p>\n\n\n\n<p>Dok&nbsp;<a rel=\"noreferrer noopener\" href=\"https:\/\/www.youtube.com\/watch?v=YRTx_hOQslQ\" target=\"_blank\">prore\u017eimski analiti\u010dari<\/a>&nbsp;isti\u010du potrebu za uvo\u0111enjem obaveznog vojnog roka, navode\u0107i kako je to neophodno jer je Srbija okru\u017eena neprijateljima, te da je cilj &#8220;kona\u010dna pobeda&#8221; i stvaranje dr\u017eave koja \u0107e \u0161tititi Srbe gde god da \u017eive u okru\u017eenju, realnost je druga\u010dija. Aktuelna vlast, a ne &#8220;drugosrbijanci&#8221; iz opozicije, na\u010dinila je klju\u010dne ustupke Pri\u0161tini u ostvarivanju suverene vlasti na celoj teritoriji Kosova. Poruka je jasna \u2013 o uvo\u0111enju obaveznog vojnog roka ponovo se diskutuje u kontekstu nove krize na Kosovu \u2013 ja\u010da vojska je potrebna kako bi se Kosovo sa\u010duvalo.<\/p>\n\n\n\n<p>Koliko je zaista verovatno uvo\u0111enje obaveznog vojnog roka?&nbsp;Po svemu sude\u0107i,&nbsp;u pitanju je jo\u0161 jedna dimna zavesa za potrebe dnevne politike, jer deluje da dr\u017eava ne mo\u017ee da zadovolji osnovne materijalne potrebe vojnika u sada\u0161njem kapacitetu.<\/p>\n\n\n\n<h2 class=\"wp-block-heading\">Topovsko meso<\/h2>\n\n\n\n<p>Zanimljiva je reakcija i jo\u0161 jednog &#8220;ideolo\u0161kog stuba&#8221; srpskog dru\u0161tva, Srpske pravoslavne crkve (SPC).&nbsp;<a rel=\"noreferrer noopener\" href=\"https:\/\/vreme.com\/vesti\/porfirije-podrzao-vucica-uvazeni-gospodine-predsednice-blazenjejsi\/\" target=\"_blank\">Patrijarh neguje bliske odnose sa predsednikom<\/a>, pa se SPC ne ogla\u0161ava po pitanju zvani\u010dne dr\u017eavne politike prema Kosovu. Ne ogla\u0161ava se Crkva ni o&nbsp;<a rel=\"noreferrer noopener\" href=\"https:\/\/pescanik.net\/odricanje-demokratije\/\" target=\"_blank\">stanju demokratije<\/a>&nbsp;u Srbiji, \u010dinjenici da re\u017eim \u010desto fizi\u010dki napada politi\u010dke protivnike i da vladaju\u0107a stranka ucenjuje ljude kako bi obezbedila glasove. To nisu teme koje interesuju Crkvu, tobo\u017ee ona je iznad partijskih interesa.<\/p>\n\n\n\n<p>Crkva ostaje nema i na aktuelne slu\u010dajeve aku\u0161erskog nasilja,&nbsp;<a rel=\"noreferrer noopener\" href=\"https:\/\/nova.rs\/vesti\/drustvo\/pitali-smo-spc-sanu-dveri-i-zavetnike-o-akuserskom-nasilju\/\" target=\"_blank\">isti\u010du\u0107i<\/a>&nbsp;kako &#8220;[n]e mo\u017ee (&#8230;) da komentari\u0161e svaki problem koji se desi u ovoj zemlji&#8221;. Me\u0111utim, SPC ne propu\u0161ta da, o\u0161tro i sa &#8220;<a rel=\"noreferrer noopener\" href=\"https:\/\/spc.rs\/zakljucci-naucnog-skupa-srpski-identitet-srpski-jezik-i-zakon-o-rodnoj-ravnopravnosti\/\" target=\"_blank\">nau\u010dnih<\/a>&#8221; pozicija, kritikuje Zakon o rodnoj ravnopravnosti, &#8220;rodnu ideologiju&#8221;, te &#8220;antihri\u0161\u0107ansko&nbsp;i anticivilizacijsko&#8221;&nbsp;odre\u0111enj\u0435&nbsp;roda&nbsp;kao dru\u0161tvenog konstrukta. To je valjda nadpartijska i va\u017ena dru\u0161tvena tema. Podsetimo, pro\u0161le godine je patrijarh poverenicu za rodnu ravnopravnost nazvao &#8220;jadnicom i bednicom&#8221;, zbog njene navodne namere da Crkvi ospori pravo da se ogla\u0161ava o bilo kom dru\u0161tvenom pitanju.&nbsp;<\/p>\n\n\n\n<p>Indikativno je kako SPC bira koja su dru\u0161tvena pitanja va\u017ena \u2013 gotovo da nema slu\u010dajeva da se javno suprotstavlja vlastima. Uvek je lak\u0161e neprijatelja prona\u0107i u manjinama, loviti ve\u0161tice i napadati &#8220;<a rel=\"noreferrer noopener\" href=\"https:\/\/spc.rs\/nova-originalna-srpska-serija-dobar-dan-dobra-zeno\/\" target=\"_blank\">antire\u017eimske<\/a>&#8221; medije koji nisu ni blizu pozicijama mo\u0107i, nego kritikovati one u \u010dijim su rukama i no\u017e i poga\u010da.<\/p>\n\n\n\n<p>Jasno je i \u010demu slu\u017ei ideologija, ali ne &#8220;rodna ideologija&#8221; kojom se bave prijatelji re\u017eima. Re\u010d je o ideologiji koja je nadgradnja konkretnom poretku u Srbiji koji je omogu\u0107io da nekoliko porodica bliskih re\u017eimu stvori enormnu koli\u010dinu bogatstva. Siroma\u0161ni su tu, kao i uvek, topovsko meso.<\/p>\n","protected":false},"excerpt":{"rendered":"<p>U danima kada vlast u Srbiji vu\u010de poteze kojima se zaokru\u017euje nezavisnost Kosova, istovremeno podi\u017ee nacionalisti\u010dke tenzije na unutra\u0161njem nivou kako bi skrenula pa\u017enju sa spoljnopoliti\u010dkih poraza. Ubrzo nakon izbora, Vlada je dozvolila kretanje vozilima sa kosovskim tablicama kroz Srbiju, a prvog februara po\u010dela je primena uredbe Centralne banke Kosova (CBK) kojom je predvi\u0111eno da [&hellip;]<\/p>\n","protected":false},"author":5,"featured_media":46355,"comment_status":"closed","ping_status":"closed","sticky":false,"template":"","format":"standard","meta":{"footnotes":""},"categories":[454],"tags":[469],"theme":[456],"country":[11],"articleformat":[205],"coauthors":[971],"class_list":["post-46351","post","type-post","status-publish","format-standard","has-post-thumbnail","hentry","category-naslovnica","tag-srbija","theme-politika","country-srbija","articleformat-vijest"],"_links":{"self":[{"href":"https:\/\/www.bilten.org\/index.php?rest_route=\/wp\/v2\/posts\/46351","targetHints":{"allow":["GET"]}}],"collection":[{"href":"https:\/\/www.bilten.org\/index.php?rest_route=\/wp\/v2\/posts"}],"about":[{"href":"https:\/\/www.bilten.org\/index.php?rest_route=\/wp\/v2\/types\/post"}],"author":[{"embeddable":true,"href":"https:\/\/www.bilten.org\/index.php?rest_route=\/wp\/v2\/users\/5"}],"replies":[{"embeddable":true,"href":"https:\/\/www.bilten.org\/index.php?rest_route=%2Fwp%2Fv2%2Fcomments&post=46351"}],"version-history":[{"count":4,"href":"https:\/\/www.bilten.org\/index.php?rest_route=\/wp\/v2\/posts\/46351\/revisions"}],"predecessor-version":[{"id":46356,"href":"https:\/\/www.bilten.org\/index.php?rest_route=\/wp\/v2\/posts\/46351\/revisions\/46356"}],"wp:featuredmedia":[{"embeddable":true,"href":"https:\/\/www.bilten.org\/index.php?rest_route=\/wp\/v2\/media\/46355"}],"wp:attachment":[{"href":"https:\/\/www.bilten.org\/index.php?rest_route=%2Fwp%2Fv2%2Fmedia&parent=46351"}],"wp:term":[{"taxonomy":"category","embeddable":true,"href":"https:\/\/www.bilten.org\/index.php?rest_route=%2Fwp%2Fv2%2Fcategories&post=46351"},{"taxonomy":"post_tag","embeddable":true,"href":"https:\/\/www.bilten.org\/index.php?rest_route=%2Fwp%2Fv2%2Ftags&post=46351"},{"taxonomy":"theme","embeddable":true,"href":"https:\/\/www.bilten.org\/index.php?rest_route=%2Fwp%2Fv2%2Ftheme&post=46351"},{"taxonomy":"country","embeddable":true,"href":"https:\/\/www.bilten.org\/index.php?rest_route=%2Fwp%2Fv2%2Fcountry&post=46351"},{"taxonomy":"articleformat","embeddable":true,"href":"https:\/\/www.bilten.org\/index.php?rest_route=%2Fwp%2Fv2%2Farticleformat&post=46351"},{"taxonomy":"author","embeddable":true,"href":"https:\/\/www.bilten.org\/index.php?rest_route=%2Fwp%2Fv2%2Fcoauthors&post=46351"}],"curies":[{"name":"wp","href":"https:\/\/api.w.org\/{rel}","templated":true}]}}