{"id":46325,"date":"2024-01-31T11:32:15","date_gmt":"2024-01-31T10:32:15","guid":{"rendered":"https:\/\/www.bilten.org\/?p=46325"},"modified":"2024-02-02T09:53:11","modified_gmt":"2024-02-02T08:53:11","slug":"stvarno-ludi-ili-se-prave-ludi","status":"publish","type":"post","link":"https:\/\/www.bilten.org\/?p=46325","title":{"rendered":"Stvarno ludi ili se prave ludi?"},"content":{"rendered":"\n<p>Nije dugo trajao sklad u pokretu Mi \u2013 glas iz naroda, najprepoznatljivijem po liku i delu doktora Branimira Nestorovi\u0107a. Ubrzo nakon prvih izbora na koje su iza\u0161li, i velikog uspeha, nazire se ozbiljan raskol u organizaciji koja je politi\u010dku podr\u0161ku dobrim delom gradila na antipoliti\u010dkom i antikoruptivnom sentimentu. Sebe su predstavljali kao nepotkupljive ljude van sistema i koruptivnih partijskih interesa.<\/p>\n\n\n\n<p>No, danima se spekuli\u0161e da je mogu\u0107e da sa njihove beogradske liste dvoje ljudi preleti u tabor dosada\u0161nje vladaju\u0107e koalicije, \u010dime bi se stvorila ve\u0107ina u Skup\u0161tini grada Beograda. Srpskoj naprednoj stranci (SNS) i Socijalisti\u010dkoj partiji Srbije (SPS) nedostaju dva odbornika za formiranje ve\u0107ine u Beogradu i, po oprobanom receptu, krenuli su putem kupovine odbornika sa drugih lista. Da stvar po Mi \u2013 glas iz naroda bude gora, glavni protagonista je nosilac njihove beogradske liste, Aleksandar Jerkovi\u0107 i, navodno, jo\u0161 jedan odbornik koji mu je blizak saradnik.<\/p>\n\n\n\n<p>Jerkovi\u0107 je po\u010detkom pro\u0161le nedelje putem dru\u0161tvene mre\u017ee X obavestio javnost da se nalazi u Moskvi gde ga o\u010dekuju sastanci. Od tada traju javna prepucavanja izme\u0111u Jerkovi\u0107a i Mi \u2013 glas iz naroda. Jerkovi\u0107 tvrdi da je pre izbora formirana koalicija izme\u0111u njegove organizacije Nema nazad \u2013 iza je Srbija i pokreta Mi \u2013 glas iz naroda, te zahteva pregovore oko budu\u0107eg delovanja.<\/p>\n\n\n\n<p>Druga strana tvrdi da koalicija nikada nije sastavljena, da se radi o jedinstvenoj listi i samostalnom izlasku jedne organizacije na izbore. <sup><a href=\"#footnote_1_46325\" id=\"identifier_1_46325\" class=\"footnote-link footnote-identifier-link\" title=\"Formalno gledano, nema dileme da je Mi &ndash; glas iz naroda iza&scaron;ao na izbore kao jedinstvena grupa gra\u0111ana. Zakon ne dozvoljava da grupe gra\u0111ana me\u0111usobno potpisuju koalicione sporazume, niti je mogu\u0107e da stranke i grupe gra\u0111ana formalno ulaze u koalicije. Ipak, u praksi se ove odredbe zaobilaze &bdquo;d\u017eentlmentskim sporazumima&ldquo; koji ne zna\u010de puno u slu\u010daju sudskog spora.\">1<\/a><\/sup> , javno su se odrekli svog nosioca liste, istakav\u0161i kako je re\u010d o&nbsp;<a rel=\"noreferrer noopener\" href=\"https:\/\/miglasiznaroda.rs\/jerkovic-je-upravo-pojava-protiv-koje-se-mi-glas-iz-naroda-bori\/\" target=\"_blank\">pojavi protiv koje se Mi \u2013 glas iz naroda bori<\/a>&nbsp;i \u010doveku koji \u017eeli da bude profesionalni politi\u010dar. Isti\u010du da je Jerkovi\u0107 do\u0161ao kod njih na preporuku i priznaju gre\u0161ku \u2013 nisu imali kapaciteta da provere svaku osobu.<\/p>\n\n\n\n<p>Skromne infrastrukturne kapacitete ove organizacije najbolje ilustruje podatak da nisu imali dovoljno ljudi da popune sva mesta na republi\u010dkoj i gradskoj listi. \u010cinjenica je i da sami priznaju da Jerkovi\u0107a gotovo i da nisu poznavali pre nego \u0161to je postao nosilac beogradske liste, \u0161to je posebno problemati\u010dno u situaciji kada je bilo poznato da \u0107e izbori u Beogradu biti vrlo neizvesni.<\/p>\n\n\n\n<p>Ovo navodi na pomisao da je re\u010d o unapred dogovorenom scenariju \u2013 ukoliko SNS-u i SPS-u bude zafalio koji mandat za formiranje ve\u0107ine, spremna je rezervna opcija. U Srbiji su mandati slobodni, \u0161to zna\u010di na partije nemaju mehanizme da uti\u010du na delovanje konkretne osobe, jednom kada je mandat osvojen.<\/p>\n\n\n\n<h2 class=\"wp-block-heading\">Unapred dogovoreno ili propust?<\/h2>\n\n\n\n<p>Aleksandar Jerkovi\u0107 je doskora bio relativno nepoznata politi\u010dka figura. Bio je narodni poslanik u prethodnom sazivu Narodne skup\u0161tine, izabran preko liste Nacionalno demokratske alternative (NADA). Ipak, njegova&nbsp;<a rel=\"noreferrer noopener\" href=\"https:\/\/www.istinomer.rs\/akter\/aleksandar-jerkovic\/\" target=\"_blank\">politi\u010dka biografija<\/a>&nbsp;ima nekoliko zanimljivih detalja. Za narodnog poslanika na izborima 2022. izabran je na kvoti stranke Bunjevci gra\u0111ani Srbije, u okviru koalicije NADA, a su\u0161tinski kao predstavnik pokreta Nema nazad \u2013 iza je Srbija, pokojnog generala Bo\u017eidara Deli\u0107a. Ni njegov anga\u017eman u poslani\u010dkom klubu NADA-e nije trajao dugo. Ubrzo dovodi u pitanje istinski opozicioni karakter ove koalicije i po\u010dinje da deluje kao samostalni narodni poslanik.<\/p>\n\n\n\n<p>Jerkovi\u0107 je svoju beogradsku kampanju bazirao na aktivnostima preko dru\u0161tvenih mre\u017ea, snimaju\u0107i ve\u0107inu svojih akcija. Izme\u0111u ostalog,&nbsp;<a rel=\"noreferrer noopener\" href=\"https:\/\/www.instagram.com\/reel\/C0lQqQ-oN0e\/?igsh=eWVvOGZ5Yzh3NzYz&amp;fbclid=IwAR0SX_TU-V2ejFqaqpYzUY7KzW7oQnZu3_NvhPp8CaZiz6lk9URkN9H-OP8\" target=\"_blank\">upao je u Ku\u0107u cve\u0107a<\/a>, prilikom \u010dega se sva\u0111ao sa radnicima i obezbe\u0111enjem zbog neovla\u0161\u0107enog snimanja, optu\u017euju\u0107i ih da \u010duvaju &#8220;zlikovca Tita&#8221;. Za deo pristalica pokreta Mi \u2013 glas iz naroda, bilo je sporno to \u0161to je prethodno u\u010destvovao na protestima Srbija protiv nasilja.<\/p>\n\n\n\n<p>Svoje tuma\u010denje aktuelnih doga\u0111aja nedavno je izneo&nbsp;<a href=\"https:\/\/www.istinomer.rs\/akter\/aleksandar-pavic-2\/\" target=\"_blank\" rel=\"noreferrer noopener\">Aleksandar Pavi\u0107<\/a>, jedan od osniva\u010da pokreta Mi \u2013 glas iz naroda, politikolog, \u010dija je diploma sa Berklija jedna od referenci za komentarisanje aktuelnih geopoliti\u010dkih trvenja, a posebno rata u Ukrajini. Pavi\u0107, ina\u010de \u010desto vi\u0111en gost na Happy televiziji, svoju interpretaciju doga\u0111aja ovoga puta ponudio je u&nbsp;<a href=\"https:\/\/www.youtube.com\/watch?v=cboIBpcUzaQ\" target=\"_blank\" rel=\"noreferrer noopener\">emisiji Balkan Info<\/a>.<\/p>\n\n\n\n<p>Istakao je kako je Jerkovi\u0107 &#8220;samo jo\u0161 jedan politi\u010dar&#8221; koji o\u010digledno \u017eeli da se profesionalno bavi politikom. Uz jasno ogra\u0111ivanje od budu\u0107eg Jerkovi\u0107evog delovanja, priznao je da se svakome &#8220;desi da omane&#8221; prilikom sastavljanja liste. Me\u0111utim, dodao je i da je &#8220;me\u0111u dvanaest apostala bio Juda, pa ne treba da se svi razo\u010daraju u hri\u0161\u0107anstvo&#8221;, aludiraju\u0107i da je ostatak pokreta Mi \u2013 glas iz naroda sa\u010dinjen od kredibilnih ljudi. Navodno, u jednom je trenutku predaja beogradske liste bila dovedena u pitanja, upravo zbog Jerkovi\u0107evog pona\u0161anja tokom kampanje.<\/p>\n\n\n\n<p>Ostatak emisije protekao je u uobi\u010dajenom tonu. Pokret \u0107e nastaviti da radi na resuverenizaciji, dekolonizaciji i departizaciji Srbije, borbi protiv razoru\u017eavanja naroda (\u0161to je postalo tema nakon majskih tragedija), te borbi protiv &#8220;kolonijalnog rudarenja&#8221; litijuma. Vlastima posebno zameraju politiku prema Kosovu i Zakon o rodnoj ravnopravnosti.<\/p>\n\n\n\n<p>Naravno, bilo kakva saradnja sa koalicijom Srbija protiv nasilja ne dolazi u obzir, jer su poku\u0161ali da sprovedu &#8220;Majdan u Beogradu&#8221;, dok Mi \u2013 glas iz naroda ne \u017eeli da u\u010destvuje u obojenim revolucijama. \u0160tavi\u0161e, upravo \u0107e oni biti brana jednoj takvoj revoluciji u Beogradu.<\/p>\n\n\n\n<p>Uobi\u010dajene geopoliti\u010dke teme zauzele su va\u017eno mesto emisije. Prema Pavi\u0107u, Srbija bi u kontekstu rata u Ukrajini trebalo da zauzme proaktivniju politiku na Balkanu i da po\u010dne da se \u0161iri, &#8220;ali ne na genocidan na\u010din kao kolonizatori&#8221;. Srbima je &#8220;uterano&#8221; da budu defanzivni od strane masona i titoista-komunista, dok Pavi\u0107 smatra da je sada pravi trenutak da se zapo\u010dne sa druga\u010dijim politikom, posebno u pravcu Republike Srpske i Crne Gore. Navodno, u tom slu\u010daju bi i Rusija prisko\u010dila u pomo\u0107.<\/p>\n\n\n\n<p>Ako ostavimo po strani opasne i sulude planove i vratimo se konkretnoj situaciji u beogradskoj skup\u0161tini, name\u0107e se jedno pitanje: kako je mogu\u0107e da se tako vrsnim (geo)stratezima i planerima jedan Aleksandar Jerkovi\u0107 &#8220;u\u0161unja&#8221; na listu i to kao nosilac?<\/p>\n\n\n\n<p>Te\u0161ko je sa sigurno\u0161\u0107u re\u0107i o \u010demu se ovde radi. Ako nije re\u010d o nameri i prethodnom dogovoru sa vlastima, jedino \u0161to se name\u0107e kao obja\u0161njenje jeste velika neozbiljnost, pa \u010dak i politi\u010dki diletantizam.<\/p>\n<ol class=\"footnotes\"><li id=\"footnote_1_46325\" class=\"footnote\">Formalno gledano, nema dileme da je Mi \u2013 glas iz naroda iza\u0161ao na izbore kao jedinstvena grupa gra\u0111ana. Zakon ne dozvoljava da grupe gra\u0111ana me\u0111usobno potpisuju koalicione sporazume, niti je mogu\u0107e da stranke i grupe gra\u0111ana formalno ulaze u koalicije. Ipak, u praksi se ove odredbe zaobilaze \u201ed\u017eentlmentskim sporazumima\u201c koji ne zna\u010de puno u slu\u010daju sudskog spora.<span class=\"footnote-back-link-wrapper\">[<a href=\"#identifier_1_46325\" class=\"footnote-link footnote-back-link\">&#8617;<\/a>]<\/span><\/li><\/ol>","protected":false},"excerpt":{"rendered":"<p>Nije dugo trajao sklad u pokretu Mi \u2013 glas iz naroda, najprepoznatljivijem po liku i delu doktora Branimira Nestorovi\u0107a. Ubrzo nakon prvih izbora na koje su iza\u0161li, i velikog uspeha, nazire se ozbiljan raskol u organizaciji koja je politi\u010dku podr\u0161ku dobrim delom gradila na antipoliti\u010dkom i antikoruptivnom sentimentu. Sebe su predstavljali kao nepotkupljive ljude van [&hellip;]<\/p>\n","protected":false},"author":5,"featured_media":46327,"comment_status":"closed","ping_status":"closed","sticky":false,"template":"","format":"standard","meta":{"footnotes":""},"categories":[454],"tags":[12,469],"theme":[456],"country":[11],"articleformat":[205],"coauthors":[971],"class_list":["post-46325","post","type-post","status-publish","format-standard","has-post-thumbnail","hentry","category-naslovnica","tag-izbori","tag-srbija","theme-politika","country-srbija","articleformat-vijest"],"_links":{"self":[{"href":"https:\/\/www.bilten.org\/index.php?rest_route=\/wp\/v2\/posts\/46325","targetHints":{"allow":["GET"]}}],"collection":[{"href":"https:\/\/www.bilten.org\/index.php?rest_route=\/wp\/v2\/posts"}],"about":[{"href":"https:\/\/www.bilten.org\/index.php?rest_route=\/wp\/v2\/types\/post"}],"author":[{"embeddable":true,"href":"https:\/\/www.bilten.org\/index.php?rest_route=\/wp\/v2\/users\/5"}],"replies":[{"embeddable":true,"href":"https:\/\/www.bilten.org\/index.php?rest_route=%2Fwp%2Fv2%2Fcomments&post=46325"}],"version-history":[{"count":2,"href":"https:\/\/www.bilten.org\/index.php?rest_route=\/wp\/v2\/posts\/46325\/revisions"}],"predecessor-version":[{"id":46328,"href":"https:\/\/www.bilten.org\/index.php?rest_route=\/wp\/v2\/posts\/46325\/revisions\/46328"}],"wp:featuredmedia":[{"embeddable":true,"href":"https:\/\/www.bilten.org\/index.php?rest_route=\/wp\/v2\/media\/46327"}],"wp:attachment":[{"href":"https:\/\/www.bilten.org\/index.php?rest_route=%2Fwp%2Fv2%2Fmedia&parent=46325"}],"wp:term":[{"taxonomy":"category","embeddable":true,"href":"https:\/\/www.bilten.org\/index.php?rest_route=%2Fwp%2Fv2%2Fcategories&post=46325"},{"taxonomy":"post_tag","embeddable":true,"href":"https:\/\/www.bilten.org\/index.php?rest_route=%2Fwp%2Fv2%2Ftags&post=46325"},{"taxonomy":"theme","embeddable":true,"href":"https:\/\/www.bilten.org\/index.php?rest_route=%2Fwp%2Fv2%2Ftheme&post=46325"},{"taxonomy":"country","embeddable":true,"href":"https:\/\/www.bilten.org\/index.php?rest_route=%2Fwp%2Fv2%2Fcountry&post=46325"},{"taxonomy":"articleformat","embeddable":true,"href":"https:\/\/www.bilten.org\/index.php?rest_route=%2Fwp%2Fv2%2Farticleformat&post=46325"},{"taxonomy":"author","embeddable":true,"href":"https:\/\/www.bilten.org\/index.php?rest_route=%2Fwp%2Fv2%2Fcoauthors&post=46325"}],"curies":[{"name":"wp","href":"https:\/\/api.w.org\/{rel}","templated":true}]}}