{"id":46159,"date":"2023-12-15T07:11:00","date_gmt":"2023-12-15T06:11:00","guid":{"rendered":"https:\/\/www.bilten.org\/?p=46159"},"modified":"2023-12-14T22:13:43","modified_gmt":"2023-12-14T21:13:43","slug":"nema-nista-dosadnije-od-afera","status":"publish","type":"post","link":"https:\/\/www.bilten.org\/?p=46159","title":{"rendered":"Nema ni\u0161ta dosadnije od afera"},"content":{"rendered":"\n<p>Zamislimo sljede\u0107u situaciju. Ujutro u hrvatskim medijima osvane nova afera, tisu\u0107ita valjda u posljednjih desetak godina. Protagonist je HDZ-ov ministar, dr\u017eavni tajnik, \u017eupan ili direktor javnog poduze\u0107a. I onda uslijedi uobi\u010dajeni folklor: premijer Andrej Plenkovi\u0107 i pobo\u010dnici pri\u010du nastoje neutralizirati razli\u010ditim spinovima i interpretacijama, opozicijski politi\u010dari upozoravaju da je ova afera stvarno predstavlja kraj HDZ-a, a novinar tra\u017ee dodatne rukavce afere. I onda se u kasnim popodnevnim satima pred kamerama pojavi jedan od istaknutijih opozicijskih \u010delnika.<\/p>\n\n\n\n<p>I iznevjeri o\u010dekivanja. Umjesto da zapo\u010dne klasi\u010dnu tiradu o duboko korumpiranom HDZ-u koji je zarobio dr\u017eavu i snizio moralne standarde politi\u010dke prakse, na\u0161 zami\u0161ljeni opozicijski \u010delnik javnosti uputi ispriku. A u njoj stoji: &#8220;Ispri\u010davamo se, kako na\u0161im bira\u010dima, tako i cjelokupnoj javnosti. Naime, HDZ, unato\u010d nebrojenim aferama i dalje dr\u017ei \u010dvrsto prvo mjesto u anketama popularnosti. Razlog tome nije degradacija moralnih standarda me\u0111u gra\u0111anima ve\u0107 manjak na\u0161e politi\u010dke imaginacije, efikasnosti i atraktivnosti. Obe\u0107avam da \u0107emo u budu\u0107nosti ponuditi programe koji \u0107e vas mobilizirati i pru\u017eiti okvir za realizaciju va\u0161ih interesa i vrijednosti.&#8221;<\/p>\n\n\n\n<p>Mo\u017eemo pretpostaviti da bi po\u010detne reakcije odavale zna\u010dajnu razinu zbunjenosti. Kako me\u0111u novinarima na samoj tiskovnoj konferenciji kojima su uskra\u0107ena ve\u0107 pripremljena pitanja, a onda i u \u0161iroj dru\u0161tvenoj javnosti. Naprosto bi se ugrozila uobi\u010dajena dramaturgija hrvatske politike koja ka\u017ee da promjena ovisi o tome koliko bira\u010di mogu trpjeti HDZ-ovu korupciju. Koliko god tu\u017eno zvu\u010dalo, rije\u010d je o prevladavaju\u0107oj perspektivi u hrvatskoj politici. Me\u0111utim, da bi se ta zbunjenost koju je proizveo na\u0161 zami\u0161ljeni opozicijski \u010delnik zadr\u017eala, da bi postala politi\u010dki produktivna, morala bi se promijeniti barem tri okvira koji definiraju \u0161to je politika uop\u0107e u na\u0161em dru\u0161tvu.<\/p>\n\n\n\n<p>Prvi se okvir ti\u010de uloge medija i novinarstva. Premda im je dru\u0161tveni status zbog poslovnih modela koje koriste, a koji se reflektiraju u tabloidizaciji i senzacionalizmu, na prili\u010dno niskim granama, kod nas se i dalje zadr\u017eala \u010desto nesvjesna ideja, prisutna od devedesetih na liberalnoj sceni, da su mediji zamjena za politi\u010dke stranke. Bilo da se radi o jakim kolumnisti\u010dkim autorima koji kompenziraju karizmati\u010dne politi\u010dke li\u010dnosti, bilo da se radi o istra\u017eiva\u010dkom novinarstvu koje se \u010desto kvalificira kao dovoljan politi\u010dki rad. Takvo je zami\u0161ljanje politike u kojem su kolumnisti superiorni nacionalisti\u010dkim politi\u010darima, a istra\u017eiva\u010dki novinari stalno na tragu njihovih birokrata i poslovnih partnera, itekako prisutno na postjugoslavenskom prostoru. I koliko god rad tih kolumnista i novinara bio neizmjerno dru\u0161tveno vrijedan, kao politi\u010dki kapital nema ba\u0161 puno \u0161anse jer se naprosto ne radi o politi\u010dkim organizacijama.<\/p>\n\n\n\n<p>Drugi okvir je vezan uz pitanje \u0161to sve spada u politiku. Premda se doima da nema sfere dru\u0161tvenog i privatnog \u017eivota koja nije &#8220;ispolitizirana&#8221;, prostor za politiku je prili\u010dno ograni\u010den. Ta sku\u010denost proizlazi iz prevladavaju\u0107eg uvjerenja da politika nema \u0161to tra\u017eiti u sferi ekonomije koja mora biti isklju\u010divo prepu\u0161tena navodno neutralnim tr\u017ei\u0161nim mehanizmima. U takvim je okolnostima te\u0161ko ponuditi alternativnu politiku i sasvim je jasno za\u0161to se \u2013 kad su barem u pitanju ekonomske politike \u2013 sve svodi na moralne kapacitete. I za\u0161to je mobilizacija bira\u010da na toj osnovi sporadi\u010dna i te\u0161ko odr\u017eiva na duge staze. Uglavnom se takve politi\u010dke snage u nastojanju da ostanu relevantne prebace u &#8220;kulturne ratove&#8221;.<\/p>\n\n\n\n<p>Tre\u0107i okvir je zasnovan na pretpostavci da politi\u010dke stranke ne smiju predstavljati interese bira\u010da jer ih to \u010dini nelojalnom konkurencijom na tr\u017ei\u0161tu politi\u010dkih ideja. Stranke se moraju prilago\u0111avati objektivnim ekonomskim kretnjama, a odstupanja su predvi\u0111ena isklju\u010divo za izvanredne situacije poput pandemije ili rata. Me\u0111utim, nemaju svi privilegiju da politiku shva\u0107aju kao dimenziju bezinteresnog svi\u0111anja, a ekonomiju kao neutralni i objektivni proces. Mnogi koji tu privilegiju nemaju naprosto ne glasaju. Nije nimalo lako uspostaviti infrastrukturu i logistiku, kako materijalnu tako i ideolo\u0161ku, nu\u017enu za interesnu politiku koja nije zasnovana na (polu)kriminalnom klijentelizmu. Ali samo postojanje takvih klijentelisti\u010dkih modela koji dominiraju razli\u010ditim politi\u010dkim zajednicama nam govori da je interes u sredi\u0161tu politike i da u nadinteresnoj sferi mogu obitavati samo oni koji su interese odavno zadovoljili. Ili oni koji politi\u010dko-ekonomski napredak mjere razvojem elegancije, komfornosti i intuitivnosti aplikacija na pametnom telefonu.<\/p>\n\n\n\n<p>Dok se ti okviri barem ne provjetre osu\u0111eni smo na politi\u010dki \u017eivot od afere do afere. A ne postoji ni\u0161ta dosadnije od politike svedene na afere. U takvim je okolnostima imaginacija sasvim zakr\u017eljala i u krug se vrti isti krug istro\u0161enih ideja.<\/p>\n","protected":false},"excerpt":{"rendered":"<p>Zamislimo sljede\u0107u situaciju. Ujutro u hrvatskim medijima osvane nova afera, tisu\u0107ita valjda u posljednjih desetak godina. Protagonist je HDZ-ov ministar, dr\u017eavni tajnik, \u017eupan ili direktor javnog poduze\u0107a. I onda uslijedi uobi\u010dajeni folklor: premijer Andrej Plenkovi\u0107 i pobo\u010dnici pri\u010du nastoje neutralizirati razli\u010ditim spinovima i interpretacijama, opozicijski politi\u010dari upozoravaju da je ova afera stvarno predstavlja kraj HDZ-a, [&hellip;]<\/p>\n","protected":false},"author":5,"featured_media":45781,"comment_status":"closed","ping_status":"closed","sticky":false,"template":"","format":"standard","meta":{"footnotes":""},"categories":[454],"tags":[103],"theme":[458],"country":[38],"articleformat":[205],"coauthors":[90],"class_list":["post-46159","post","type-post","status-publish","format-standard","has-post-thumbnail","hentry","category-naslovnica","tag-ideologija","theme-drustvo","country-hrvatska","articleformat-vijest"],"_links":{"self":[{"href":"https:\/\/www.bilten.org\/index.php?rest_route=\/wp\/v2\/posts\/46159","targetHints":{"allow":["GET"]}}],"collection":[{"href":"https:\/\/www.bilten.org\/index.php?rest_route=\/wp\/v2\/posts"}],"about":[{"href":"https:\/\/www.bilten.org\/index.php?rest_route=\/wp\/v2\/types\/post"}],"author":[{"embeddable":true,"href":"https:\/\/www.bilten.org\/index.php?rest_route=\/wp\/v2\/users\/5"}],"replies":[{"embeddable":true,"href":"https:\/\/www.bilten.org\/index.php?rest_route=%2Fwp%2Fv2%2Fcomments&post=46159"}],"version-history":[{"count":1,"href":"https:\/\/www.bilten.org\/index.php?rest_route=\/wp\/v2\/posts\/46159\/revisions"}],"predecessor-version":[{"id":46160,"href":"https:\/\/www.bilten.org\/index.php?rest_route=\/wp\/v2\/posts\/46159\/revisions\/46160"}],"wp:featuredmedia":[{"embeddable":true,"href":"https:\/\/www.bilten.org\/index.php?rest_route=\/wp\/v2\/media\/45781"}],"wp:attachment":[{"href":"https:\/\/www.bilten.org\/index.php?rest_route=%2Fwp%2Fv2%2Fmedia&parent=46159"}],"wp:term":[{"taxonomy":"category","embeddable":true,"href":"https:\/\/www.bilten.org\/index.php?rest_route=%2Fwp%2Fv2%2Fcategories&post=46159"},{"taxonomy":"post_tag","embeddable":true,"href":"https:\/\/www.bilten.org\/index.php?rest_route=%2Fwp%2Fv2%2Ftags&post=46159"},{"taxonomy":"theme","embeddable":true,"href":"https:\/\/www.bilten.org\/index.php?rest_route=%2Fwp%2Fv2%2Ftheme&post=46159"},{"taxonomy":"country","embeddable":true,"href":"https:\/\/www.bilten.org\/index.php?rest_route=%2Fwp%2Fv2%2Fcountry&post=46159"},{"taxonomy":"articleformat","embeddable":true,"href":"https:\/\/www.bilten.org\/index.php?rest_route=%2Fwp%2Fv2%2Farticleformat&post=46159"},{"taxonomy":"author","embeddable":true,"href":"https:\/\/www.bilten.org\/index.php?rest_route=%2Fwp%2Fv2%2Fcoauthors&post=46159"}],"curies":[{"name":"wp","href":"https:\/\/api.w.org\/{rel}","templated":true}]}}