{"id":45972,"date":"2023-11-23T13:11:54","date_gmt":"2023-11-23T12:11:54","guid":{"rendered":"https:\/\/www.bilten.org\/?p=45972"},"modified":"2023-11-23T13:20:02","modified_gmt":"2023-11-23T12:20:02","slug":"hlad-kao-radnicko-pravo","status":"publish","type":"post","link":"https:\/\/www.bilten.org\/?p=45972","title":{"rendered":"Hlad kao radni\u010dko pravo"},"content":{"rendered":"\n<p>Ljeto je daleko, ali sad je ve\u0107 op\u0107epoznato da kremu sa za\u0161titnim faktorom ili popularno zvanu SPF formulu treba nanositi cijele godine i u svako doba dana kako bi se za\u0161titili od opasnih UV zraka. Za razliku od drugih proizvoda za njegu lica, \u0161to se ti\u010de kremica sa za\u0161titnim faktorom beauty industrija ima punu <a href=\"https:\/\/estetica.hr\/?p=53786\">podr\u0161ku<\/a> lije\u010dnika i kozmetologa. Izlaganje suncu bez za\u0161tite dovodi do preranog starenja ko\u017ee, ali je i opasno po zdravlje jer su UV zrake glavni rizi\u010dni faktor za razvoj melanoma, najzlo\u0107udnijeg tumora ko\u017ee. Faktor treba nanositi svaka dva sata ako se boravi na otvorenom du\u017ee vrijeme, ali apstinencija je i u ovom slu\u010daju jedina potpuno u\u010dinkovita za\u0161tita, pa se ljeti ne preporu\u010duje izlaganje suncu od 11 do 16 sati. Ali ako radite na otvorenom, to uglavnom nije opcija, a ni kreme za za\u0161titnim faktorom ne spadaju u obaveznu radnu opremu koju osiguravaju poslodavci.<\/p>\n\n\n\n<p>Kao \u0161to smo na Biltenu ve\u0107 <a href=\"https:\/\/www.bilten.org\/?p=39108\">pisali<\/a> na primjeru radnika u poljoprivredi, tek je smrt jednog od radnika nakon radnog dana na vru\u0107ini od 40 stupnjeva bila dovoljan povod da se u talijanskoj regiji Apulija uvede zabrana rada tijekom najtoplijih sati, kao i smrt dvojice migrantskih radnika u Jordanu nakon \u010dega je zabranjen rad na suncu izme\u0111u 11 i 17 sati, a radnicima od tada mora biti dostupna hladna voda. Da se ne bi \u010dekalo idu\u0107e smrtne slu\u010dajeve prije nego se uvedu stro\u017ea pravila o za\u0161titi radnika za otvorenom brinu se europski <a href=\"https:\/\/www.etuc.org\/en\/pressrelease\/cancer-survey-shows-need-protect-outdoor-workers\">sindikati<\/a>, koji ovih dana upozoravaju na rezultate novog <a href=\"https:\/\/osha.europa.eu\/en\/publications\/occupational-cancer-risk-factors-europe-first-findings-workers-exposure-survey\">istra\u017eivanja<\/a> Europske agencije za sigurnost i zdravlje na radu koje je pokazalo da je izlo\u017eenost sun\u010devom UV zra\u010denju naj\u010de\u0161\u0107i rizik od raka s kojim se suo\u010davaju europski radnici.<\/p>\n\n\n\n<p>Svaki peti radnik (20,8% radnika) tijekom radnog vremena izlo\u017een je sun\u010devom UV zra\u010denju, pokazali su rezultati istra\u017eivanja, a rizik od melanoma ve\u0107i je od svih drugih rizika od raka na radu. Posebno su ugro\u017eeni radnici u gra\u0111evinarstvu, poljoprivredi, hitnim slu\u017ebama i transportu. <a href=\"https:\/\/www.etui.org\/sites\/default\/files\/2021-11\/Heatwaves%20as%20an%20occupational%20hazard%20The%20impact%20of%20heat%20and%20heatwaves%20on%20workers%E2%80%99%20health%2C%20safety%20and%20wellbeing%20and%20on%20social%20inequalities-2021.pdf\">Izlo\u017eenost<\/a> vru\u0107inama odavno je prepoznata kao opasnost za zdravlje i sigurnost na radu, ali toplinski valovi predstavljaju nove prijetnje zdravlju europskih radnika koje tek treba prepoznati.<\/p>\n\n\n\n<p>Klimatske projekcije za idu\u0107a desetlje\u0107a pokazuju kontinuirano i ubrzano zagrijavanje diljem Europe s du\u017eim, intenzivnijim i \u010de\u0161\u0107im toplinskim valovima. Cladia Narocki prije dvije odine napravila je <a href=\"https:\/\/www.etui.org\/sites\/default\/files\/2021-11\/Heatwaves%20as%20an%20occupational%20hazard%20The%20impact%20of%20heat%20and%20heatwaves%20on%20workers%E2%80%99%20health%2C%20safety%20and%20wellbeing%20and%20on%20social%20inequalities-2021.pdf\">istra\u017eivanje<\/a> za Europski sindikalni institut (ETUI) &#8220;Heatwaves as an Occupational Hazard&#8221; \u010dija upozorenja i dalje odzvanjaju. U zaklju\u010dku Narocki upozorava na to da tzv. preventivno upravljanje, odnosno izrada plana prilagobe vru\u0107inama, nije obavezna za poslodavce, \u0161to ima lo\u0161e posljedice po zdravlje radnika\/ica, pogotovo one koji se bave fizi\u010dkim radom. Budu\u0107i da se u tim sektorima zapo\u0161ljavaju radnici s ni\u017eom razinom obrazovanja i velik je udio migrantskih radnika, izlo\u017eenost vru\u0107ini na radu odra\u017eava ali i produbljuje dru\u0161tvene nejednakosti. Narocki u preporukama pi\u0161e da bi sjena trebala biti najva\u017enija mjera za\u0161tite jer ona \u0161titi i od toplinskog stresa i od prekomjernog UV zra\u010denja. Odje\u0107a i proizvodi ne bi se trebali smatrati mjerama za\u0161tite jer su oni samo filtri: iako pru\u017eaju odre\u0111enu za\u0161titu od UV zra\u010denja, ne blokiraju ga u potpunosti. Toliko o kremicama.<\/p>\n\n\n\n<p>Zato Europska konfederacija sindikata poziva politi\u010dare da poprave zakonodavstvo i za\u0161tite radnike od rizika koje donose klimatske promjene. Za\u0161tita bi trebala uklju\u010divati pravo radnika na stanke tijekom najopasnijih dijelova dana i obavezu poslodavaca da osiguraju pristup hladu, vodi i za\u0161titnoj odje\u0107i za radnike. Konfederalni tajnik ETUC-a Giulio Romani komentirao je fri\u0161ko objavljeno istra\u017eivanje Europske agencije za sigurnost i zdravlje na radu: &#8220;Ovo istra\u017eivanje jasno pokazuje da je izlaganje suncu najve\u0107i rizik od raka za radnike u Europi. Taj \u0107e rizik samo postati te\u017ei s klimatskim promjenama. Zato nam je potrebno zakonodavstvo kako bi radnicima pru\u017eili u\u010dinkovitu za\u0161titu od svih rizika povezanih s klimatskim promjenama, uklju\u010duju\u0107i sun\u010devo zra\u010denje, poput prava na stanke i pristup hladu, vodi i za\u0161titnoj odje\u0107i. Ve\u0107ina dobrih poslodavaca ve\u0107 bi to trebala \u010diniti, ali znamo da su u najve\u0107em riziku najranjiviji radnici, poput sezonskih poljoprivrednih radnika ili povremenih gra\u0111evinskih radnika. Ne mo\u017eemo sjediti prekri\u017eenih ruku i dopustiti da ranjivi radnici obole od raka &#8211; Europska komisija mora djelovati prema ovim nalazima.&#8221;<\/p>\n","protected":false},"excerpt":{"rendered":"<p>Ljeto je daleko, ali sad je ve\u0107 op\u0107epoznato da kremu sa za\u0161titnim faktorom ili popularno zvanu SPF formulu treba nanositi cijele godine i u svako doba dana kako bi se za\u0161titili od opasnih UV zraka. Za razliku od drugih proizvoda za njegu lica, \u0161to se ti\u010de kremica sa za\u0161titnim faktorom beauty industrija ima punu podr\u0161ku [&hellip;]<\/p>\n","protected":false},"author":9,"featured_media":45974,"comment_status":"closed","ping_status":"closed","sticky":false,"template":"","format":"standard","meta":{"footnotes":""},"categories":[454],"tags":[371,668,1807,1815],"theme":[457,455],"country":[495],"articleformat":[205],"coauthors":[241],"class_list":["post-45972","post","type-post","status-publish","format-standard","has-post-thumbnail","hentry","category-naslovnica","tag-klima","tag-radnicka-prava","tag-uvjeti-rada","tag-vrucine","theme-klima","theme-rad","country-europska-unija","articleformat-vijest"],"_links":{"self":[{"href":"https:\/\/www.bilten.org\/index.php?rest_route=\/wp\/v2\/posts\/45972","targetHints":{"allow":["GET"]}}],"collection":[{"href":"https:\/\/www.bilten.org\/index.php?rest_route=\/wp\/v2\/posts"}],"about":[{"href":"https:\/\/www.bilten.org\/index.php?rest_route=\/wp\/v2\/types\/post"}],"author":[{"embeddable":true,"href":"https:\/\/www.bilten.org\/index.php?rest_route=\/wp\/v2\/users\/9"}],"replies":[{"embeddable":true,"href":"https:\/\/www.bilten.org\/index.php?rest_route=%2Fwp%2Fv2%2Fcomments&post=45972"}],"version-history":[{"count":6,"href":"https:\/\/www.bilten.org\/index.php?rest_route=\/wp\/v2\/posts\/45972\/revisions"}],"predecessor-version":[{"id":45980,"href":"https:\/\/www.bilten.org\/index.php?rest_route=\/wp\/v2\/posts\/45972\/revisions\/45980"}],"wp:featuredmedia":[{"embeddable":true,"href":"https:\/\/www.bilten.org\/index.php?rest_route=\/wp\/v2\/media\/45974"}],"wp:attachment":[{"href":"https:\/\/www.bilten.org\/index.php?rest_route=%2Fwp%2Fv2%2Fmedia&parent=45972"}],"wp:term":[{"taxonomy":"category","embeddable":true,"href":"https:\/\/www.bilten.org\/index.php?rest_route=%2Fwp%2Fv2%2Fcategories&post=45972"},{"taxonomy":"post_tag","embeddable":true,"href":"https:\/\/www.bilten.org\/index.php?rest_route=%2Fwp%2Fv2%2Ftags&post=45972"},{"taxonomy":"theme","embeddable":true,"href":"https:\/\/www.bilten.org\/index.php?rest_route=%2Fwp%2Fv2%2Ftheme&post=45972"},{"taxonomy":"country","embeddable":true,"href":"https:\/\/www.bilten.org\/index.php?rest_route=%2Fwp%2Fv2%2Fcountry&post=45972"},{"taxonomy":"articleformat","embeddable":true,"href":"https:\/\/www.bilten.org\/index.php?rest_route=%2Fwp%2Fv2%2Farticleformat&post=45972"},{"taxonomy":"author","embeddable":true,"href":"https:\/\/www.bilten.org\/index.php?rest_route=%2Fwp%2Fv2%2Fcoauthors&post=45972"}],"curies":[{"name":"wp","href":"https:\/\/api.w.org\/{rel}","templated":true}]}}