{"id":45927,"date":"2023-11-14T09:50:26","date_gmt":"2023-11-14T08:50:26","guid":{"rendered":"https:\/\/www.bilten.org\/?p=45927"},"modified":"2023-11-15T13:00:44","modified_gmt":"2023-11-15T12:00:44","slug":"dedramatizacija-slavonije","status":"publish","type":"post","link":"https:\/\/www.bilten.org\/?p=45927","title":{"rendered":"Dedramatizacija Slavonije"},"content":{"rendered":"\n<p>U najavama takozvane superizborne godine koja predstoji Hrvatskoj, Slavonija se slo\u017eno isticala kao klju\u010dno pitanje. Rije\u010d je o regiji koja je tradicionalna utvrda Hrvatske demokratske zajednice (HDZ), ali i regija koja je tradicionalno i popri\u0161te strana\u010dkih odmetnika koji su upravo status utvrde koristili da se politi\u010dki osamostale i preuzmu op\u0107ine, gradove i \u017eupanije. Pored unutarstrana\u010dke dinamike, nezaobilazan faktor u analizama posebnosti jest i onaj strukturni \u2013 uporna ekonomska zapu\u0161tenost. Pored tih problema &#8220;dugog trajanja&#8221;, ovu su jesen obilje\u017eili i pa\u017eljivo pripremana eskalacija vukovarske obljetnice i pojava svinjske kuge \u010dije je &#8220;rje\u0161avanje&#8221; razljutilo tamo\u0161nje svinjogojce.<\/p>\n\n\n\n<p>Uglavnom, uspostavio se konsenzus po kojem Andrej Plenkovi\u0107 mora izna\u0107i rje\u0161enje za to pitanje kako bi mu izgledno sastavljanje jo\u0161 jedne vladaju\u0107e koalicije dogodine pro\u0161lo \u0161to bezbolnije i elegantnije. Priliku za rje\u0161enje ponudio je tragi\u010dan doga\u0111aj: Mario Bano\u017ei\u0107, ministar obrane iz tih krajeva, u rano je subotnje jutro prilikom odlaska u lov na \u017eivotinje vozilom usmrtio \u010dovjeka. Plenkovi\u0107 je promptno reagirao i odmah smijenio ina\u010de prili\u010dno spornog ministra kojeg dosad nije smjenjivao samo zato \u0161to bi time priznao poraz Zoranu Milanovi\u0107u s kojim je biv\u0161i ministar bio u stalnim prepirkama s obzirom na to da su resorom i ovlastima prisiljeni na suradnju. I ne samo \u0161to je o\u010dekivano odmah smijenio Bano\u017ei\u0107a, Plenkovi\u0107 je vrlo brzo ponudio i njegovu zamjenu. Novi ministar obrane je Ivan Anu\u0161i\u0107 koji je dosad obna\u0161ao funkciju osje\u010dko-baranjskog \u017eupana.<\/p>\n\n\n\n<p>Pored te konkretne funkcije, Anu\u0161i\u0107 je obna\u0161ao i onu politi\u010dku puno va\u017eniju, dodu\u0161e potisnutu, glavnog strana\u010dkog opozicionara samom premijeru. Uz to \u0161to je i glavni \u010dovjek stranke u sve fragilnijoj regiji, Anu\u0161i\u0107 je bio i predstavnik desne struje u stranci i netko koga prati glas terenskog kadra. S obzirom na takav status, odnos Plenkovi\u0107a i Anu\u0161i\u0107a bio je onaj &#8220;zamrznutog konflikta&#8221;. Tu i tamo bi do\u0161lo do sitnijih javnih ko\u0161kanja koja su provocirali smjena ministrice bliske Anu\u0161i\u0107u, \u017eupanove opaske o koaliciji sa strankom srpske manjine ili upravo zategnuti odnosi izme\u0111u samog Anu\u0161i\u0107a i Bano\u017ei\u0107a. Uglavnom, bilo je o\u010dito da Anu\u0161i\u0107 Plenkovi\u0107u predstavlja uteg kojeg se ne mo\u017ee rije\u0161iti.<\/p>\n\n\n\n<p>I zato se \u010dini da je ovo imenovanje, to jest njihov o\u010diti dogovor, potez kojim \u0107e Plenkovi\u0107 rije\u0161iti niz politi\u010dkih problema. Ili ih barem odvesti u smjeru u kojem ih je lak\u0161e kontrolirati. Kao \u0161to bi rekao jedan istra\u017eiva\u010dki novinar s najvi\u0161e &#8220;glava&#8221; Plenkovi\u0107evih ministara u ladici: krenimo redom. Za po\u010detak, imenovanje Anu\u0161i\u0107a bi trebalo prigu\u0161iti ve\u0107 spomenutu eskalaciju vukovarske obljetnice u re\u017eiji tamo\u0161njeg gradona\u010delnik Ivana Penave iz Domovinskog pokreta koji joj je ve\u0107 nanio jasan usta\u0161ki premaz. Anu\u0161i\u0107ev ratni put i ideolo\u0161ki profil spadaju me\u0111u najefikasnija rje\u0161enja koja su umjereni HDZ-ovi premijeri imali na raspolaganju kad su u pitanju ekstremisti\u010dke prijetnje s desnice.<\/p>\n\n\n\n<p>Druga prijetnja s desnice, Most, kao adut u borbi protiv Plenkovi\u0107eva HDZ-a vidi sijanje panike oko migranata i zaziva postavljanje vojske na granice. Ne\u0107e oni Anu\u0161i\u0107evim imenovanjem odustati od te jedine izborne taktike, ali ne\u0107e im biti isto ponavljati te zahtjeve pred Bano\u017ei\u0107em i Anu\u0161i\u0107em. A Plenkovi\u0107 sigurno ne bi dao ovlasti Anu\u0161i\u0107a da se on sla\u017ee s Mostom. Dakle, s Anu\u0161i\u0107em na tom simboli\u010dki va\u017enom mjestu u zna\u010dajnoj su mjeri otupljeni radikalniji poku\u0161aji desnice. Ta \u0107e se opcija vjerojatno svidjeti i Miloradu Pupovcu koji bi se sigurno radije borio za interese onih koji zastupa u kancelarijama s Anu\u0161i\u0107em nego na otvorenom frontu s ljutom desnicom.<\/p>\n\n\n\n<p>Zamjena Bano\u017ei\u0107a Anu\u0161i\u0107em omogu\u0107ava Plenkovi\u0107u i lak\u0161e upravljanje odnosima s predsjednikom Zoranom Milanovi\u0107em. Naime, Milanovi\u0107u je Bano\u017ei\u0107 bio nedostojan takmac s obzirom na manjak intelektualnih kapaciteta, politi\u010dkog talenta i braniteljsko-domoljubnog statusa. Ulaskom Anu\u0161i\u0107a u ring odnosi se mijenjaju, pogotovo kad je rije\u010d o posljednjem aspektu socijalnog kapitala. Milanovi\u0107 vi\u0161e naprosto ne\u0107e mo\u0107i nesmetano u\u017eivati u gotovo pa jedinoj misiji koju si je kao predsjednik zadao: da uli\u010dnim gardom, retorikom koja ne ovisi o ovlastima i ideolo\u0161kom non\u0161alancijom eliminira reputaciju djeteta crvena bur\u017eoazije, omiljene mete ovda\u0161nje desnice.<\/p>\n\n\n\n<p>Pored ideolo\u0161kih prednosti Anu\u0161i\u0107eva izbora Plenkovi\u0107u \u0107e koristiti i one terenske. Iako mu funkcija i ovlasti ne\u0107e dopirati do poljoprivrednih pitanja, zasigurno \u0107e pomo\u0107i kao figura u pacificiranju slavonskih svinjogojaca kojima se svinje masovno likvidiraju zbog pojave svinjske kuge. Naime, retorika seljaka ve\u0107 je, o\u010dekivano s obzirom na ideolo\u0161ku klimu u Slavoniji povodom spomenutih tendencija, ali i op\u0107enito dostupnu retoriku na repertoaru, po\u010dela preuzimati obrasce iz devedesetih. Tako je, na primjer, predstavnik Sto\u017eera za obranu hrvatskog sela u nekoliko navrata u nedjelju u emisiji &#8220;Plodovi zemlje&#8221; ponovio da inspektori &#8220;ulaze u hrvatska sela&#8221; kao da je rije\u010d o srpskim snagama 1991. Uloga Anu\u0161i\u0107a je da takvu i sli\u010dnu retoriku politi\u010dki obezvrijedi. Da, kako bi Plenkovi\u0107 rekao, dedramatizira Slavoniju.<\/p>\n","protected":false},"excerpt":{"rendered":"<p>U najavama takozvane superizborne godine koja predstoji Hrvatskoj, Slavonija se slo\u017eno isticala kao klju\u010dno pitanje. Rije\u010d je o regiji koja je tradicionalna utvrda Hrvatske demokratske zajednice (HDZ), ali i regija koja je tradicionalno i popri\u0161te strana\u010dkih odmetnika koji su upravo status utvrde koristili da se politi\u010dki osamostale i preuzmu op\u0107ine, gradove i \u017eupanije. Pored unutarstrana\u010dke [&hellip;]<\/p>\n","protected":false},"author":5,"featured_media":45929,"comment_status":"closed","ping_status":"closed","sticky":false,"template":"","format":"standard","meta":{"footnotes":""},"categories":[454],"tags":[12],"theme":[456],"country":[38],"articleformat":[205],"coauthors":[90],"class_list":["post-45927","post","type-post","status-publish","format-standard","has-post-thumbnail","hentry","category-naslovnica","tag-izbori","theme-politika","country-hrvatska","articleformat-vijest"],"_links":{"self":[{"href":"https:\/\/www.bilten.org\/index.php?rest_route=\/wp\/v2\/posts\/45927","targetHints":{"allow":["GET"]}}],"collection":[{"href":"https:\/\/www.bilten.org\/index.php?rest_route=\/wp\/v2\/posts"}],"about":[{"href":"https:\/\/www.bilten.org\/index.php?rest_route=\/wp\/v2\/types\/post"}],"author":[{"embeddable":true,"href":"https:\/\/www.bilten.org\/index.php?rest_route=\/wp\/v2\/users\/5"}],"replies":[{"embeddable":true,"href":"https:\/\/www.bilten.org\/index.php?rest_route=%2Fwp%2Fv2%2Fcomments&post=45927"}],"version-history":[{"count":1,"href":"https:\/\/www.bilten.org\/index.php?rest_route=\/wp\/v2\/posts\/45927\/revisions"}],"predecessor-version":[{"id":45928,"href":"https:\/\/www.bilten.org\/index.php?rest_route=\/wp\/v2\/posts\/45927\/revisions\/45928"}],"wp:featuredmedia":[{"embeddable":true,"href":"https:\/\/www.bilten.org\/index.php?rest_route=\/wp\/v2\/media\/45929"}],"wp:attachment":[{"href":"https:\/\/www.bilten.org\/index.php?rest_route=%2Fwp%2Fv2%2Fmedia&parent=45927"}],"wp:term":[{"taxonomy":"category","embeddable":true,"href":"https:\/\/www.bilten.org\/index.php?rest_route=%2Fwp%2Fv2%2Fcategories&post=45927"},{"taxonomy":"post_tag","embeddable":true,"href":"https:\/\/www.bilten.org\/index.php?rest_route=%2Fwp%2Fv2%2Ftags&post=45927"},{"taxonomy":"theme","embeddable":true,"href":"https:\/\/www.bilten.org\/index.php?rest_route=%2Fwp%2Fv2%2Ftheme&post=45927"},{"taxonomy":"country","embeddable":true,"href":"https:\/\/www.bilten.org\/index.php?rest_route=%2Fwp%2Fv2%2Fcountry&post=45927"},{"taxonomy":"articleformat","embeddable":true,"href":"https:\/\/www.bilten.org\/index.php?rest_route=%2Fwp%2Fv2%2Farticleformat&post=45927"},{"taxonomy":"author","embeddable":true,"href":"https:\/\/www.bilten.org\/index.php?rest_route=%2Fwp%2Fv2%2Fcoauthors&post=45927"}],"curies":[{"name":"wp","href":"https:\/\/api.w.org\/{rel}","templated":true}]}}