{"id":45661,"date":"2023-10-11T10:14:48","date_gmt":"2023-10-11T09:14:48","guid":{"rendered":"https:\/\/www.bilten.org\/?p=45661"},"modified":"2023-10-12T09:25:07","modified_gmt":"2023-10-12T08:25:07","slug":"ni-akademik-ni-slikar-ni-knjizevnik","status":"publish","type":"post","link":"https:\/\/www.bilten.org\/?p=45661","title":{"rendered":"Ni akademik, ni slikar, ni knji\u017eevnik"},"content":{"rendered":"\n<p>Nakon oru\u017eanog sukoba na sjeveru Kosova srpske su vlasti uhitile Milana Radoi\u010di\u0107a kao klju\u010dnu figuru tog &#8220;ustanka&#8221;. To uhi\u0107enje vi\u0161e funkcionira kao svojevrsna za\u0161tita nego kao po\u010detak pravosudnog procesa. Tko je uop\u0107e Radoi\u010di\u0107 i kako je postao najmo\u0107nije lice na sjeveru Kosova?<\/p>\n\n\n\n<p>Sukob koji se dogodio 24. septembra u mestu Banjska na severu Kosova odneo je \u010detiri ljudska \u017eivota. Iako u prvom trenutku situacija uop\u0161te nije bila jasna jer se dogodila u kontekstu neprestanog obostranog zao\u0161travanja kako situacije na terenu, tako i u razgovorima koje beogradski i pri\u0161tinski politi\u010dari vode u Briselu, posle nekoliko dana izbacila je na povr\u0161inu Milana Radoi\u010di\u0107a, tada\u0161njeg potpredsednika Srpske liste, koja je ogranak vladaju\u0107e partije, SNS-a, koji deluje na Kosovu.<\/p>\n\n\n\n<p>Radoi\u010di\u0107ev advokat je na konferenciji za novinare, pet dana posle sukoba, pro\u010ditao poruku od svog klijenta u kojoj on podnosi ostavku na polo\u017eaj u Srpskoj listi. Istog dana je li\u010dno Aleksandar Vu\u010di\u0107 u svojoj izjavi za Euronews preneo Radoi\u010di\u0107ev stav da odstupa jer &#8220;ne \u017eeli dalje da na\u0161kodi Srpskoj listi&#8221;.<\/p>\n\n\n\n<p>Ovo nije bio prvi put da se Vu\u010di\u0107 bavi Radoi\u010di\u0107em u medijima. Zapravo, otkako je javnost u Srbiji prvi put \u010dula za Radoi\u010di\u0107a, to nije bilo zbog njegovog bavljenja politikom, nego zbog krivi\u010dnog postupka koji je protiv njega vo\u0111en, a u kome je bio zajedno sa svojim kumom Zvonkom Veselinovi\u0107em, kao i zbog jo\u0161 nekoliko drugih krivi\u010dnih postupaka. Bila je to 2012. godina, a oslobo\u0111en je na osnovu toga \u0161to je odre\u0111eno vreme koje je obuhvatala optu\u017enica proveo u pritvoru, ali nije poznato zbog \u010dega je bio pritvaran.<\/p>\n\n\n\n<h2 class=\"wp-block-heading\">&#8220;\u010cuvar srpstva&#8221;<\/h2>\n\n\n\n<p>Znatno glasnije njegovo ime je odjeknulo u kontekstu ubistva srpskog politi\u010dara s Kosova Olivera Ivanovi\u0107a, koji ga je pre svoje smrti ozna\u010dio kao &#8220;klju\u010dnu figuru i osobu koja stvarno ima mo\u0107&#8221;. Za odnos izme\u0111u Vu\u010di\u0107a i Radoi\u010di\u0107a rekao je: &#8220;&#8230;stra\u0161no me zabrinjava da on (Vu\u010di\u0107) uzima njega kao primer borca za opstanak srpstva na Kosovu&#8221;.<\/p>\n\n\n\n<p>Posle ubistva Ivanovi\u0107a, Vu\u010di\u0107 je potvrdio da &#8220;nije tajna&#8221; da je postojao sukob izme\u0111u Ivanovi\u0107a i Radoi\u010di\u0107a, a tom prilikom rekao je da sa Radoi\u010di\u0107em nikada nije razgovarao, bez obzira na to \u0161to ga je nekoliko meseci ranije ozna\u010dio kao &#8220;\u010duvara srpstva&#8221;. \u0160to se ti\u010de sukoba s ubijenim Ivanovi\u0107em, Radoi\u010di\u0107 je njegov po\u010detak datirao jo\u0161 u 2000. godinu.<\/p>\n\n\n\n<p>Kosovska policija je poku\u0161ala da ga privede na saslu\u0161anje kao osumnji\u010denog za ubistvo Ivanovi\u0107a samo dan posle njegovog boravka na audijenciji kod Vu\u010di\u010da kao dela delegacije Srba sa Kosova. Osim toga, on je ve\u0107 bio postavljen za potpredsednika Srpske liste, a javnosti u Srbiji, koja toga i nije bila potpuno svesna, predstavljen je i kao deo viralnog snimka proslave izbornog rezultata Srpske liste na kome sada\u0161nji ambasador u SAD Marko \u0110uri\u0107, okru\u017een ljudima me\u0111u kojima je bio i Radoi\u010di\u0107 sa \u010da\u0161ama \u0161ampanjca u ruci skandiraju &#8220;Aco, Srbine&#8221; u video-pozivu sa Vu\u010di\u0107em.<\/p>\n\n\n\n<p>Iako se, logi\u010dno, nalazi u \u017ei\u017ei interesovanja medija, sigurno i raznih policijskih i obave\u0161tajnih slu\u017ebi, o njemu se malo toga zna, po\u010dev od toga da ni mesto ro\u0111enja nije ba\u0161 najsigurnije. Njegova porodica je 1999. godine izbegla iz \u0110akovice u Vrnja\u010dku Banju. On se, zatim, 2005. godine seli u Kosovsku Mitrovicu. U tom gradu razvija poslove sa pomenutim kumom sa kojim se kasnije vi\u0161e puta pojavljivao na optu\u017enicama.<\/p>\n\n\n\n<p>Za\u0161ti\u0107en maglom &#8220;nacionalnih interesa&#8221;, razvijao je svoju mo\u0107 na na\u010din koji mo\u017eemo samo da zami\u0161ljamo. U svakom slu\u010daju, kumovski dvojac Radoi\u010di\u0107-Veselinovi\u0107 postao je, u po\u010detku neformalni, ali nesumnjivi centar mo\u0107i na severu Kosova. Njihova firma je anga\u017eovana, izme\u0111u ostalog, na izgradnji Koridora 11.<\/p>\n\n\n\n<p>Radoi\u010di\u0107evu mo\u0107 je u svoje vreme isticao i Ramu\u0161 Haradinaj nazvav\u0161i ga &#8220;\u010dovekom sa autoritetom na severu Kosova&#8221;. Njihove politi\u010dke grupacije su jedno vreme koegzistirale u kosovskoj vlasti, a sigurno je i da se kao &#8220;balkanski biznismeni&#8221; dobro razumeju.<\/p>\n\n\n\n<h2 class=\"wp-block-heading\">Pravosudno pranje<\/h2>\n\n\n\n<p>\u0160ta zna\u010di kada je neko autoritet u situaciji u kojoj se nalazi Kosovo kao entitet i unutar njega sever Kosova kao entitet unutar entiteta, naro\u010dito imaju\u0107i u vidu specifi\u010dne istorijske okolnosti u okviru kojih se odvija \u017eivot u tim mestima poslednjih nekoliko decenija?<\/p>\n\n\n\n<p>Re\u010dima ljudi koji su \u017eiveli, ili jo\u0161 uvek \u017eive na severu Kosova, to zna\u010di da od njega zavisi bukvalno svako radno mesto, od portira do direktora. To tako\u0111e zna\u010di da ta pozicija osigurava ako ne lojalnost, a onda poslu\u0161nost. Naravno, kada se govori za medije, ve\u0107ina anketiranih radije bira da ostane anonimna. O njegovoj realnoj mo\u0107i najvi\u0161e je od neanonimnih izvora govorio ubijeni Oliver Ivanovi\u0107. Me\u0111utim, \u010dinjenica da su bili u sukobu, za ovda\u0161nje medije i igra\u010de na javnoj sceni nije dovoljna da ga svrsta u red osumnji\u010denih, nego funkcioni\u0161e kao opravdanje za relativizaciju upravo Ivanovi\u0107evih re\u010di.<\/p>\n\n\n\n<p>Tako\u0111e, pozicija nekoga ko kontroli\u0161e stvari je uvek po\u017eeljna osobina za ve\u0107inu u\u010desnika politi\u010dkog \u017eivota. Poput njegovih povremenih neprijatelja, a povremenih saveznika iz redova albanske zajednice, svi \u2013 od me\u0111unarodnih faktora, preko politi\u010dkih i bezbednosnih struktura regionalnih i lokalnih slu\u017ebi do vi\u0161e-manje svakog pojedinca &#8211; znaju da tu naj\u010de\u0161\u0107e ima mnogo kostura u ormaru, sme\u0107a pod tepihom, ali sve to postaje nebitno jer se kontrola nad ljudima tj. situacijom, najvi\u0161e ceni.<\/p>\n\n\n\n<p>U tom smislu najbolja ilustracija i ovde mo\u017ee biti jedna od Vu\u010di\u0107evih izjava o Radoi\u010di\u0107u: &#8220;Milan Radoi\u010di\u0107 nije naravno ni akademik, ni slikar, ni knji\u017eevnik. On je zato, uz sve druge stvari kojima ne mo\u017ee uvek da se ponosi i kojima niko od nas nije sre\u0107an, bio uvek prvi na braniku Severne Mitrovice.&#8221;<\/p>\n\n\n\n<p>Ono \u0161to spada u &#8220;ono \u010dime niko od nas nije sre\u0107an&#8221; upravo jeste niz kriminalnih dela od kojih su mnoga pro\u0161la kroz srpsko pravosu\u0111e. Optu\u017ebe za privredne prestupe, zastra\u0161ivanje svedoka, pa sve do optu\u017ebe za u\u010destvovanje u ubistvu Ivanovi\u0107a. Treba li re\u0107i da je do sada neosu\u0111ivan?<\/p>\n\n\n\n<p>Osim statusa lica poznatog pravosudnim organima u Srbiji, tako\u0111e je na poternici izdatoj na Kosovu zbog slu\u010daja &#8220;Brezovica&#8221; u okviru koga se tereti za zastra\u0161ivanje svedoka. Vi\u0161e puta je izbegao hap\u0161enje od strane kosovske policije, a smatralo se da \u0107e biti uhap\u0161en ako se pojavi na teritoriji pod kontrolom pri\u0161tinskih vlasti.<\/p>\n\n\n\n<p>Ako pogledamo dosada\u0161nju istoriju njegovih pojavljivanja pred sudovima u Srbiji, vidimo da su procesi obustavljani ili je on osloba\u0111an, ponekada bez ikakvih obja\u0161njenja kao \u0161to je to bilo u slu\u010daju poternice za ubistvo Olivera Ivanovi\u0107a koje je u aprilu 2021. godine, na samom po\u010detku kovid-krize u Srbji, povu\u010dena bez obja\u0161njenja i ve\u0107e reakcije u javnosti.<\/p>\n\n\n\n<p>\u0160ta se ti\u010de dosada\u0161njeg saslu\u0161avanja i dono\u0161enja mera po pitanju oru\u017eanog incidenta u Banjskoj sa \u010detiri ljudske \u017ertve, njemu su oduzete putne isprave i odre\u0111ena mera napu\u0161tanja Srbije, uz neodre\u0111ivanje pritvora. Zapravo, na neki na\u010din oduzimanje putnih isprava i zabrana izlaska iz zemlje mo\u017ee delovati kao mera kojim se osigurava od eventualnog bekstva, ali u stvarnosti to deluje vi\u0161e kao nekakav program za\u0161tite svedoka, jer bi u ovom \u010dasu, boravak u bilo kojoj zemlji osim Srbije zna\u010dilo skoro sigurno hap\u0161enje.<\/p>\n\n\n\n<p>Dakle, Srbija u ovom \u010dasu \u010doveku koga sama optu\u017euje da je od januara 2023. godine do 24. septembra oru\u017eje, municiju i eksplozivna sredstva velike razorne mo\u0107i nabavljao iz Tuzle, koje mu je isporu\u010divano na teritoriji Grada Beograda, naj\u010de\u0161\u0107e na potezu Bubanj Potok \u2013 Vr\u010din, a koje je potom prenosio i skladi\u0161tio na neutvr\u0111enim lokcijama na teritoriji \u041aosova, \u010dime je, ka\u017ee se dalje, &#8220;kao kolovo\u0111a grupe sa vi\u0161e NN lica, zajedni\u010dkim delovanjem i op\u0161te opasnom radnjom 24. septembra izazvao opasnost za \u017eivot ljudi u mestu Banjska&#8221; fakti\u010dki \u0161titi.<\/p>\n\n\n\n<p>Po ovoj optu\u017enici je jasno da ovo krivi\u010dno delo mora da uklju\u010duje mnogo izvr\u0161ilaca i jednu ozbiljnu organizacionu mre\u017eu, me\u0111utim, izgleda da to nikoga ne zanima. Jedino je bitno da dr\u017ei fokus na sukob \u0161ovinizama na Kosovu, \u010dime se i dalje sa obe strane administrativne linije zapravo spre\u010dava bilo kakav napredak kako za egzistencijalna pitanja, tako i za normalizaciju \u017eivota.<\/p>\n\n\n\n<p>Kao deo ovog procesa mo\u017ee se posmatrati i njegovo lagano zvani\u010dno &#8220;nestajanje&#8221; iz politike \u2013 povla\u010denjem sa pozicija u Srpskoj listi, ali i zvani\u010dnim povla\u010denjem sa liste vlasnika preduze\u0107a koje je vodio sa svojim kumom Zvonkom Veselinovi\u0107em, a to su, osim preduze\u0107a INKOP koje je okosnica njihovog provrednog poduhvata: Dolly Bell Novi Beograd (delatnost hoteli i sli\u010dan sme\u0161taj), Novi Pazar \u2013 Put (registrovano za izgradnju puteva i auto-puteva), Betonjerka Aleksinac (bavi se proizvodnjom betonskih stubova, trafo-stanica i prate\u0107ih elemenata za izgradnju i odr\u017eavanje elektroenergetskih objekata), VelmoTrans plus \u0106uprija (registrovan za gradski i prigradski kopneni prevoz putnika), ali i Putna izgradnja Ro\u017eaje u Crnoj Gori (k\u0107erka firma preduze\u0107a Novi Pazar \u2013 Put).<\/p>\n\n\n\n<h2 class=\"wp-block-heading\">Komandant i simbolika<\/h2>\n\n\n\n<p>Radoi\u010di\u0107 \u0107e, najverovatnije, pod pla\u0161tom vi\u0161ih nacionalnih interesa da bude amnestiran ovako ili onako, a to kako se obavlja me\u0111unarodni \u0161verc naoru\u017eanja preko Srbije \u2013 to je manje va\u017eno u ovom trenutku. Kao i \u010detiri \u017eivota uostalom, za koje su uvek krivi oni drugi.<\/p>\n\n\n\n<p>Ne treba sumnjati ni u to da je ma\u0161ina sastavljena od tabloida i provladinih medija spremna da spinuje pri\u010du u pravcu nacionalne homogenizacije u bilo kom trenutku, \u0161to je oprobani recept. Na neki na\u010din, to se ve\u0107 i de\u0161ava samom \u010dinjenicom da se o ovom incidentu danas prakti\u010dno i ne govori, \u0161to je potpuno neobi\u010dno imaju\u0107i u vidu kako izgleda nacionalisti\u010dka euforija u slu\u010dajevima koji su se zavr\u0161avali bez ljudskih \u017ertava, a govorimo o incidentu sa najvi\u0161e poginulih od 2004. godine.<\/p>\n\n\n\n<p>Ta ista ma\u0161inerija se u vreme kada se odvijalo saslu\u0161anje, umesto uobi\u010dajenog guranja nosa u najsitnije detalje, bavila pu\u0161tanjem iz zatvora Zorana Marjanovi\u0107a koji je osu\u0111en zbog ubistva peva\u010dice Jelene Marjanovi\u0107. \u010cak i takozvana opozicija jo\u0161 uvek misli da je afera Jovanjica va\u017enija od ove teme. Za one koji mo\u017eda ne znaju, kontroverzni slu\u010daj ubistva Jelene je medijski najekspoatisanija tema u poslednjih deset godina i pote\u017ee se po potrebi, a izgleda da je i afera Jovanjica dobila tu funkciju.<\/p>\n\n\n\n<p>Mediji su svojevremeno primetili Radoi\u010di\u0107ev video koji je podelio sam, snimljen u okolini Leposavi\u0107a na severu Kosova. Taj video imao je dvostruku poruku: pre svega da je kosovska policija nemo\u0107na da ga uhapsi, iako se nalazi na formalno njenoj teritoriji, a drugo je jedna nedefinisana najava formulisana u izrazu &#8220;vi znate \u0161ta to zna\u010di&#8221;.<\/p>\n\n\n\n<p>Posle dva meseca, ispostavilo se da je zna\u010dilo da \u0107e biti \u017ertava. \u0160to se svega ostalog ti\u010de, ta nesre\u0107na barikada mo\u017ee se posmatrati kao potpuni debakl, imaju\u0107i u vidu i to da niko jo\u0161 nije uspeo da shvati \u0161ta bi ta\u010dno mogla da bude ideja za njeno pokretanje niti \u0161ta joj je bio cilj. Jednostavno, izgleda potpuno besmisleno.<\/p>\n\n\n\n<p>Sa druge strane, njen objektivni efekat je da je, iako u prvi mah nije tako izgledalo, poslednjih dana se mediji manje bave raspirivanjem pri\u010da o konfliktima na Kosovu. Sve dok osnova politike bude bilo dalje raspirivanje mr\u017enje i sukoba, bi\u0107e i ljudi poput Milana Radoi\u010di\u0107a da ga oli\u010davaju i na njemu profitiraju. Za to vreme, od silne pri\u010de o statusima, teritorijama i nacionalnim interesima, na Kosovu svakog dana ima sve manje i Albanaca i Srba.<\/p>\n","protected":false},"excerpt":{"rendered":"<p>Nakon oru\u017eanog sukoba na sjeveru Kosova srpske su vlasti uhitile Milana Radoi\u010di\u0107a kao klju\u010dnu figuru tog &#8220;ustanka&#8221;. To uhi\u0107enje vi\u0161e funkcionira kao svojevrsna za\u0161tita nego kao po\u010detak pravosudnog procesa. Tko je uop\u0107e Radoi\u010di\u0107 i kako je postao najmo\u0107nije lice na sjeveru Kosova? Sukob koji se dogodio 24. septembra u mestu Banjska na severu Kosova odneo [&hellip;]<\/p>\n","protected":false},"author":5,"featured_media":45664,"comment_status":"closed","ping_status":"closed","sticky":false,"template":"","format":"standard","meta":{"footnotes":""},"categories":[454],"tags":[497,25],"theme":[456],"country":[124,11],"articleformat":[450],"coauthors":[117],"class_list":["post-45661","post","type-post","status-publish","format-standard","has-post-thumbnail","hentry","category-naslovnica","tag-kosovo","tag-nacionalizam","theme-politika","country-kosovo","country-srbija","articleformat-tema"],"_links":{"self":[{"href":"https:\/\/www.bilten.org\/index.php?rest_route=\/wp\/v2\/posts\/45661","targetHints":{"allow":["GET"]}}],"collection":[{"href":"https:\/\/www.bilten.org\/index.php?rest_route=\/wp\/v2\/posts"}],"about":[{"href":"https:\/\/www.bilten.org\/index.php?rest_route=\/wp\/v2\/types\/post"}],"author":[{"embeddable":true,"href":"https:\/\/www.bilten.org\/index.php?rest_route=\/wp\/v2\/users\/5"}],"replies":[{"embeddable":true,"href":"https:\/\/www.bilten.org\/index.php?rest_route=%2Fwp%2Fv2%2Fcomments&post=45661"}],"version-history":[{"count":4,"href":"https:\/\/www.bilten.org\/index.php?rest_route=\/wp\/v2\/posts\/45661\/revisions"}],"predecessor-version":[{"id":45666,"href":"https:\/\/www.bilten.org\/index.php?rest_route=\/wp\/v2\/posts\/45661\/revisions\/45666"}],"wp:featuredmedia":[{"embeddable":true,"href":"https:\/\/www.bilten.org\/index.php?rest_route=\/wp\/v2\/media\/45664"}],"wp:attachment":[{"href":"https:\/\/www.bilten.org\/index.php?rest_route=%2Fwp%2Fv2%2Fmedia&parent=45661"}],"wp:term":[{"taxonomy":"category","embeddable":true,"href":"https:\/\/www.bilten.org\/index.php?rest_route=%2Fwp%2Fv2%2Fcategories&post=45661"},{"taxonomy":"post_tag","embeddable":true,"href":"https:\/\/www.bilten.org\/index.php?rest_route=%2Fwp%2Fv2%2Ftags&post=45661"},{"taxonomy":"theme","embeddable":true,"href":"https:\/\/www.bilten.org\/index.php?rest_route=%2Fwp%2Fv2%2Ftheme&post=45661"},{"taxonomy":"country","embeddable":true,"href":"https:\/\/www.bilten.org\/index.php?rest_route=%2Fwp%2Fv2%2Fcountry&post=45661"},{"taxonomy":"articleformat","embeddable":true,"href":"https:\/\/www.bilten.org\/index.php?rest_route=%2Fwp%2Fv2%2Farticleformat&post=45661"},{"taxonomy":"author","embeddable":true,"href":"https:\/\/www.bilten.org\/index.php?rest_route=%2Fwp%2Fv2%2Fcoauthors&post=45661"}],"curies":[{"name":"wp","href":"https:\/\/api.w.org\/{rel}","templated":true}]}}