{"id":45638,"date":"2023-10-06T10:12:46","date_gmt":"2023-10-06T09:12:46","guid":{"rendered":"https:\/\/www.bilten.org\/?p=45638"},"modified":"2023-10-06T10:12:46","modified_gmt":"2023-10-06T09:12:46","slug":"sindikalni-vapaj-pred-krizu","status":"publish","type":"post","link":"https:\/\/www.bilten.org\/?p=45638","title":{"rendered":"Sindikalni vapaj pred krizu"},"content":{"rendered":"\n<p>\u010celnica Europske sindikalne konfederacije (ETUC) Esther Lynch u nedavnom <a href=\"https:\/\/www.theguardian.com\/global-development\/2023\/sep\/28\/europes-workers-face-bleak-winter-as-firms-profiteer-says-union-chief\">intervjuu<\/a> za Guardian imala je priliku istaknuti klju\u010dne probleme kojima se europski sindikati trenutno bave i prenijeti poruku da Europa srlja u jo\u0161 jednu recesiju koja \u0107e imati jo\u0161 gore posljedice od prethodne. Lynch je upozorila da radnike i radnice diljem Europe \u010deka sumorna zima ukoliko EU nastavi s politikom visokih kamatnih stopa i ponavljanjem stare pri\u010de o \u201estezanju remena\u201d. Uz <a href=\"https:\/\/www.etuc.org\/en\/pressrelease\/record-rate-hike-hits-workers-helps-shareholders\">rekordne kamatne stope u eurozoni<\/a>, 2023. \u0107e ostati zapam\u0107ena kao &#8220;doba velike ekonomske nepravde&#8221;, komentirala je Lynch. Istaknula je nepravdu u \u010dinjenici da je u zadnje vrijeme doneseno puno vrlo \u0161tetnih odluka, a jedini ljudi koje se poziva na \u0161tednju su oni na dnu \u2013 radnici s niskim primanjima koji su aktualnom krizom tro\u0161kova \u017eivota najvi\u0161e pogo\u0111eni.<\/p>\n\n\n\n<p>Me\u0111u naj\u0161tetnijim odlukama nalazi se ona Europske centralne banke o pove\u0107anju kamatne stope na depozite komercijalnih banaka na 4 posto, \u0161to je najvi\u0161a razina otkako je uveden euro prije vi\u0161e od dvadeset godina. Lynch je tom prilikom komentirala u ime ETUC-a: \u201cJedini dobitnici su bogati dioni\u010dari velikih banaka koje su im isplatile ogromne dividende zahvaljuju\u0107i prethodnim podizanjima kamata. Vrijeme je da kreatori politika prestanu puniti d\u017eepove bankara na ra\u010dun obi\u010dnih ljudi i da se pozabave pravim uzrokom ove krize oporezivanjem ekstraprofita koji poti\u010du inflaciju\u201d. Za razliku od prethodne financijske krize, sada su mnoga ku\u0107anstva lo\u0161e pripremljena za naglo pove\u0107anje tro\u0161kova jer je iza njih izazovan ekonomski period: \u201cAko pogledate posljednju financijsku krizu iz 2008., ljudi su u\u0161li u nju uslijed procvata: imali su u\u0161te\u0111evinu. A sada \u0107emo u\u0107i u krizni period nakon dvogodi\u0161njeg Covid-perioda, tijekom kojeg puno ljudi nije imalo posao ili je imalo smanjena primanja\u201d, rekla je Lynch za Guardian.<\/p>\n\n\n\n<p>Europska sindikalna konfederacija upozorila je i na <a href=\"https:\/\/www.etuc.org\/en\/pressrelease\/ceos-asset-stripping-economy-failing-reinvest-profits\">trend<\/a> kraha korporativne odgovornosti zbog rasta korporativnih profita i nedostatka investiranja: <a href=\"https:\/\/ec.europa.eu\/eurostat\/databrowser\/view\/NASA_10_KI__custom_7493729\/default\/table?lang=en\">podaci<\/a> Eurostata pokazuju da je udio profita korporacija u BDP-u od 2019. porastao za 4 posto, dok je stopa bruto ulaganja pala za 5 posto diljem Europe, sa znatno izra\u017eenijim razlikama u 11 dr\u017eava \u010dlanica. Umjesto reinvestiranja profita, korporacije su svoje pove\u0107ane profite podijelile dioni\u010darima kroz <a href=\"https:\/\/www.etuc.org\/en\/pressrelease\/dividends-rising-13-faster-pay\">isplate rekordnih dividendi <\/a>koje su porasle do 95% diljem Europe u zadnjih godinu dana, i to 13 puta ve\u0107om brzinom u usporedbi s rastom pla\u0107a. Pove\u0107anje udjela profita automatski zna\u010di da je udio dohotka koji se izdvaja za pla\u0107e ni\u017ei, upozorava ETUC, \u0161to dodatno pove\u0107ava nejednakost.<\/p>\n\n\n\n<p>Posljedice takvih politika po radnike Europska sindikalna konfederacija redovito se trudi do\u010darati analizama koje na konkretnim primjerima pokazuju \u0161to zna\u010di kriza \u017eivotnih tro\u0161kova: radnici sve te\u017ee pokrivaju <a href=\"https:\/\/www.bilten.org\/?p=44552\">osnovne \u017eivotne tro\u0161kove<\/a> koji rastu \u010detiri puta br\u017ee od pla\u0107a, sve te\u017ee financiraju stvari kao \u0161to su <a href=\"https:\/\/www.etuc.org\/en\/pressrelease\/pay-failing-keep-school-costs\">\u0161kolska oprema<\/a> za djecu, <a href=\"https:\/\/www.etuc.org\/en\/pressrelease\/workers-hit-record-rise-holiday-costs\">ljetovanje<\/a>, pa i obi\u010dna kri\u0161ka <a href=\"https:\/\/www.etuc.org\/en\/pressrelease\/rising-pizza-prices-show-knead-pay-rises\">pizze<\/a>. Sve te analize pokazuju da je posljedica aktualne politike osiroma\u0161enje, a stopa siroma\u0161tva raste me\u0111u radnicima, ukupnom populacijom i <a href=\"https:\/\/www.etuc.org\/en\/pressrelease\/child-poverty-rises-third-year-running\">djecom<\/a>. ETUC zato ve\u0107 neko vrijeme poziva EU i nacionalne vlade da zaustave \u0161tednju i preusmjere napore u mjere za suzbijanje krize \u017eivotnih tro\u0161kova kroz uvo\u0111enje poreza na ekstraprofite, \u0161to je dosad u\u010dinila samo manjina dr\u017eava \u010dlanica, kao i kroz ograni\u010denje cijena hrane, pove\u0107anje pla\u0107a a time i kupovne mo\u0107i, te kroz uvo\u0111enje financijske podr\u0161ke onima koji su najte\u017ee pogo\u0111eni krizom \u017eivotnih tro\u0161kova. Uz to, ETUC zahtijeva i da se formalizira potpora kolektivnom pregovaranju na nacionalnoj i sektorskoj razini na na\u010din da javni novac mogu dobiti samo ona poduze\u0107a koja pla\u0107e i radne uvjete dogovaraju putem pregovora sa sindikatima, kao i ona poduze\u0107a koja prioritet stavljaju na stvaranje kvalitetnih radnih mjesta, umjesto na pove\u0107anje dividendi. Ako \u0107e se Europska unija dr\u017eati plana o ponovnom uvo\u0111enju mjera \u0161tednje, ETUC upozorava, cijenu \u0107e platiti kao i obi\u010dno najsiroma\u0161niji, ali ovog puta s jo\u0161 te\u017eim i dugoro\u010dnijim posljedicama u odnosu na posljednju financijsku krizu.<\/p>\n","protected":false},"excerpt":{"rendered":"<p>\u010celnica Europske sindikalne konfederacije (ETUC) Esther Lynch u nedavnom intervjuu za Guardian imala je priliku istaknuti klju\u010dne probleme kojima se europski sindikati trenutno bave i prenijeti poruku da Europa srlja u jo\u0161 jednu recesiju koja \u0107e imati jo\u0161 gore posljedice od prethodne. Lynch je upozorila da radnike i radnice diljem Europe \u010deka sumorna zima ukoliko [&hellip;]<\/p>\n","protected":false},"author":9,"featured_media":45641,"comment_status":"closed","ping_status":"closed","sticky":false,"template":"","format":"standard","meta":{"footnotes":""},"categories":[454],"tags":[64,668,460],"theme":[455],"country":[495],"articleformat":[205],"coauthors":[241],"class_list":["post-45638","post","type-post","status-publish","format-standard","has-post-thumbnail","hentry","category-naslovnica","tag-kriza","tag-radnicka-prava","tag-sindikati","theme-rad","country-europska-unija","articleformat-vijest"],"_links":{"self":[{"href":"https:\/\/www.bilten.org\/index.php?rest_route=\/wp\/v2\/posts\/45638","targetHints":{"allow":["GET"]}}],"collection":[{"href":"https:\/\/www.bilten.org\/index.php?rest_route=\/wp\/v2\/posts"}],"about":[{"href":"https:\/\/www.bilten.org\/index.php?rest_route=\/wp\/v2\/types\/post"}],"author":[{"embeddable":true,"href":"https:\/\/www.bilten.org\/index.php?rest_route=\/wp\/v2\/users\/9"}],"replies":[{"embeddable":true,"href":"https:\/\/www.bilten.org\/index.php?rest_route=%2Fwp%2Fv2%2Fcomments&post=45638"}],"version-history":[{"count":2,"href":"https:\/\/www.bilten.org\/index.php?rest_route=\/wp\/v2\/posts\/45638\/revisions"}],"predecessor-version":[{"id":45642,"href":"https:\/\/www.bilten.org\/index.php?rest_route=\/wp\/v2\/posts\/45638\/revisions\/45642"}],"wp:featuredmedia":[{"embeddable":true,"href":"https:\/\/www.bilten.org\/index.php?rest_route=\/wp\/v2\/media\/45641"}],"wp:attachment":[{"href":"https:\/\/www.bilten.org\/index.php?rest_route=%2Fwp%2Fv2%2Fmedia&parent=45638"}],"wp:term":[{"taxonomy":"category","embeddable":true,"href":"https:\/\/www.bilten.org\/index.php?rest_route=%2Fwp%2Fv2%2Fcategories&post=45638"},{"taxonomy":"post_tag","embeddable":true,"href":"https:\/\/www.bilten.org\/index.php?rest_route=%2Fwp%2Fv2%2Ftags&post=45638"},{"taxonomy":"theme","embeddable":true,"href":"https:\/\/www.bilten.org\/index.php?rest_route=%2Fwp%2Fv2%2Ftheme&post=45638"},{"taxonomy":"country","embeddable":true,"href":"https:\/\/www.bilten.org\/index.php?rest_route=%2Fwp%2Fv2%2Fcountry&post=45638"},{"taxonomy":"articleformat","embeddable":true,"href":"https:\/\/www.bilten.org\/index.php?rest_route=%2Fwp%2Fv2%2Farticleformat&post=45638"},{"taxonomy":"author","embeddable":true,"href":"https:\/\/www.bilten.org\/index.php?rest_route=%2Fwp%2Fv2%2Fcoauthors&post=45638"}],"curies":[{"name":"wp","href":"https:\/\/api.w.org\/{rel}","templated":true}]}}