{"id":45509,"date":"2023-09-22T09:00:42","date_gmt":"2023-09-22T08:00:42","guid":{"rendered":"https:\/\/www.bilten.org\/?p=45509"},"modified":"2023-10-02T10:21:29","modified_gmt":"2023-10-02T09:21:29","slug":"mit-o-mati-pocetak-kraja","status":"publish","type":"post","link":"https:\/\/www.bilten.org\/?p=45509","title":{"rendered":"Mit o Mati: po\u010detak kraja?"},"content":{"rendered":"\n<p>Mate Rimac na\u0161ao se posljednjih tjedana na ni\u0161anu onih medija koji su sve do ju\u010der bili zauzeti svakodnevnim poliranjem imid\u017ea poduzetni\u010dkog heroja na\u0161eg vremena, pi\u0161u\u0107i vlastite verzije \u0161kolskih zada\u0107a na temu &#8220;Za\u0161to volim Matu Rimca&#8221;. Do obrata te idili\u010dne pri\u010de doveo je Nacrt novog Zakona o medijima, zbog kojeg su mediji izvan HDZ-ove milosti odjednom uvidjeli stvari o Rimcu koje se na medijskoj margini odavno znaju. Pi\u0161e Boris Postnikov.<\/p>\n\n\n\n<p><em>Za bilo kakav problem, brate, ni\u0161ta ne brini,<\/em><\/p>\n\n\n\n<p><em>Imam autoindustriju u vukojebini<\/em><\/p>\n\n\n\n<p>\u017duvi, <a href=\"https:\/\/www.youtube.com\/watch?v=bI7SZGjS1CE&amp;ab_channel=%C5%BDuvi\"><em>Mate Rimac<\/em><\/a><\/p>\n\n\n\n<p>Pri\u010da o Mati Rimcu od po\u010detka je bila pri\u010da o onima koji tu pri\u010du pri\u010daju, kao i o onome \u0161to pritom pre\u0161u\u0107uju. A pri\u010dali su, naravno, mainstream mediji. Oni su fascinaciju uspjesima mladog poduzetnika pretvorili u idolatriju, a idolatriju u mjeru zdravog razuma: tko Matu Rimca ne obo\u017eava, tko mu se otvoreno ne divi i kome nisu zabavni njegovi Facebook statusi, taj je automatski razvrstan u dru\u0161tvo iracionalnih zavidnika i hejtera. Ako je scena postavljena tako, onda nikoga ne\u0107e \u010duditi kada livanjski wunderkind u\u0111e u \u0161kolske ud\u017ebenike i kada klinci o njegovom \u017eivotu budu pisali doma\u0107e zada\u0107e, kada ga nacionalni paviljon na svjetskoj izlo\u017ebi Expo postavi rame uz rame s Nikolom Teslom i kada mu javno sveu\u010dili\u0161te, kao nesvr\u0161enom studentu VERN-a, sve\u010dano uru\u010di po\u010dasni doktorat. Ovakav tretman nije imao ni Ivica Todori\u0107 u svojim najslavnijim danima, s tim da je Todori\u0107 barem dr\u017eao \u0161apu nad reklamnom industrijom i novinskom distribucijom, pa je novinarska ljubav prema njemu bila iznu\u0111ena. Ljubav prema Rimcu rodila se spontano, iz \u017eelje komercijalnih medija da ideologiji slobodnotr\u017ei\u0161ne inovativnosti napokon nalijepe ljudski lik. Oni su postavili kut gledanja: mi smo dobili gledanje kulta.<\/p>\n\n\n\n<h2 class=\"wp-block-heading\">Otvorena fronta <\/h2>\n\n\n\n<p>Ta se idili\u010dna pri\u010da, mo\u017eda ste primijetili, posljednjih tjedana mijenja. Najednom se \u010duju disonantni tonovi, odnekud dopiru kriti\u010dki glasovi. Ali po\u0161to je pri\u010da o Mati Rimcu pri\u010da o onima koji tu pri\u010du pri\u010daju, onda \u0107emo pri\u010du zapo\u010deti njima: medijima. Prije otprilike dva mjeseca, krajem jula, iz Ministarstva kulture i medija procurio je nacrt novog Zakona o medijima i odmah se pretvorio u udarnu vijest. Ne bez razloga, jer njime je HDZ o\u010dito naumio poja\u010dati kontrolu nad medijskim poljem. Me\u0111u dobitnicima planiranog zakona na\u0161le bi se tako poslu\u0161nije komercijalne novine i portali, oni koje dr\u017eava raznim kanalima ve\u0107 obilno financira i koji se zauzvrat suzdr\u017eavaju od o\u0161trijih napada, poput Jutarnjeg, Ve\u010dernjeg ili Slobodne. Zakinuti bi ostali oni problemati\u010dni, prije svih Index i Telegram \u010diji su novinari razotkrivanjem korupcijskih afera ve\u0107 odstrijelili solidan broj ministara iz Plenkovi\u0107eve vlade. <\/p>\n\n\n\n<p>Nije ovakva selektivna pomo\u0107 dr\u017eave medijskom biznisu jedini problem nacrta, nije \u010dak ni najve\u0107i, ali je na stranicama onih koji pomo\u0107 ne\u0107e dobiti promovirana u klju\u010dnu to\u010dku udara vlasti na novinarsku slobodu i neovisnost: Telegram je \u010dak pokrenuo akciju pod naslovom &#8220;HDZ \u017eeli suzbiti neovisno novinarstvo i rad Telegrama. Pretplatite se i podr\u017eite nas!&#8221; Linija koja je i ranije dijelila komercijalno medijsko polje na dvoje pretvorila se tako u otvorenu frontu: s jedne strane snishodljivi poltroni potkupljeni javnim sredstvima, s druge strane neustra\u0161ivi \u017eurnalisti \u010diju slobodu ne garantira ni\u0161ta osim slobodnog tr\u017ei\u0161ta. Da ministrica kulture Nina Obuljen Kor\u017einek nije prethodnih godina strpljivo i sustavno devastirala alternativnu scenu neprofitnih medija, \u010duli bismo valjda i poneki glas izvan takve crno-bijele podjele, a pozornica rasprave bi se pro\u0161irila. Ovako, ne\u0161to \u0161to je u osnovi sukob dvije frakcije medijskog kapitala uzdignuto je na razinu sudbonosne borbe za slobodu novinarstva koja se ra\u0111a ondje gdje dr\u017eava prestaje, a tr\u017ei\u0161te po\u010dinje.<\/p>\n\n\n\n<p>Samo kakve veze sve to skupa ima s Matom Rimcem?<\/p>\n\n\n\n<p>Mo\u017eda ciljano, mo\u017eda sasvim slu\u010dajno \u2013 u svakom slu\u010daju, posve neo\u010dekivano \u2013 nedodirljivi inovator na\u0161ao se posljednjih tjedana na ni\u0161anu onih medija koji su do ju\u010der slo\u017eno glancali njegov javni lik. Povod: vijest da hrvatska vlada, nakon \u0161to je od Evropske unije u\u017eicala 180 milijuna eura javnih sredstava za financiranje Rim\u010devog projekta robotaksija, sada tra\u017ei od Bruxellesa odgodu ugovorenog roka. Sezonu lova otvara RTL-ov profesionalni \u0161eret Zoran \u0160prajc, nabrajaju\u0107i Rim\u010deva ranija neispunjena obe\u0107anja \u2013 po\u010dev\u0161i od decidirane tvrdnje da \u0107e se Zagrebom do kraja 2024. voziti robotaksiji pa nadalje \u2013 kako bi, prili\u010dno po\u0161teno, zaklju\u010dio: &#8220;Nit&#8217; projekta, nit&#8217; servisa, nit&#8217; punja\u010da, nit&#8217; parkinga, nit&#8217; gara\u017ee. Ali budimo iskreni \u2013 nitko ga o tome ni\u0161ta nije pitao pa je tako i ostalo.&#8221; U napad zatim kre\u0107u oni koji ranije nisu ni\u0161ta pitali. &#8220;Rim\u010dev projekt robotaksija ozbiljno probija rokove. Ovo su neispunjena obe\u0107anja&#8221;, <a href=\"https:\/\/www.index.hr\/vijesti\/clanak\/sto-je-rimac-dosad-obecao-s-robotaksijima-a-nije-napravio\/2494367.aspx\">detaljno popisuje<\/a> Index. &#8220;Kolika je \u0161ansa da Rimac ispo\u0161tuje rok za robotaksije? Izvukli smo sve koje su do sada prekr\u0161ili&#8221;, <a href=\"https:\/\/www.telegram.hr\/vijesti\/kolika-je-sansa-da-rimac-ispostuje-rok-za-robotaksije-izvukli-smo-sve-koje-su-dosad-prekrsili\/\">pridru\u017euje<\/a> se Telegram. Pod iznenadnim udarom, Marko Pejkovi\u0107 \u2013 Rim\u010dev kolega i izvr\u0161ni direktor firme Project 3 Mobility koja robotaksije razvija \u2013 spremno preuzima krivnju na sebe i moli da se Rimca po\u0161tedi. Na Indexu, me\u0111utim, <a href=\"https:\/\/www.index.hr\/vijesti\/clanak\/ovako-je-rimac-obecavao-robotaksije-po-televiziji-a-sad-odjednom-nema-veze-s-tim\/2494949.aspx\">nema milosti<\/a>: &#8220;Ovako je Rimac obe\u0107avao robotaksije po televiziji, a sad odjednom nema ni\u0161ta s tim.&#8221;<\/p>\n\n\n\n<p>Za sada je pri\u010da stala na nekoliko tekstova, ali njima je \u2013 kako bi rekli klikbejt portali \u2013 poslana jasna poruka. Rimac vi\u0161e nije po\u0161te\u0111en kritika. Barem ne u onim medijima koji su s HDZ-om na ratnoj nozi, koji su se najednom sjetili da je Project 3 Mobility do evropskih javnih sredstava do\u0161ao uz asistenciju HDZ-ove vlade i koji su iznenada shvatili da ta vlada Rimca pretvara u poster boya hrvatskog \u2013 ergo, vlastitog \u2013 uspjeha. U Jutarnjem, Ve\u010dernjem ili Slobodnoj \u2013 tamo gdje nestrpljivo i\u0161\u010dekuju ozakonjenje novih linija dr\u017eavne pomo\u0107i \u2013 kritike niste pro\u010ditali.<\/p>\n\n\n\n<h2 class=\"wp-block-heading\">Granice \u017eurnalisti\u010dke slobode<\/h2>\n\n\n\n<p>Netko tko o hrvatskim komercijalnim medijima ne zna ni\u0161ta na ovom bi se mjestu mogao zapitati: nisu li dva-tri uravnote\u017eena novinarska \u010dlanka u kojima se preispituje Rim\u010devo probijanje rokova, strpljivo prebrojavaju njegova dosada\u0161nja neispunjena obe\u0107anja i oprezno problematizira aran\u017eman s politi\u010dkom vlasti ipak premalo da u njima prepoznamo revolucionaran zaokret? Nama koji nismo te sre\u0107e da o hrvatskim komercijalnim medijima ne znamo ni\u0161ta jasno je da nisu. Sve ono \u0161to oni danas otkrivaju o Rimcu odavno je, dodu\u0161e, poznato svakome tko Rim\u010devu poduzetni\u010dku putanju makar povr\u0161no prati, iako se u hrvatskim komercijalnim medijima o tome nije mogao informirati. Poznate su spektakularne najave i njihovo neostvarivanje, poznata je veza s HDZ-om, poznat je \u017eivopisni manevar izvla\u010denja javnih sredstava iz fonda namijenjenog za saniranje posljedica pandemije. Ali sve to je poznato usprkos komercijalnim medijima, a ne zahvaljuju\u0107i njima: godinama se o Rimcu kriti\u010dki govorilo isklju\u010divo na internetskim forumima, u komentarima na dru\u0161tvenim mre\u017eama, u istupima defoltno ridikulizirane Radni\u010dke fronte i na medijskim marginama. Ba\u0161 tamo, na medijskoj margini, prije otprilike dvije godine \u2013 taman nakon \u0161to je Evropska unija odobrila financiranje robotaksija \u2013 neke od tih kritika sam <a href=\"https:\/\/www.portalnovosti.com\/mate-rimac-protiv-dezurnih-hejtera\">sumirao<\/a> i sam, a da vas po\u0161tedim klikanja, evo tada\u0161njeg zaklju\u010dka: &#8220;Posao novinara, ne osobito naporan ni izazovan, sastojao bi se u tome da sve neostvarene najave pobroje pa javnost oprezno upozore kako \u010dovjek koji je upravo dobio milijardu i po kuna javnih sredstava na ra\u010dun jednog hrabrog obe\u0107anja vlastita obe\u0107anja rijetko ispunjava.&#8221; Taj posao \u2013 nimalo naporan, nimalo izazovan \u2013 novinari, me\u0111utim, sve do prije kojeg tjedna nisu radili: bili su zauzeti svakodnevnim poliranjem imid\u017ea poduzetni\u010dkog heroja na\u0161eg vremena, pi\u0161u\u0107i vlastite verzije \u0161kolskih zada\u0107a na temu &#8220;Za\u0161to volim Matu Rimca&#8221;. Pa su njihov posao onda obavljali medijski marginalci, upu\u0107eni foruma\u0161i, Facebook komentatori i jedna radikalno lijeva politi\u010dka stranka, a ta je \u0161arolika postava \u2013 budu\u0107i da mainstream medijima ne pripada \u2013 na komercijalnim portalima zatim bila otpisivana kao nakupina &#8220;hejtera&#8221;, nude\u0107i neiscrpne resurse za nove klikabilne naslove. <\/p>\n\n\n\n<p>Ovaj za\u010darani krug \u2013 u kojem logi\u010dna novinarska pitanja postavljaju svi osim samih novinara, e da bi ih zbog postavljanja logi\u010dnih pitanja novinari zatim ismijavali \u2013 vrlo je lijepo ocrtao granice \u017eurnalisti\u010dke slobode i neovisnosti tamo gdje su neovisnost i sloboda oslonjeni isklju\u010divo na ideologiju slobodnog tr\u017ei\u0161ta. Preslagivanje odnosa u medijskoj industriji, ubrzano HDZ-ovom legislativnom inicijativom, sada taj krug prekida, dijele\u0107i polje na one koji beskrajno vjeruju u tr\u017ei\u0161te i na one koje u tr\u017ei\u0161te ne vjeruju ni\u0161ta manje, ali su pritom u milosti vlasti. Negdje na toj liniji podjele napukao je napokon i mit o nepogre\u0161ivom Rimcu: za one prve, on vi\u0161e ne ispunjava sve potrebne kriterije slobodnotr\u017ei\u0161ne \u010disto\u0107e. Toliko je jasno. Nejasno ostaje za\u0161to bi danas bilo kome smetalo HDZ-ovo financiranje komercijalnih medija javnim sredstvima, ako do ju\u010der nikome nije smetalo HDZ-ovo povla\u010denje javnih sredstava iz Bruxellesa za Rim\u010dev projekt robotaksija.<\/p>\n","protected":false},"excerpt":{"rendered":"<p>Mate Rimac na\u0161ao se posljednjih tjedana na ni\u0161anu onih medija koji su sve do ju\u010der bili zauzeti svakodnevnim poliranjem imid\u017ea poduzetni\u010dkog heroja na\u0161eg vremena, pi\u0161u\u0107i vlastite verzije \u0161kolskih zada\u0107a na temu &#8220;Za\u0161to volim Matu Rimca&#8221;. Do obrata te idili\u010dne pri\u010de doveo je Nacrt novog Zakona o medijima, zbog kojeg su mediji izvan HDZ-ove milosti odjednom [&hellip;]<\/p>\n","protected":false},"author":9,"featured_media":45516,"comment_status":"closed","ping_status":"closed","sticky":false,"template":"","format":"standard","meta":{"footnotes":""},"categories":[454],"tags":[1434],"theme":[456],"country":[38],"articleformat":[450],"coauthors":[58],"class_list":["post-45509","post","type-post","status-publish","format-standard","has-post-thumbnail","hentry","category-naslovnica","tag-mate-rimac","theme-politika","country-hrvatska","articleformat-tema"],"_links":{"self":[{"href":"https:\/\/www.bilten.org\/index.php?rest_route=\/wp\/v2\/posts\/45509","targetHints":{"allow":["GET"]}}],"collection":[{"href":"https:\/\/www.bilten.org\/index.php?rest_route=\/wp\/v2\/posts"}],"about":[{"href":"https:\/\/www.bilten.org\/index.php?rest_route=\/wp\/v2\/types\/post"}],"author":[{"embeddable":true,"href":"https:\/\/www.bilten.org\/index.php?rest_route=\/wp\/v2\/users\/9"}],"replies":[{"embeddable":true,"href":"https:\/\/www.bilten.org\/index.php?rest_route=%2Fwp%2Fv2%2Fcomments&post=45509"}],"version-history":[{"count":10,"href":"https:\/\/www.bilten.org\/index.php?rest_route=\/wp\/v2\/posts\/45509\/revisions"}],"predecessor-version":[{"id":45614,"href":"https:\/\/www.bilten.org\/index.php?rest_route=\/wp\/v2\/posts\/45509\/revisions\/45614"}],"wp:featuredmedia":[{"embeddable":true,"href":"https:\/\/www.bilten.org\/index.php?rest_route=\/wp\/v2\/media\/45516"}],"wp:attachment":[{"href":"https:\/\/www.bilten.org\/index.php?rest_route=%2Fwp%2Fv2%2Fmedia&parent=45509"}],"wp:term":[{"taxonomy":"category","embeddable":true,"href":"https:\/\/www.bilten.org\/index.php?rest_route=%2Fwp%2Fv2%2Fcategories&post=45509"},{"taxonomy":"post_tag","embeddable":true,"href":"https:\/\/www.bilten.org\/index.php?rest_route=%2Fwp%2Fv2%2Ftags&post=45509"},{"taxonomy":"theme","embeddable":true,"href":"https:\/\/www.bilten.org\/index.php?rest_route=%2Fwp%2Fv2%2Ftheme&post=45509"},{"taxonomy":"country","embeddable":true,"href":"https:\/\/www.bilten.org\/index.php?rest_route=%2Fwp%2Fv2%2Fcountry&post=45509"},{"taxonomy":"articleformat","embeddable":true,"href":"https:\/\/www.bilten.org\/index.php?rest_route=%2Fwp%2Fv2%2Farticleformat&post=45509"},{"taxonomy":"author","embeddable":true,"href":"https:\/\/www.bilten.org\/index.php?rest_route=%2Fwp%2Fv2%2Fcoauthors&post=45509"}],"curies":[{"name":"wp","href":"https:\/\/api.w.org\/{rel}","templated":true}]}}