{"id":45505,"date":"2023-09-19T09:45:00","date_gmt":"2023-09-19T08:45:00","guid":{"rendered":"https:\/\/www.bilten.org\/?p=45505"},"modified":"2023-10-30T15:52:29","modified_gmt":"2023-10-30T14:52:29","slug":"politicka-ekonomija-parizera","status":"publish","type":"post","link":"https:\/\/www.bilten.org\/?p=45505","title":{"rendered":"Politi\u010dka ekonomija parizera"},"content":{"rendered":"\n<p>U najmanju ruku regionalna popularnost Vu\u010di\u0107evog javnog nastupa, u kojem je obelodanio novu cenu parizera, dovoljno govori o marketin\u0161kom aspektu njegovog poduhvata \u2013&nbsp;<a rel=\"noreferrer noopener\" href=\"https:\/\/www.bilten.org\/?p=45482\" target=\"_blank\">\u010dovek iz naroda<\/a>&nbsp;koji se ne stidi da jede hranu koju deo naroda jedino mo\u017ee da priu\u0161ti. Performans je uspeo. Sprdnja koja je nastala u drugom delu naroda vi\u0161e govori o klasnim privilegijama i nemogu\u0107nosti da se na adekvatan na\u010din politi\u010dki artikuli\u0161e kritika Vu\u010di\u0107evog re\u017eima izvan podsmeha, benignih karikatura i po\u0161alica. A proteklih deset godina dovoljno govori o rezultatima takve &#8220;politi\u010dke borbe&#8221;. Na zamerku da on u svakodnevnom \u017eivotu ne jede parizer, lako je odgovoriti snimkom koji pokazuje suprotno.<\/p>\n\n\n\n<p>Hrana u Srbiji je u julu 2023. za&nbsp;<a href=\"https:\/\/www.021.rs\/story\/Info\/Biznis-i-ekonomija\/352279\/Ekonomista-Snizenja-za-20-proizvoda-ne-mogu-da-izlece-inflaciju-u-Srbiji-hrana-skuplja-za-21-odsto.html\" target=\"_blank\" rel=\"noreferrer noopener\">21% skuplja<\/a>&nbsp;nego u istom mesecu pro\u0161le godine, \u0161to sugeri\u0161e da je, na\u017ealost, pristup kvalitetnijim namirnicama sve vi\u0161e privilegija, a sve manje realna mogu\u0107nost za kupovinu ve\u0107ine gra\u0111ana \u2013 eto prilike za suvislu ponudu alternativnih ekonomskih politika. Politiku koja bi problematizovala ekonomski model koji je prouzrokovao jedne od&nbsp;<a href=\"https:\/\/ec.europa.eu\/eurostat\/statistics-explained\/index.php?title=Living_conditions_in_Europe_-_income_distribution_and_income_inequality&amp;stable=1#Income_inequality\" target=\"_blank\" rel=\"noreferrer noopener\">najvi\u0161ih nejednakosti u dohotku u Evropi<\/a>, najni\u017eih minimalnih zarada, te \u010dinjenicu da je za ve\u0107inu mladih stambeno osamostaljivanje&nbsp;<a href=\"https:\/\/www.bilten.org\/?p=43746\" target=\"_blank\" rel=\"noreferrer noopener\">misaona imenica<\/a>.<\/p>\n\n\n\n<p>Tema parizera na dnevni red nije do\u0161la slu\u010dajno, ovde je veoma va\u017ean tajming. Vu\u010di\u0107ev performans desio se ubrzo nakon \u0161to je saop\u0161teno, upravo onima koji kupuju parizer, da \u0107e&nbsp;<a rel=\"noreferrer noopener\" href=\"https:\/\/www.bilten.org\/?p=45407\" target=\"_blank\">minimalna zarada<\/a>&nbsp;za narednu godinu iznositi svega \u010detiristo evra mese\u010dno. A takvih je u Srbiji vi\u0161e od \u010detiristo hiljada. Svako dobro zna da inflacija u Srbiji divlja ve\u0107 vi\u0161e od godinu dana i jasno je koji su proizvodi najvi\u0161e poskupeli, te da dru\u0161tvena katastrofa preti. Paradoksalno, oni u najlo\u0161ijem polo\u017eaju verovatno ne\u0107e iza\u0107i na izbore, ili \u0107e&nbsp;<a rel=\"noreferrer noopener\" href=\"https:\/\/www.bilten.org\/?p=44909\" target=\"_blank\">glasati za Vu\u010di\u0107a<\/a>. To ne zna\u010di da SNS brine o najsiroma\u0161nijima, da su ti ljudi neinteligentni, ve\u0107 da re\u017eim uspeva da ih uklju\u010di u svoju klijentelisti\u010dku mre\u017eu i garantuje minimum sigurnosti, ili pak da ovakvim merama uspeva da im poka\u017ee kako im je navodno stalo. Naravno, i pona\u0161anje dela opoziciono nastrojene javnosti uti\u010de da to da ve\u0107 marginalizovani ostanu u Vu\u010di\u0107evom zagrljaju \u2013 toliko od politi\u010dkoj produktivnosti po\u0161alica.<\/p>\n\n\n\n<p>Umesto mimova, \u0161ala i karikatura, potrebno je ponuditi jasnu politi\u010dku artikulaciju \u2013 a parizer kao takav nije va\u017ean \u2013 kontrola cena kasni, obuhvat proizvoda je nedovoljan, a rezultat ne\u0107e biti zadovoljavaju\u0107. Ako je u proteklih godinu dana opala kupovna mo\u0107 najsiroma\u0161nijih, potrebno su deleko ozbiljnije mere od ograni\u010davanje cena dvadesetak proizvoda.<\/p>\n\n\n\n<p>Minimalna cena rada ni blizu ne mo\u017ee da garantuje, \u0161to je sada jasno, \u010dak ni redovnu kupovinu parizera za \u010detvoro\u010dlanu porodicu. Otuda potreba da se cene ograni\u010davaju. Na tu potrebu je malo ko od opozicionih politi\u010dkih aktera reagovao u prethodnom periodu istakav\u0161i zahtev za kontrolom cena, \u010dak i po cenu da od onih koji sada uvode kontrolu cena budu bili optu\u017eeni da \u017eele da vrate&nbsp;<a href=\"https:\/\/www.danas.rs\/vesti\/politika\/vucic-izbori-do-2-marta-opozicija-nepismena\/?fbclid=IwAR2l6KAhW0xrhrP5wqRf9Hxj3WOd4fFCzPkIZ1dyNo1zpJNKm3Dl6Pmcp1w\" target=\"_blank\" rel=\"noreferrer noopener\">samoupravljanje<\/a>.<\/p>\n\n\n\n<p>Druga stvar koju performans sa parizerom najavljuje jesu skora\u0161nji izbori. Opet, treba ista\u0107i da se ne radi o uobi\u010dajenoj tezi kako Vu\u010di\u0107 pred izbore podmi\u0107uje glasa\u010de, ve\u0107 se pre radi ga\u0161enju po\u017eara i poku\u0161aju saniranja \u0161tete. Uz standardna pove\u0107anja plata u&nbsp;<a href=\"https:\/\/www.blic.rs\/biznis\/moj-novcanik\/od-danas-povecanje-plata-u-javnom-sektoru-na-spisku-prosveta-i-zdravstvo-ali-ne-svi\/t7mte44\" target=\"_blank\" rel=\"noreferrer noopener\">prosveti i zdravstvu<\/a>, situacija sada zahteva i poteze koje nisu uobi\u010dajeni. Ovo je prilika da makar deo opozicionih aktera jasnije profili\u0161e svoje ekonomske politike i ponudi temeljna re\u0161enja za dru\u0161tveno-ekonomsku krizu u kojoj se Srbija nalazi. Partijska scena Srbije je predugo zaglavljena u identitetskim podelama, pre svega, dilemi Kosovo i\/ili Evropa. Kada su kona\u010dno veliki protesti protiv iskopavanja litijuma te teme stavile u drugi plan, pred pro\u0161le parlamentarne izbore u aprilu 2022. izbio je rat u Ukrajini, koji je potovo krupna identitetska pitanja&nbsp;<a href=\"https:\/\/www.bilten.org\/?p=41432\" target=\"_blank\" rel=\"noreferrer noopener\">vratio na prvo mesto<\/a>. Sada je, delom i zbog tog rata, ekonomska situacija prva briga gra\u0111na. To je \u0161ansa koju bi opozicija mogla da iskoristi.<\/p>\n","protected":false},"excerpt":{"rendered":"<p>U najmanju ruku regionalna popularnost Vu\u010di\u0107evog javnog nastupa, u kojem je obelodanio novu cenu parizera, dovoljno govori o marketin\u0161kom aspektu njegovog poduhvata \u2013&nbsp;\u010dovek iz naroda&nbsp;koji se ne stidi da jede hranu koju deo naroda jedino mo\u017ee da priu\u0161ti. Performans je uspeo. Sprdnja koja je nastala u drugom delu naroda vi\u0161e govori o klasnim privilegijama i [&hellip;]<\/p>\n","protected":false},"author":5,"featured_media":45507,"comment_status":"closed","ping_status":"closed","sticky":false,"template":"","format":"standard","meta":{"footnotes":""},"categories":[454],"tags":[228,1644],"theme":[455],"country":[11],"articleformat":[205],"coauthors":[971],"class_list":["post-45505","post","type-post","status-publish","format-standard","has-post-thumbnail","hentry","category-naslovnica","tag-ekonomija","tag-inflacija","theme-rad","country-srbija","articleformat-vijest"],"_links":{"self":[{"href":"https:\/\/www.bilten.org\/index.php?rest_route=\/wp\/v2\/posts\/45505","targetHints":{"allow":["GET"]}}],"collection":[{"href":"https:\/\/www.bilten.org\/index.php?rest_route=\/wp\/v2\/posts"}],"about":[{"href":"https:\/\/www.bilten.org\/index.php?rest_route=\/wp\/v2\/types\/post"}],"author":[{"embeddable":true,"href":"https:\/\/www.bilten.org\/index.php?rest_route=\/wp\/v2\/users\/5"}],"replies":[{"embeddable":true,"href":"https:\/\/www.bilten.org\/index.php?rest_route=%2Fwp%2Fv2%2Fcomments&post=45505"}],"version-history":[{"count":2,"href":"https:\/\/www.bilten.org\/index.php?rest_route=\/wp\/v2\/posts\/45505\/revisions"}],"predecessor-version":[{"id":45508,"href":"https:\/\/www.bilten.org\/index.php?rest_route=\/wp\/v2\/posts\/45505\/revisions\/45508"}],"wp:featuredmedia":[{"embeddable":true,"href":"https:\/\/www.bilten.org\/index.php?rest_route=\/wp\/v2\/media\/45507"}],"wp:attachment":[{"href":"https:\/\/www.bilten.org\/index.php?rest_route=%2Fwp%2Fv2%2Fmedia&parent=45505"}],"wp:term":[{"taxonomy":"category","embeddable":true,"href":"https:\/\/www.bilten.org\/index.php?rest_route=%2Fwp%2Fv2%2Fcategories&post=45505"},{"taxonomy":"post_tag","embeddable":true,"href":"https:\/\/www.bilten.org\/index.php?rest_route=%2Fwp%2Fv2%2Ftags&post=45505"},{"taxonomy":"theme","embeddable":true,"href":"https:\/\/www.bilten.org\/index.php?rest_route=%2Fwp%2Fv2%2Ftheme&post=45505"},{"taxonomy":"country","embeddable":true,"href":"https:\/\/www.bilten.org\/index.php?rest_route=%2Fwp%2Fv2%2Fcountry&post=45505"},{"taxonomy":"articleformat","embeddable":true,"href":"https:\/\/www.bilten.org\/index.php?rest_route=%2Fwp%2Fv2%2Farticleformat&post=45505"},{"taxonomy":"author","embeddable":true,"href":"https:\/\/www.bilten.org\/index.php?rest_route=%2Fwp%2Fv2%2Fcoauthors&post=45505"}],"curies":[{"name":"wp","href":"https:\/\/api.w.org\/{rel}","templated":true}]}}