{"id":45113,"date":"2023-07-07T07:27:42","date_gmt":"2023-07-07T06:27:42","guid":{"rendered":"https:\/\/www.bilten.org\/?p=45113"},"modified":"2023-07-10T09:55:12","modified_gmt":"2023-07-10T08:55:12","slug":"50-nijansi-nasilja","status":"publish","type":"post","link":"https:\/\/www.bilten.org\/?p=45113","title":{"rendered":"50 nijansi nasilja"},"content":{"rendered":"\n<p>Protesti u Beogradu, zapo\u010deti nakon dve velike tragedije, traju ve\u0107 devet nedelja. Me\u0111u demonstrantima je do\u0161lo do manjeg zamora materijala, \u0161to uz po\u010detak perioda letnjih odmora, ima za posledicu manji broj ljudi na skupovima. Na poslednjem protestu okupio se najmanji broj ljudi do sada.<\/p>\n\n\n\n<p>U me\u0111uvremenu su organizatori najavili &#8220;radikalizaciju protesta&#8221;, bez jasnijeg odre\u0111enja \u0161ta to ta\u010dno zna\u010di. Deluje da je odlazak do zgrade televizije Pink na poslednjem protestu jedan primer toga, ali ostaje da se vidi da li su planirane dodatne akcije. Radikalizacija bi trebalo da bude re\u0161enje za o\u010dekivano osipanje protesta tokom letnjeg perioda i na\u010din da se okupljanja odr\u017ee u \u017eivotu.<\/p>\n\n\n\n<p>Ipak, pojedini opozicioni akteri nisu odu\u0161evljeni idejom radikalizacije. Pavle Grbovi\u0107, lider Pokreta slobodnih gra\u0111ana,&nbsp;<a rel=\"noreferrer noopener\" href=\"https:\/\/novimagazin.rs\/vesti\/298114-grbovic-nase-drustvo-obolelo-zbog-viska-slobodnih-radikala\" target=\"_blank\">izjavio<\/a>&nbsp;je da bi voleo &#8220;da se ne koristi taj termin [radikalizacija, prim. aut.] jer je na\u0161e dru\u0161tvo obolelo zbog vi\u0161ka slobodnih radikala koji su nam oteli dru\u0161tvo i zemlju i napravili brlog u kojem niko pristojan ne \u017eeli da \u017eivi&#8221;. Koliko god ove re\u010di bile isprazne, dobro opisuju sentiment dela opoziciono nastrojene javnosti \u2013 za njih je sve \u0161to prevazilazi okvire mirnih \u0161etnji nepo\u017eeljni oblik uli\u010dnog politi\u010dkog delovanja. Politika je, za mnoge u opozicionoj javnosti, pristojan razgovor ljudi u odelima na televiziji, ili u parlamentu, dok bi protesti, ako uop\u0161te moraju da postoje, trebalo da budu&nbsp;<em>mirni i dostojanstveni<\/em>. Akcije koje prevazilaze ovaj okvir, pa \u010dak i da se radi o isto tako ideolo\u0161ki obojenoj gra\u0111anskoj neposlu\u0161nosti, su nemirne i nedostojanstvene, a samim tim i nepo\u017eeljne. One su rezervisane za radikale i ekstremiste. Ovo je dobar povod da se problematizuje odnos politike i nasilja, malo nijansira pristup nasilju, te naglasi da fizi\u010dko nasilje nije jedini oblik nasilja.<\/p>\n\n\n\n<h2 class=\"wp-block-heading\">Nasilja<\/h2>\n\n\n\n<p>U kontekstu nedavnih tragedija, sasvim je razumiljivo za\u0161to deo ljudi ima otklon od bilo kakvog vida intenzivnijih akcija na protestu. No, deluje da se u ideolo\u0161koj klimi u proteklih tridesetak godina iskristalisao stav da protesti, poput onih koji se trenutno odr\u017eavaju u Francuskoj, nisu ispravan oblik politi\u010dkog delovanja. Ovakva pozicija ne uvi\u0111a \u010dinjenicu da nije svako nasilje isto, i da je va\u017eno da li ono dolazi sa pozicija mo\u0107i ili odozdo. Nasilje dobro opremljene policije koja \u0161titi poredak u kome vlada nekolicina bogata\u0161a povezanih sa politi\u010dkom elitom, nije jednako nasilju obespravljenih koji nemaju poverenja u mejnstrim politi\u010dke aktere. Va\u017eno je od koga nasilje dolazi.<\/p>\n\n\n\n<p>Sva ve\u0107a opoziciona okupljanja, otkako je SNS preuzeo vlast, su organizovana kao&nbsp;<em>mirna i dostojanstvena<\/em>, sve dok se protesti sami od sebe nisu ugasili. Tako koncipirani protesti okupljaju gotovo istu grupu ljudi, tj. \u0161iri krug pristalica i simpatizera &#8220;<a rel=\"noreferrer noopener\" href=\"https:\/\/www.bilten.org\/?p=44909\" target=\"_blank\">proevropskih&#8221; stranaka u Srbiji<\/a>, iz sli\u010dnih dru\u0161tvenih slojeva. To o\u010digledno nije ve\u0107ina, pa je potrebno prona\u0107i na\u010dine da se politi\u010dki mobili\u0161u nezadovoljni i apoliti\u010dni ljudi koji preska\u010du na takav na\u010din koncipirane proteste.<\/p>\n\n\n\n<p>Tako\u0111e, valja napomenuti da fizi\u010dko nasilje nije jedini oblik nasilja. Za pohvalu je to \u0161to su razli\u010diti akteri uspeli da nametnu temu \u0161iroko rasprostranjenog nasilja nad \u017eenama, a sve vi\u0161e se govori i o mentalnom zdravlju i sa njima povezanim oblicima nasilja.&nbsp;<a href=\"https:\/\/www.jstor.org\/stable\/422690\" target=\"_blank\" rel=\"noreferrer noopener\">Strukturalno nasilje<\/a>&nbsp;je, tako\u0111e, \u0161iroko rasprostranjeno u Srbiji, a zadatak progresivnih politi\u010dkih aktera je da politizuju sve one koje nemaju krov nad glavom, rade za minimalnu platu, jedva sklapaju kraj sa krajem svakog meseca ili rade i po \u0161ezdeset sati nedeljno.<\/p>\n\n\n\n<h2 class=\"wp-block-heading\">Civilizovan svet<\/h2>\n\n\n\n<p>Mantra o&nbsp;<em>mirnim i dostojanstvenim&nbsp;<\/em>protestima dugo se pozivala na politi\u010dki \u017eivot &#8220;civilizovanog sveta&#8221; kojem bi Srbija trebalo da te\u017ei, te da se nasiljem \u0161alje &#8220;pogre\u0161na slika u svet&#8221;. Ipak, slike koje nam dolaze iz tog sveta pokazuju da se civilizacijska dostignu\u0107a ne mere na\u010dinom na koji se organizuju protesti. \u0160tavi\u0161e, tamo su ljudi spremniji da se aktivnije anga\u017euju radi borbe za svoj polo\u017eaj. Tako\u0111e, tamo policija \u010de\u0161\u0107e i brutalnije reaguje na proteste, \u0161to opet ne zna\u010di da je to model na koji treba da se ugledamo, ve\u0107 je samo ilustracija kako zapravo izgledaju liberalne demokratije, koliko god ih lokalni liberali zami\u0161ljali druga\u010dije. U Francuskoj su na ulicama oni koji nemaju mnogo toga da izgube, a pitanje za politi\u010dke aktere u Srbiji je za\u0161to nema vi\u0161e takvih i na ovda\u0161njim protestima.<\/p>\n\n\n\n<p>Pored novih lica u politici, koja su preko potrebna kako bi zamenila politi\u010dke oligopole nastale u proteklom periodu, novih programa i politika, koje bi trebalo da uzdrmaju centristi\u010dku hegemoniju, potrebni su i druga\u010diji oblici politi\u010dkog delovanja. Ve\u0107 postoje takva iskustva \u0161irom sveta i nema ni\u010dega lo\u0161eg u razli\u010ditim praksama dru\u0161tvenih pokreta koje prevazilaze liberalno-demokratske okvire.<\/p>\n\n\n\n<p>Sama mogu\u0107nost da se odre\u0111uje \u0161ta jeste, a \u0161ta nije, legitiman oblik politi\u010dkog delovanja, jeste vezano za odnose mo\u0107i. Oni na pozicijama mo\u0107i ne \u017eele akcije koje zapravo mogu da ih ugroze i definisanjem dopu\u0161tenog samo \u010duvaju svoje pozicije. Zato je va\u017eno i\u0107i do Pinka i sli\u010dnih i otvoreno prokazivati mo\u0107nike kojima je dopu\u0161teno sve u srpskom dru\u0161tvu. Prebacivanje krivice za eventualne incidente na obi\u010dan svet ili, jo\u0161 gore, samocenzura politi\u010dkog delovanja zbog eventualnih gre\u0161aka su recept za politi\u010dke neuspehe.<\/p>\n","protected":false},"excerpt":{"rendered":"<p>Protesti u Beogradu, zapo\u010deti nakon dve velike tragedije, traju ve\u0107 devet nedelja. Me\u0111u demonstrantima je do\u0161lo do manjeg zamora materijala, \u0161to uz po\u010detak perioda letnjih odmora, ima za posledicu manji broj ljudi na skupovima. Na poslednjem protestu okupio se najmanji broj ljudi do sada. U me\u0111uvremenu su organizatori najavili &#8220;radikalizaciju protesta&#8221;, bez jasnijeg odre\u0111enja \u0161ta [&hellip;]<\/p>\n","protected":false},"author":5,"featured_media":45117,"comment_status":"closed","ping_status":"closed","sticky":false,"template":"","format":"standard","meta":{"footnotes":""},"categories":[454],"tags":[1782,33],"theme":[458],"country":[11],"articleformat":[205],"coauthors":[971],"class_list":["post-45113","post","type-post","status-publish","format-standard","has-post-thumbnail","hentry","category-naslovnica","tag-masovno-ubojstvo","tag-protest","theme-drustvo","country-srbija","articleformat-vijest"],"_links":{"self":[{"href":"https:\/\/www.bilten.org\/index.php?rest_route=\/wp\/v2\/posts\/45113","targetHints":{"allow":["GET"]}}],"collection":[{"href":"https:\/\/www.bilten.org\/index.php?rest_route=\/wp\/v2\/posts"}],"about":[{"href":"https:\/\/www.bilten.org\/index.php?rest_route=\/wp\/v2\/types\/post"}],"author":[{"embeddable":true,"href":"https:\/\/www.bilten.org\/index.php?rest_route=\/wp\/v2\/users\/5"}],"replies":[{"embeddable":true,"href":"https:\/\/www.bilten.org\/index.php?rest_route=%2Fwp%2Fv2%2Fcomments&post=45113"}],"version-history":[{"count":3,"href":"https:\/\/www.bilten.org\/index.php?rest_route=\/wp\/v2\/posts\/45113\/revisions"}],"predecessor-version":[{"id":45118,"href":"https:\/\/www.bilten.org\/index.php?rest_route=\/wp\/v2\/posts\/45113\/revisions\/45118"}],"wp:featuredmedia":[{"embeddable":true,"href":"https:\/\/www.bilten.org\/index.php?rest_route=\/wp\/v2\/media\/45117"}],"wp:attachment":[{"href":"https:\/\/www.bilten.org\/index.php?rest_route=%2Fwp%2Fv2%2Fmedia&parent=45113"}],"wp:term":[{"taxonomy":"category","embeddable":true,"href":"https:\/\/www.bilten.org\/index.php?rest_route=%2Fwp%2Fv2%2Fcategories&post=45113"},{"taxonomy":"post_tag","embeddable":true,"href":"https:\/\/www.bilten.org\/index.php?rest_route=%2Fwp%2Fv2%2Ftags&post=45113"},{"taxonomy":"theme","embeddable":true,"href":"https:\/\/www.bilten.org\/index.php?rest_route=%2Fwp%2Fv2%2Ftheme&post=45113"},{"taxonomy":"country","embeddable":true,"href":"https:\/\/www.bilten.org\/index.php?rest_route=%2Fwp%2Fv2%2Fcountry&post=45113"},{"taxonomy":"articleformat","embeddable":true,"href":"https:\/\/www.bilten.org\/index.php?rest_route=%2Fwp%2Fv2%2Farticleformat&post=45113"},{"taxonomy":"author","embeddable":true,"href":"https:\/\/www.bilten.org\/index.php?rest_route=%2Fwp%2Fv2%2Fcoauthors&post=45113"}],"curies":[{"name":"wp","href":"https:\/\/api.w.org\/{rel}","templated":true}]}}