{"id":44991,"date":"2023-06-15T10:43:13","date_gmt":"2023-06-15T09:43:13","guid":{"rendered":"https:\/\/www.bilten.org\/?p=44991"},"modified":"2023-06-16T08:20:56","modified_gmt":"2023-06-16T07:20:56","slug":"zasto-smo-zaboravili-lokdaune","status":"publish","type":"post","link":"https:\/\/www.bilten.org\/?p=44991","title":{"rendered":"Za\u0161to smo zaboravili lokdaune?"},"content":{"rendered":"\n<p>Bez obzira na osobne afinitete kad je rije\u010d o procjenjivanju povijesne vrijednosti vlastitih iskustava, zajedni\u010dko iskustvo pandemije i lokdauna svima je pru\u017eilo osje\u0107aj sudjelovanja u historijskom doga\u0111aju. I neovisno o politi\u010dkim \u010ditanjima poteza vlada diljem svijeta rijetko tko je dovodio u pitanje prijelomnost trenutka. I svi smo pro\u010ditali stotine \u010dlanaka koji su poru\u010divali da svijet nakon svega ne\u0107e vi\u0161e biti isti. I nije. Problemi s lancima opskrbe i krhkost ekonomskog modela zasnovanog na just-in-time proizvodnji potaknuli su, paralelno s drugim impulsima poput rata u Ukrajini, zaboravljene rasprave o reindustrijalizaciji i sna\u017enijoj ulozi dr\u017eave u upravljanju ekonomijom.<\/p>\n\n\n\n<p>No, na razini svakodnevne svijesti, dojam je da se pandemija nije ni dogodila. Medijski osvrti, osim onih sazdanih od naknadne pameti koji tvrde da su lokdauni bili nepotrebni, sustavno izostaju. Te\u0161ko je primijetiti i u svakodnevnim razgovorima da se tema pandemije pote\u017ee kao faktor koji je zauvijek promijenio na\u0161e \u017eivote. Uglavnom se tretira kao svojevrsna nametnuta pauza nakon koje se \u017eivot samo nastavio. A oplakivanje milijuna onih koji nisu imali tu sre\u0107u da im se \u017eivot nastavi rezervirano je za intimnu sferu o\u017ealo\u0161\u0107enih. Javnih komemoracija u bilo kojem obliku nema. Za\u0161to je tome tako? Za\u0161to smo kolektivno taj period samo &#8220;nadvladali&#8221;?<\/p>\n\n\n\n<p>Istra\u017eivanje koje Financial Times <a rel=\"noreferrer noopener\" href=\"https:\/\/www.ft.com\/content\/be70b24e-8ca0-4681-a23b-0c59c69a2616\" target=\"_blank\">napravio<\/a> u suradnji s Prolificom, kompanijom za istra\u017eivanje tr\u017ei\u0161ta, pokazuje da se ljudi vrlo mutno sje\u0107aju perioda provedenom u lokdaunu. Njihova sje\u0107anja sli\u010de na sje\u0107anja ljudi koji su odslu\u017eivali zatvorske kazne: monotonija naprosto o\u0161te\u0107uje na\u0161e kapacitete da bilje\u017eimo distinktivne momente putem kojih organiziramo sje\u0107anje. Mi na\u0161a sje\u0107anja moramo usidriti u va\u017enim momentima koji rade razliku unutar pro\u017eivljenog iskustva jer u suprotnom gubimo osje\u0107aj protoka vremena. U monotonom periodu u kojem neprestano ponavljamo iste stvari u istom okru\u017eenju \u2013 a to je bio u\u010dinak lokdauna \u2013 sve pro\u017eivljeno se naprosto pro\u017eima i izostaju okosnice naracije o pro\u017eivljenom.<\/p>\n\n\n\n<p>Dodatni faktor, smatraju autori istra\u017eivanja, u zaboravljanju perioda lokdauna jesu stres i op\u0107enito lo\u0161a raspolo\u017eenja. Osje\u0107aj anksioznosti pridonosi te\u017eem pam\u0107enju, a psiholo\u0161ki stres utje\u010de na to kako percipiramo doga\u0111aje i protok vremena. Tre\u0107i, a mo\u017eda i najva\u017eniji faktor je izostanak uvjeta za &#8220;probe&#8221;. Naime, psiholozi nas u\u010de da su probe, stalno prepri\u010davanje pri\u010da sebi i drugima, na\u010din na koji gradimo sje\u0107anja. Lokdauni su u prili\u010dnoj mjeri oslabili na\u0161u motivaciju za probama. S obzirom na to da je iskustvo bilo svima zajedni\u010dko zna\u010dajno opada potreba za prepri\u010davanjem vlastitog iskustva. A u odsustvu proba ja\u010da i na\u0161a kolektivna amnezija. U takvom kontekstu ne \u010dudi da sje\u0107anje na pandemiju i lokdaune isparava. I mo\u017eemo razlo\u017eno pretpostaviti da \u0107e im uloga u kolektivnoj svijesti biti minorna. Politi\u010dka lekcija koja se mo\u017ee izvu\u0107i iz toga glasi: zajedni\u010dko iskustvo ne mo\u017ee postati zajedni\u010dko pam\u0107enje ako smo ga pro\u017eivjeli izolirano.<\/p>\n","protected":false},"excerpt":{"rendered":"<p>Bez obzira na osobne afinitete kad je rije\u010d o procjenjivanju povijesne vrijednosti vlastitih iskustava, zajedni\u010dko iskustvo pandemije i lokdauna svima je pru\u017eilo osje\u0107aj sudjelovanja u historijskom doga\u0111aju. I neovisno o politi\u010dkim \u010ditanjima poteza vlada diljem svijeta rijetko tko je dovodio u pitanje prijelomnost trenutka. I svi smo pro\u010ditali stotine \u010dlanaka koji su poru\u010divali da svijet [&hellip;]<\/p>\n","protected":false},"author":5,"featured_media":44994,"comment_status":"closed","ping_status":"closed","sticky":false,"template":"","format":"standard","meta":{"footnotes":""},"categories":[454],"tags":[884],"theme":[458],"country":[459],"articleformat":[205],"coauthors":[90],"class_list":["post-44991","post","type-post","status-publish","format-standard","has-post-thumbnail","hentry","category-naslovnica","tag-pandemija","theme-drustvo","country-svijet","articleformat-vijest"],"_links":{"self":[{"href":"https:\/\/www.bilten.org\/index.php?rest_route=\/wp\/v2\/posts\/44991","targetHints":{"allow":["GET"]}}],"collection":[{"href":"https:\/\/www.bilten.org\/index.php?rest_route=\/wp\/v2\/posts"}],"about":[{"href":"https:\/\/www.bilten.org\/index.php?rest_route=\/wp\/v2\/types\/post"}],"author":[{"embeddable":true,"href":"https:\/\/www.bilten.org\/index.php?rest_route=\/wp\/v2\/users\/5"}],"replies":[{"embeddable":true,"href":"https:\/\/www.bilten.org\/index.php?rest_route=%2Fwp%2Fv2%2Fcomments&post=44991"}],"version-history":[{"count":2,"href":"https:\/\/www.bilten.org\/index.php?rest_route=\/wp\/v2\/posts\/44991\/revisions"}],"predecessor-version":[{"id":44993,"href":"https:\/\/www.bilten.org\/index.php?rest_route=\/wp\/v2\/posts\/44991\/revisions\/44993"}],"wp:featuredmedia":[{"embeddable":true,"href":"https:\/\/www.bilten.org\/index.php?rest_route=\/wp\/v2\/media\/44994"}],"wp:attachment":[{"href":"https:\/\/www.bilten.org\/index.php?rest_route=%2Fwp%2Fv2%2Fmedia&parent=44991"}],"wp:term":[{"taxonomy":"category","embeddable":true,"href":"https:\/\/www.bilten.org\/index.php?rest_route=%2Fwp%2Fv2%2Fcategories&post=44991"},{"taxonomy":"post_tag","embeddable":true,"href":"https:\/\/www.bilten.org\/index.php?rest_route=%2Fwp%2Fv2%2Ftags&post=44991"},{"taxonomy":"theme","embeddable":true,"href":"https:\/\/www.bilten.org\/index.php?rest_route=%2Fwp%2Fv2%2Ftheme&post=44991"},{"taxonomy":"country","embeddable":true,"href":"https:\/\/www.bilten.org\/index.php?rest_route=%2Fwp%2Fv2%2Fcountry&post=44991"},{"taxonomy":"articleformat","embeddable":true,"href":"https:\/\/www.bilten.org\/index.php?rest_route=%2Fwp%2Fv2%2Farticleformat&post=44991"},{"taxonomy":"author","embeddable":true,"href":"https:\/\/www.bilten.org\/index.php?rest_route=%2Fwp%2Fv2%2Fcoauthors&post=44991"}],"curies":[{"name":"wp","href":"https:\/\/api.w.org\/{rel}","templated":true}]}}