{"id":44877,"date":"2023-06-01T08:53:06","date_gmt":"2023-06-01T07:53:06","guid":{"rendered":"https:\/\/www.bilten.org\/?p=44877"},"modified":"2023-06-02T01:36:06","modified_gmt":"2023-06-02T00:36:06","slug":"na-kontramitinge-i-kosovo","status":"publish","type":"post","link":"https:\/\/www.bilten.org\/?p=44877","title":{"rendered":"Na (kontra)mitinge i Kosovo"},"content":{"rendered":"\n<p>Kontramiting, odlazak Vu\u010di\u0107a sa mesta predsednika SNS-a i nova kriza na Kosovu obele\u017eili su proteklu nedelju u Srbiji. \u0160ta Vu\u010di\u0107 poku\u0161ava formiranjem Narodnog pokreta, \u0161ta donosi nova kriza na Kosovu i kakva je perspekitva opozicionih protesta?<\/p>\n\n\n\n<p>&#8220;Najve\u0107i skup u istoriji&#8221; odnosno kontramiting u organizaciji SNS-a sigurno ne\u0107e ostati upam\u0107en kao va\u017ean istorijski skup \u2013 ni po broju u\u010desnika, ni po porukama politi\u010dara. Iako je vladaju\u0107a stranka upregla ozbiljnu koli\u010dinu resursa, dobar deo autobusa koji su do\u0161li u Beograd nije bio ispunjen do poslednjeg mesta, a mnogi putnici su dolazak u glavni grad iskoristili za \u0161etnju i izlet umesto da prisustvuju mitingu.<\/p>\n\n\n\n<p>Vu\u010di\u0107evo obra\u0107anje do\u0161lo je na kraju i bilo je izuzetno kratko. Dok je stigao na red da govori, dobar deo ljudi je zbog vremenskih neprilika ve\u0107 napustio centar grada. Okupljena masa nije bila preterano raspolo\u017eena, a u par navrata su aplauzi i skandiranja pu\u0161tani sa razglasa. Vu\u0107i\u0107 je, o\u010dekivano, na po\u010detku pozvao na jedinstvo. Ostatak govora se mo\u017ee opisati kao red uvreda na ra\u010dun opozicije, pa red poziva na dijalog sa istim tim ljudima koje je u prethodnoj re\u010denici izvre\u0111ao. Sli\u010dan narativ se mogao zapaziti i u specijalnoj emisiji na Pinku koja je u\u017eivo pratila miting. Ni vlasti ni njima bliski mediji vi\u0161e ne spore da se na opozicionim skupovima okuplja veliki broj ljudi, ali sada je teza da navodno ve\u0107ina okupljenih nije svesna da mitinge organizuje opozicija. Uz to, svi pozivaju na otpo\u010dinjanje dijaloga kako bi se re\u0161ila kriza.<\/p>\n\n\n\n<p>Od va\u017enih informacija, Vu\u010di\u0107 je istakao da se povla\u010di sa mesta predsednika SNS-a, a sutradan je za tre\u0107eg predsednika SNS-a, nakon Tomislava Nikoli\u0107a i Aleksandra Vu\u010di\u0107a, izabran Milo\u0161 Vu\u010devi\u0107, biv\u0161i gradona\u010delnik Novog Sada i aktuelni ministar odbrane. Vu\u010devi\u0107 je blizak prijatelj i saradnik Andreja Vu\u010di\u0107a, pa je zaklju\u010dak dela javnosti da je su\u0161tinski Vu\u010di\u0107 poverio upravljanje SNS-om svome bratu. Najavljeno je i kona\u010dno formiranje Narodnog pokreta.<\/p>\n\n\n\n<p>Pre Vu\u010di\u0107a, za govornicom su se smenjivali &#8220;obi\u010dni ljudi&#8221; koji su iz li\u010dnog iskustva ilustrovali sve &#8220;uspehe&#8221; re\u017eima, te politi\u010dari i visoki zvani\u010dnici iz zemlje i regiona. Govorili su Milan Kne\u017eevi\u0107 iz DNP-a, stranke koja je deo Vu\u010di\u0107u bliskom Demokratskom frontu iz Crne Gore i Milorad Dodik, predsednik Republike Srpske. Kne\u017eevi\u0107ev govor je bio daleko vatreniji, a provukao je i verovatno istinitu tezu da je aktuelni re\u017eim u Srbiji najvi\u0161e do sada pomogao partije srpskih nacionalista u&nbsp;<a rel=\"noreferrer noopener\" href=\"https:\/\/www.bilten.org\/?p=44532\" target=\"_blank\">Crnoj Gori<\/a>.<\/p>\n\n\n\n<p>Dodik je svoj govor odradio po slu\u017ebenoj du\u017enosti. Uz standardne pozive na jedinstvo Srba i blagonaklonost prema Rusiji, bio daleko manje inspirativan, \u0161to je i o\u010dekivano jer su odnosi sa Vu\u010di\u0107em&nbsp;<a rel=\"noreferrer noopener\" href=\"https:\/\/www.bilten.org\/?p=44779\" target=\"_blank\">zahladneli<\/a>. Tu je bio i lider SPS-a Ivica Da\u010di\u0107, ali i ministar spoljnih poslova Ma\u0111arske koji je istakao da je i Srbija, kao i Ma\u0111arska pod napadima &#8220;me\u0111unarodnog liberalnog mejnstrima&#8221; zbog \u017eelje da o\u010duvaju svoju suverenost.<\/p>\n\n\n\n<h2 class=\"wp-block-heading\">Kosovo, ponovo<\/h2>\n\n\n\n<p>Kada smo kod suverenosti, tog dana je Albin Kurti nastavio sa akcijama kojima poku\u0161ava da Kosovo u\u010dini suverenom dr\u017eavom i zaokru\u017ei njenu nezavisnost. Na zgrade op\u0161tina na severu Kosova sa srpskom ve\u0107inom poslao je jake policijske snage koje bi trebalo da obezbede da novi gradona\u010delnici albanske nacionalnosti preuzmu zgrade lokalnih samouprava. Krajem aprila su odr\u017eani lokalni izbori u \u010detiri severne op\u0161tine koje je srpska zajednica bojkotovala. U proseku, izlaznost je bila oko tri odsto, a nakon izbora novi gradona\u010dalnici nisu preuzimali funkcije o\u010dekuju\u0107i reakciju ve\u0107inskog stanovni\u0161tva i potencijalne sukobe. Ipak, Vu\u010di\u0107 je u petak doveo veliki broj Srba sa severa Kosova na kotramiting, \u0161to je Kurti iskoristio za preuzimanje zgrada op\u0161tina. Ulazak u op\u0161tine propra\u0107en je suzavcima, \u0161ok bombama i poku\u0161ajem blokade zgrade, ali je otpor malobrojnog stanovni\u0161tva koji je ostao na severu ubrzo slomljen. Umesto zastava Srbije, po prvi put su na zgradama lokalnih samuoprava na severu zastave Kosova.<\/p>\n\n\n\n<p>Dva su tuma\u010denja ovog doga\u0111aja. Prema jednoj verziji, re\u010d je o (pre\u0107utnom) dogovoru izme\u0111u Kurtija i Vu\u010di\u0107a, da se postizborni problem re\u0161i tako \u0161to bi se ve\u0107i deo stanovni\u0161tva koji bi blokirao preuzimanje op\u0161tina prevezao u Beograd na dan mitinga. U prilog toj tezi ide i \u010dinjenica da je SNS iznajmio veliki broj autobusa od kosovskih Albanaca, \u0161to je bio jasan signal Kurtiju da \u0107e imati lak\u0161i posao.<\/p>\n\n\n\n<p>Prema drugoj tezi, Vu\u010di\u0107 je toliko pogubio konce, pa usled tragedija i velikih mitinga koje je opozicija organizovala pravi pani\u010dne poteze i gre\u0161ke. Ne razmi\u0161ljaju\u0107i o eventualnim posledicama i uz \u017eelju da skup bude \u0161to masovniji, povukao je veliki broj ljudi u Beograd i izgubio jo\u0161 jednu politi\u010dku bitku na Kosovu. A to je ono \u0161to malo koji politi\u010dar iz Srbije \u017eeli.<\/p>\n\n\n\n<p>Ovde je va\u017eno imati na umu i poruke me\u0111unarodne zajednice. Iako su istakli da su izbori odr\u017eani u skladu sa zakonima i ustavnim okvirom Kosova, te da \u017eale zbog bojkota, naveli su i da se ovaj proces ne mo\u017ee smatrati uobi\u010dajenim. Dr\u017eavni sekretar SAD-a Entoni Blinken&nbsp;<a href=\"https:\/\/twitter.com\/SecBlinken\/status\/1662140360821227520\" target=\"_blank\" rel=\"noreferrer noopener\">o\u0161tro je osudio<\/a>&nbsp;Kurtijeve nasilne akcije i pozvao na dijalog, dok je&nbsp;<a href=\"https:\/\/n1info.rs\/vesti\/ambasador-hil-pristina-ce-snositi-posledice-jer-nije-poslusala-savete-sad\/?fbclid=IwAR1-nR2VS9NRJ9FWiG-oV1CntmLvacR1LJyqI22MCUJEBckbbiSLaZRMf7U\" target=\"_blank\" rel=\"noreferrer noopener\">ambasador Hil<\/a>&nbsp;istako da \u0107e Pri\u0161tina snositi posledice zbog svojih poteza. Ovo je jo\u0161 jedna ilustracija da zapadne dr\u017eave ne gledaju blagonaklono na Kurtijeve maksimalisti\u010dke zahteve i da su imale mnogo bolju saradnju sa njegovim prethodnicima. Situacija u kojoj politi\u010dari bliski Kurtiju upravljaju lokalnim samoupravama sa srpskom ve\u0107inom nije odr\u017eiva i verovatno \u0107e ovo pitanje biti predmet narednih pregovora.<\/p>\n\n\n\n<p>Va\u017ean momenat predstavlja i zahla\u0111enje odnosa izme\u0111u&nbsp;<a href=\"https:\/\/nova.rs\/vesti\/politika\/srbi-s-kosova-izvizdali-rakica-iz-srpske-liste-odveli-ste-ljude-u-beograd-znali-ste-da-ce-albanci-da-upadnu-video\/\" target=\"_blank\" rel=\"noreferrer noopener\">naroda sa severa i Srpske liste<\/a>. Srpska lista je produ\u017eena ruka SNS-a na severu, bliska je kriminalnim krugovima uz \u010diju pomo\u0107 zavodi red na teritoriji severno od Ibra. Ovoga puta su predstavinici Srpske liste izvi\u017edani \u2013 upravo zbog toga jer se smatra da je Vu\u010di\u0107 dovo\u0111enjem ljudi u Beograd omogu\u0107io preuzimanje op\u0161tina. Politi\u010dki pluralizam na severu je prethodnih godina uspe\u0161no suzbijan upravo od SNS-a i Srpske liste, kako bi ova organizacija \u0161to efikasnije mogla da sprovodi naloge iz Beograda.<\/p>\n\n\n\n<h2 class=\"wp-block-heading\">Narodni pokret<\/h2>\n\n\n\n<p>Kada je re\u010d o formiranju Narodnog pokreta <sup><a href=\"#footnote_1_44877\" id=\"identifier_1_44877\" class=\"footnote-link footnote-identifier-link\" title=\"I dalje nije jasno kako \u0107e se ta\u010dno zvati ovaj pokret. Za sada se spekuli&scaron;e o imenima kao &scaron;to su Narodni pokret za dr\u017eavu, Pokret za narod i dr\u017eavu i Narodni pokret.\">1<\/a><\/sup>&nbsp;nekoliko je nedoumica. Najavljeno je da \u0107e osnivanje simboli\u010dki biti odr\u017eano na Vidovdan. Nije je jasno ko \u0107e sve \u010diniti ovaj pokret i \u0161ta \u0107e se desiti sa ve\u0107 postoje\u0107im strankama i organizacijama. Sigurno da je re\u010d o poku\u0161aju rebrendiranja SNS-a koji \u0107e u novi pokret poku\u0161ati da privu\u010de \u0161to vi\u0161e poznatih li\u010dnosti.&nbsp; O\u010dekuje se i formalno privla\u010denje aktera razli\u010ditih politi\u010dkih usmerenja koji su trenutno u satelitskim odnosima sa vladaju\u0107om strankom. Nejasno je i \u0161ta \u0107e se ta\u010dno desiti sa najve\u0107im koalicionim partnerom SNS-a, Socijalisti\u010dkom partijom Srbije. SPS i dalje ima zna\u010dajnu izbornu bazu na nivou Srbije i malo je verovatno da \u0107e \u010dlanstvo i simpatizeri olako prihvatiti gubitak identiteta \u2013 posebno oni koji su tu ve\u0107 du\u017ee vreme i kojima je podr\u0161ka ovoj stranci neka vrsta porodi\u010dne tradicije.<\/p>\n\n\n\n<p>Jo\u0161 bi ve\u0107 problem predstavljalo ukoliko bi SNS ispostavio zahtev da svi iz Narodnog pokreta budu na jednoj izbornoj listi. Ovo bi su\u0161tinski predstavljalo ga\u0161enje\/utapanje SPS-a u SNS. Iskustva SNS-a i sada ve\u0107 nepostoje\u0107eg SPAS-a, gradona\u010delnika Beograda Aleksandra \u0160api\u0107a, pokazuju da je \u010dlanstvu partija koje se utapaju u SNS ipak stalo do svojih partija i da ve\u0107inom ne\u0107e biti odu\u0161evljeni ga\u0161enjem svoje stranke. SPS-u i SNS-u se takti\u010dki vi\u0161e isplati da se kandiduju na odvojeno, zbog \u010dega su do sada uvek izlazili na razli\u010ditim listama. No, Vu\u010di\u0107 trenutno ne vu\u010de poteze kojima maksmizuje svoju korist.<\/p>\n\n\n\n<p>\u0160tavi\u0161e, deluje da njegovi potezi prevashodno motivi\u0161u opoziciono nastrojeno gra\u0111anstvo da protestuje svake nedelje. Ostaje da se vidi i \u0161ta je naredni korak opozicije. Deluje da jo\u0161 jedna mirna \u0161etnja po centru Beograda nije re\u0161enje.<\/p>\n<ol class=\"footnotes\"><li id=\"footnote_1_44877\" class=\"footnote\">I dalje nije jasno kako \u0107e se ta\u010dno zvati ovaj pokret. Za sada se spekuli\u0161e o imenima kao \u0161to su Narodni pokret za dr\u017eavu, Pokret za narod i dr\u017eavu i Narodni pokret.<span class=\"footnote-back-link-wrapper\">[<a href=\"#identifier_1_44877\" class=\"footnote-link footnote-back-link\">&#8617;<\/a>]<\/span><\/li><\/ol>","protected":false},"excerpt":{"rendered":"<p>Kontramiting, odlazak Vu\u010di\u0107a sa mesta predsednika SNS-a i nova kriza na Kosovu obele\u017eili su proteklu nedelju u Srbiji. \u0160ta Vu\u010di\u0107 poku\u0161ava formiranjem Narodnog pokreta, \u0161ta donosi nova kriza na Kosovu i kakva je perspekitva opozicionih protesta? &#8220;Najve\u0107i skup u istoriji&#8221; odnosno kontramiting u organizaciji SNS-a sigurno ne\u0107e ostati upam\u0107en kao va\u017ean istorijski skup \u2013 ni [&hellip;]<\/p>\n","protected":false},"author":5,"featured_media":44879,"comment_status":"closed","ping_status":"closed","sticky":false,"template":"","format":"standard","meta":{"footnotes":""},"categories":[454],"tags":[1782,33],"theme":[456],"country":[11],"articleformat":[450],"coauthors":[971],"class_list":["post-44877","post","type-post","status-publish","format-standard","has-post-thumbnail","hentry","category-naslovnica","tag-masovno-ubojstvo","tag-protest","theme-politika","country-srbija","articleformat-tema"],"_links":{"self":[{"href":"https:\/\/www.bilten.org\/index.php?rest_route=\/wp\/v2\/posts\/44877","targetHints":{"allow":["GET"]}}],"collection":[{"href":"https:\/\/www.bilten.org\/index.php?rest_route=\/wp\/v2\/posts"}],"about":[{"href":"https:\/\/www.bilten.org\/index.php?rest_route=\/wp\/v2\/types\/post"}],"author":[{"embeddable":true,"href":"https:\/\/www.bilten.org\/index.php?rest_route=\/wp\/v2\/users\/5"}],"replies":[{"embeddable":true,"href":"https:\/\/www.bilten.org\/index.php?rest_route=%2Fwp%2Fv2%2Fcomments&post=44877"}],"version-history":[{"count":2,"href":"https:\/\/www.bilten.org\/index.php?rest_route=\/wp\/v2\/posts\/44877\/revisions"}],"predecessor-version":[{"id":44880,"href":"https:\/\/www.bilten.org\/index.php?rest_route=\/wp\/v2\/posts\/44877\/revisions\/44880"}],"wp:featuredmedia":[{"embeddable":true,"href":"https:\/\/www.bilten.org\/index.php?rest_route=\/wp\/v2\/media\/44879"}],"wp:attachment":[{"href":"https:\/\/www.bilten.org\/index.php?rest_route=%2Fwp%2Fv2%2Fmedia&parent=44877"}],"wp:term":[{"taxonomy":"category","embeddable":true,"href":"https:\/\/www.bilten.org\/index.php?rest_route=%2Fwp%2Fv2%2Fcategories&post=44877"},{"taxonomy":"post_tag","embeddable":true,"href":"https:\/\/www.bilten.org\/index.php?rest_route=%2Fwp%2Fv2%2Ftags&post=44877"},{"taxonomy":"theme","embeddable":true,"href":"https:\/\/www.bilten.org\/index.php?rest_route=%2Fwp%2Fv2%2Ftheme&post=44877"},{"taxonomy":"country","embeddable":true,"href":"https:\/\/www.bilten.org\/index.php?rest_route=%2Fwp%2Fv2%2Fcountry&post=44877"},{"taxonomy":"articleformat","embeddable":true,"href":"https:\/\/www.bilten.org\/index.php?rest_route=%2Fwp%2Fv2%2Farticleformat&post=44877"},{"taxonomy":"author","embeddable":true,"href":"https:\/\/www.bilten.org\/index.php?rest_route=%2Fwp%2Fv2%2Fcoauthors&post=44877"}],"curies":[{"name":"wp","href":"https:\/\/api.w.org\/{rel}","templated":true}]}}