{"id":44316,"date":"2023-03-20T09:01:59","date_gmt":"2023-03-20T08:01:59","guid":{"rendered":"https:\/\/www.bilten.org\/?p=44316"},"modified":"2023-03-21T09:57:53","modified_gmt":"2023-03-21T08:57:53","slug":"pokret-za-status-quo","status":"publish","type":"post","link":"https:\/\/www.bilten.org\/?p=44316","title":{"rendered":"Pokret za status quo"},"content":{"rendered":"\n<p>Iako je osnivanje famoznog &#8220;narodnog pokreta&#8221; koje je najavio Aleksandar Vu\u010di\u0107 i dalje obilje\u017eeno brojnim nepoznanicama, jedna stvar je jasna: njegov cilj je da sve ostane isto. I to tako da se raspr\u0161i politi\u010dki odgovornost, disciplinira politi\u010dka scena i formira ideja &#8220;racionalnog&#8221; politi\u010dkog pona\u0161anja.<\/p>\n\n\n\n<p>Predsednik Srbije, Aleksandar Vu\u010di\u0107 po\u010detkom marta meseca najavio je stvaranje novog politi\u010dkog subjekta u Srbiji kome je za sada radno ime &#8220;Narodni pokret za dr\u017eavu&#8221;<em> <\/em>(postoje jo\u0161 dve varijacije imena: &#8220;Narodni pokret za Srbiju&#8221; i &#8220;Narodni pokret za odbranu Srbije&#8221;). Sa obzirom na to da je Vu\u010di\u0107 istovremeno predsednik dr\u017eave i stranke koja je uspela da stvori monopol u strana\u010dkom i parlamentarnom \u017eivotu u Srbiji, kao i da ovlada svim dr\u017eavnim institucijama, ova najava pokrenula je niz naga\u0111anja o tome \u0161ta bi mogla da bude krajnja posledica stvaranja novog politi\u010dkog subjekta iz samog vrha dr\u017eavnog aparata i najmo\u0107nije politi\u010dke stranke.<\/p>\n\n\n\n<p>Umorna i nema\u0161tovita, aktuelna politi\u010dka i medijska scena uhvatila se za ovu temu kao najaktuelniju usred prete\u0107e globalne krize sistema. Ipak, uprkos \u010dinjenici da je postala jedna od vesti dana, jo\u0161 uvek oko ove inicijative postoje nejasno\u0107e, a upravo te nejasno\u0107e raspaljuju ma\u0161tu i daju prostora za spekulacije \u0161ta je zapravo krajnja ideja sa stvaranjem takvog pokreta i \u0161ta on sve mo\u017ee da zna\u010di. Iz inicijalnog Vu\u010di\u0107evog obra\u0107anja, kao osnovni motiv izdvaja se potreba da se animiraju &#8220;svi pametni ljudi&#8221; koji bi se okupili oko zvani\u010dne kosovske i politike neuvo\u0111enja sankcija Rusiji, a sve povodom, kako je re\u010deno &#8220;zato \u0161to smo pritisnuti spolja&#8221;.<\/p>\n\n\n\n<h2 class=\"wp-block-heading\"><strong>Pokret protiv kataklizme<\/strong><\/h2>\n\n\n\n<p>Ako pogledamo \u0161ta je sadr\u017eaj poruka koje Vu\u010di\u0107 i drugi javni zagovornici ideje, jedini pouzdran zaklju\u010dak koji mo\u017ee da se donese jeste da nam se sprema serija kataklizmi\u010dnih doga\u0111aja koje \u0107e na neki na\u010din preduprediti politi\u010dko jedinstvo oko vladaju\u0107e stranke. Pored toga \u0161to je to osnovna ideja svake vlasti u klasnom dru\u0161tvu \u2013 da interese vladaju\u0107e klase ili grupe predstavi kao op\u0161te interese, to je ina\u010de jedna od osnovnih tehnika koju Vu\u010di\u0107eva politika dosledno sprovodi; mo\u017eda najupe\u010datljiviji primer je formiranje koalicione vlade sa SPS-om \u010dak i u trenutku kada su na izborima ostvarili najubedljiviju ve\u0107inu u istoriji srpskog parlamentarizma. Dve partije sa najve\u0107om ve\u0107inom zbog bojkota dela opozicije delile su odgovornost u periodu u kome se ni\u0161ta drasti\u010dno nije dogodilo.<\/p>\n\n\n\n<p>Tada, kao \u0161to je po svoj prilici i sada, osnovna ideja bila da se ako ne stvori, a ono ostavi utisak o politi\u010dkom konsenzusu, zbog predube\u0111enja da konsenzus, ili ne\u0161to sli\u010dno njemu, oja\u010dava me\u0111unarodnu poziciju Srbije. Kriti\u010dari vlasti u ovome vide kukavi\u010dluk i \u017eelju da se odgovornost razvodni \u0161to je vi\u0161e mogu\u0107e. U tom smislu, sa slo\u017eenom me\u0111unarodnom situacijom povodom rata u Ukrajini i povodom neprestanih tenzija po kosovskom pitanju, delegiranje odgovornosti i pravljenje konsenzusa na nivou &#8220;svih pametnih ljudi&#8221; deluje kao takti\u010dki manevar i za spoljnu i za unutra\u0161nju upotrebu.<\/p>\n\n\n\n<h2 class=\"wp-block-heading\"><strong>Kratki istorijat<\/strong><\/h2>\n\n\n\n<p>Prve najave o stvaranju &#8220;nadstrana\u010dkog&#8221; pokreta koji bi trebalo da okupi ne\u0161to \u0161to se samodefini\u0161e kao &#8220;dr\u017eavotvorna snaga&#8221; pojavile su se u septembru mesecu 2022. godine. Nedovoljno razra\u0111ena, pomalo nejasna, ova najava je ubrzo pala u senku aktuelnijih vesti, da bi po\u010detkom ovog meseca vaskrsla u jednom od Vu\u010di\u0107evih medijskih obra\u0107anja, a od protivnika je bila do\u017eivljena kao nedovoljno ozbiljan poku\u0161aj rebrendiranja stranke.<\/p>\n\n\n\n<p>Iako ne\u0161to detaljnija, i ovoga puta je ideja ostavljena sa delimi\u010dnom aurom tajne, jer se o\u010digledno ra\u010duna na efekat koji dobro dresirana, tra\u010devima sklona politi\u010dka \u010dar\u0161ija dopunjava svojim teorijama. Istina je da kada se zaista pogledaju sve informacije koje postoje, onda je ime pokreta sasvim dovoljno da sumira sve ono \u0161to se o njemu do sada zna: dr\u017eavotvornost, sabornost, odbrana, narod. Dakle, jo\u0161 jedan nacionalisti\u010dki pokret sa uobi\u010dajenim programom \u2013 narod je tu da brani dr\u017eavu.<\/p>\n\n\n\n<p>Sve ostalo je jo\u0161 uvek nejasno. Pravo formiranje pokreta je neodre\u0111eno najavljeno za maj ili juni mesec. Prva promotivna aktivnost je tako\u0111e ostala nedore\u010dena: skup u Vranju i poseta jugu Srbije unapred je vi\u0111ena kao prvi skup novonajavljenog pokreta. Me\u0111utim, po njegovom zavr\u0161etku ostalo je nejasno da li se to dogodilo, ili je re\u010d o jo\u0161 jednoj medijskoj ofanzivi vlasti u kojoj Vu\u010di\u0107 ide naokolo i obe\u0107ava re\u0161avanje svih problema u osvit Tre\u0107eg svetskog rata. Turneja se nastavila u Sremu, a o &#8220;pokretu&#8221; nije bilo mnogo re\u010di. Po\u0161to su o\u010dekivanja medija i javnosti izneverena po pitanju promocije &#8220;dr\u017eavotvornog pokreta&#8221;, poseta Vranju je naknadno imenovana kao &#8220;turneja&#8221; razgovora \u010diji je cilj valjda da predsednik u li\u010dnom kontaktu sa gra\u0111anima razradi dalje ideje za budu\u0107e delovanje.<\/p>\n\n\n\n<p>Me\u0111utim, u gradovima Srbije pojavili su se plakati \u010diji su autori zvani\u010dno nepoznati, a oko kojih postoje \u0161pekulacije da su prvo delo tog dr\u017eavotvornog pokreta. Na jednom od njih prikazani su likovi lidera krajnje nacionalisti\u010dke desnice \u2013 Milo\u0161a Jovanovi\u0107a iz<em> <\/em>Nove demokratske stranke Srbije, Bo\u0161ka Obradovi\u0107a iz Dveri i Milice \u0110ur\u0111evi\u0107 Stamenkovski iz Zavetnika sa tradicionalnim belim kapama kosovskih Albanaca ispred kojih je lik Aljbina Kurtija. Drugi plakat posve\u0107en je posebno Milo\u0161u Jovanovi\u0107u, na njoj mu je foto\u0161opirana veretka po\u0161to su tabloidi objavili da ovaj narodni poslanik i branitelj Kosova ima i francusko dr\u017eavljanstvo. Pored plakata ostavljane su poruke: &#8220;Milica la\u017eljivica&#8221;<em> <\/em>i<em> <\/em>&#8220;Milo\u0161&#8221;<em> <\/em>Francuz. Sve u svemu, do sada najve\u0107i najavljeni nacionalni politi\u010dki projekat svodi se na maglovite najave i nepotvr\u0111eno autorstvo nad lo\u0161im i nema\u0161tovitim plakatima.<\/p>\n\n\n\n<h2 class=\"wp-block-heading\"><strong>Kuda nas to vodi?<\/strong><\/h2>\n\n\n\n<p>Ako je suditi po prvim delima koja mu se pripisuju, taj svenacionalni pokret o\u010dito te\u017ei disciplinovanju politi\u010dke scene. Sa obzirom na to da su se prvi na udaru na\u0161li ultradesni\u010dari koji su skloni tome da svaki potez koji im se ne svi\u0111a po kosovskom pitanju progla\u0161avaju izdajom, mo\u017ee da se zaklju\u010di kako je najakutniji taj problem. Upravo zato se na lidere stranaka koje naj\u010de\u0161\u0107e govore o Kosovu zastupaju\u0107i stalnu liniju zao\u0161travanja ukazuje kao na licemere, \u0161to ina\u010de i jesu, jer su se naro\u010dito Jovanovi\u0107 iz NDSS i Milica &#8220;Zavetnica&#8221; istakli kooperativnom retorikom punom divljenja za Vu\u010di\u0107evu politiku kada su nakon poslednjih izbora zavr\u0161ili u parlamentu, neki ka\u017eu upravo zahvaljuju\u0107i podr\u0161ci vladaju\u0107e stranke.<\/p>\n\n\n\n<p>Kosovo je, me\u0111utim, druga pri\u010da: krajnja desnica u Srbiji kao svoj razlog postojanja vidi upravo bavljenje kosovskim pitanjem koje je, sa obzirom na objektivnu nemogu\u0107nost da se u praksi bilo \u0161ta promeni, postalo jedno op\u0161te mesto za bildovanje nacional-\u0161ovinizma. Upravo ta \u010dinjenica predstavlja problem nosiocu najve\u0107e vlasti, iako je on tokom svoje \u010ditave politi\u010dke karijere bio jedan od tih koji su na tom mestu iskazivali svoju militantnost i nacionalisti\u010dku ispravnost. Logikom politi\u010dkih procesa, sada mu ba\u0161 to smeta. Zato on poku\u0161ava da budu\u0107i pokret profili\u0161e kao &#8220;put normalnosti i racionalnosti&#8221; uz naznaku da je to &#8220;jedini put&#8221;.<\/p>\n\n\n\n<p>Za sada je jasno da, ma koliko &#8220;nadstrana\u010dki&#8221; taj pokret bio, on ne\u0107e biti otvoren za likove sa plakata. Ali, ko je, bar za sada, tu i ko bi mogao da bude kada on bude formiran? Osim minijaturnih stranaka-prilepaka koje su zaka\u010dene za vladaju\u0107e naprednjake ili tako\u0111e vladaju\u0107e SPS-ovce od kojih se o\u010dekuje da u njemu u\u010destvuju i dobiju neku ulogu, svi ostali koji se, makar i formalno nalaze van vlasti su, bar za sada, odbili ideju da se priklju\u010de. Za sada se samo Aleksandar Vulin izjasnio o nedvosmislenoj podr\u0161ci stvaranju novog pokreta, ali to ionako spada u njegovu uobi\u010dajenu ulogu sluge pokornog spremnog da ujede koga treba na dati znak.<\/p>\n\n\n\n<h2 class=\"wp-block-heading\"><strong>Samo disciplinovano i poslu\u0161no<\/strong><\/h2>\n\n\n\n<p>Pored tolikih nepoznanica u vezi sa su\u0161tinom delovanja za sada najavljenog novog politi\u010dkog pokreta, nesumnjivo je da on treba da obezbedi disciplinovanje politi\u010dkih subjekata, ne samo u vezi sa nare\u010denim pritiscima koje dolaze iz zapadnih zemalja, nego i dugoro\u010dnije gledano. O\u010dito da je do\u0161lo vreme da se politi\u010dki akteri postroje po kriterijumu &#8220;dr\u017eavotvornosti&#8221;, \u0161to kao i kod svih drugih slu\u010dajeva deifikacijedr\u017eave nesumnjivo smrdi na fa\u0161isti\u010dke ideje.<\/p>\n\n\n\n<p>Postoje mi\u0161ljenja da je stvaranje novog pokreta poku\u0161aj da se preko afirmacije nove politi\u010dke forme Vu\u010di\u0107 zapravo odri\u010de dosada\u0161nje stranke, ali ta mi\u0161ljenja dolaze iz krugova &#8220;dobro upu\u0107ene&#8221; politi\u010dke \u010dar\u0161ije koja se do sada nije proslavila po ostvarivanju prognoza. Ideja o rebrendiranju nije ni nova niti je za odbacivanje, ali ipak treba imati svest o limitima takvog poteza. Vu\u010di\u0107 ne\u0107e mo\u0107i da promeni prezime, kao ni Vulin niti bilo ko drugi iz te nomenklature, niti se uop\u0161te mo\u017ee uo\u010diti razlika izme\u0111u pozicije budu\u0107eg pokreta i pozicije sada\u0161nje SNS.<\/p>\n\n\n\n<p>Taj proces zadire dublje od trenutnog disciplinovanja desnice koja je uostalom nesumnjivo povezana sa vlastima i svim mogu\u0107im strukturama bezbednosnih snaga \u2013 i ide dotle da se svaki poku\u0161aj normalizacije odnosa u bilo kom od zamrznutih konfilikata, a naro\u010dito kosovskom mo\u017ee da bude ocenjeno kao nedr\u017eavotvorno pona\u0161anje, ta\u010dnije rad protiv iste na bilo kom nivou. Ukratko, iako nejasnih oblika, ovaj pokret ima svoje dugoro\u010dne i kratkoro\u010dne ciljeve, usmerene ka me\u0111unarodnoj i unutra\u0161njoj javnosti. Kada pogledamo sve \u0161to o njemu sada znamo jeste da je osnovna ideja da se ne menja ni\u0161ta.<\/p>\n\n\n\n<p>Sa obzirom na odnos snaga, po kosovskom pitanju osnovna ideja je da stanje ostane \u0161to je otvorenije mogu\u0107e. Uprkos retorici, niko ne gaji iluzije da je Srbija u mogu\u0107nosti da bilo \u0161ta promeni na Kosovu, pa makar imala stopostotni konsenzus, kao \u0161to ga nema uprkos politi\u010dkim i medijskim pritiscima. Tako\u0111e i po pitanju sankcija Rusiji. Su\u0161tina je u tome, da u idealnom slu\u010daju ovaj pokret \u017eeli da se izbori da stvari ostanu ovakve kakve su. Sa obzirom na slo\u017eene okolnosti i \u010dinjenicu da je manevarski prostor znatno smanjen, realniji cilj je da usred potresa koji se o\u010dekuju ne bude razlog za unutra\u0161nje turbulencije.<\/p>\n\n\n\n<p>Za to vreme, u senci dr\u017eavotvornih tema, radnice i radnici nastavljaju da umiru na svojim radnim mestima, pripadnici mla\u0111ih generacija nastavljaju da koriste svaku priliku da emigriraju, broj ubijenih \u017eena u partnerskom nasilju probija neslavne rekorde, ali izgleda da to nisu dr\u017eavotvorne brige.<\/p>\n","protected":false},"excerpt":{"rendered":"<p>Iako je osnivanje famoznog &#8220;narodnog pokreta&#8221; koje je najavio Aleksandar Vu\u010di\u0107 i dalje obilje\u017eeno brojnim nepoznanicama, jedna stvar je jasna: njegov cilj je da sve ostane isto. I to tako da se raspr\u0161i politi\u010dki odgovornost, disciplinira politi\u010dka scena i formira ideja &#8220;racionalnog&#8221; politi\u010dkog pona\u0161anja. Predsednik Srbije, Aleksandar Vu\u010di\u0107 po\u010detkom marta meseca najavio je stvaranje novog [&hellip;]<\/p>\n","protected":false},"author":5,"featured_media":44319,"comment_status":"closed","ping_status":"closed","sticky":false,"template":"","format":"standard","meta":{"footnotes":""},"categories":[454],"tags":[463,469],"theme":[456],"country":[11],"articleformat":[450],"coauthors":[117],"class_list":["post-44316","post","type-post","status-publish","format-standard","has-post-thumbnail","hentry","category-naslovnica","tag-aleksandar-vucic","tag-srbija","theme-politika","country-srbija","articleformat-tema"],"_links":{"self":[{"href":"https:\/\/www.bilten.org\/index.php?rest_route=\/wp\/v2\/posts\/44316","targetHints":{"allow":["GET"]}}],"collection":[{"href":"https:\/\/www.bilten.org\/index.php?rest_route=\/wp\/v2\/posts"}],"about":[{"href":"https:\/\/www.bilten.org\/index.php?rest_route=\/wp\/v2\/types\/post"}],"author":[{"embeddable":true,"href":"https:\/\/www.bilten.org\/index.php?rest_route=\/wp\/v2\/users\/5"}],"replies":[{"embeddable":true,"href":"https:\/\/www.bilten.org\/index.php?rest_route=%2Fwp%2Fv2%2Fcomments&post=44316"}],"version-history":[{"count":2,"href":"https:\/\/www.bilten.org\/index.php?rest_route=\/wp\/v2\/posts\/44316\/revisions"}],"predecessor-version":[{"id":44318,"href":"https:\/\/www.bilten.org\/index.php?rest_route=\/wp\/v2\/posts\/44316\/revisions\/44318"}],"wp:featuredmedia":[{"embeddable":true,"href":"https:\/\/www.bilten.org\/index.php?rest_route=\/wp\/v2\/media\/44319"}],"wp:attachment":[{"href":"https:\/\/www.bilten.org\/index.php?rest_route=%2Fwp%2Fv2%2Fmedia&parent=44316"}],"wp:term":[{"taxonomy":"category","embeddable":true,"href":"https:\/\/www.bilten.org\/index.php?rest_route=%2Fwp%2Fv2%2Fcategories&post=44316"},{"taxonomy":"post_tag","embeddable":true,"href":"https:\/\/www.bilten.org\/index.php?rest_route=%2Fwp%2Fv2%2Ftags&post=44316"},{"taxonomy":"theme","embeddable":true,"href":"https:\/\/www.bilten.org\/index.php?rest_route=%2Fwp%2Fv2%2Ftheme&post=44316"},{"taxonomy":"country","embeddable":true,"href":"https:\/\/www.bilten.org\/index.php?rest_route=%2Fwp%2Fv2%2Fcountry&post=44316"},{"taxonomy":"articleformat","embeddable":true,"href":"https:\/\/www.bilten.org\/index.php?rest_route=%2Fwp%2Fv2%2Farticleformat&post=44316"},{"taxonomy":"author","embeddable":true,"href":"https:\/\/www.bilten.org\/index.php?rest_route=%2Fwp%2Fv2%2Fcoauthors&post=44316"}],"curies":[{"name":"wp","href":"https:\/\/api.w.org\/{rel}","templated":true}]}}