{"id":44205,"date":"2023-03-06T13:04:32","date_gmt":"2023-03-06T12:04:32","guid":{"rendered":"https:\/\/www.bilten.org\/?p=44205"},"modified":"2023-03-07T11:32:21","modified_gmt":"2023-03-07T10:32:21","slug":"radnicka-klasa-rano-odlazi-u-raj","status":"publish","type":"post","link":"https:\/\/www.bilten.org\/?p=44205","title":{"rendered":"Radni\u010dka klasa rano odlazi u raj"},"content":{"rendered":"\n<p>O negativnim posljedicama prostorne ili takozvane socijalne distance dosad se govorilo puno vi\u0161e nego o vremenskoj distanci izme\u0111u bogatih i siroma\u0161nih u pandemiji. Kako pi\u0161e Marco d&#8217;Eramo u komentaru brojnih novijih <a rel=\"noreferrer noopener\" href=\"https:\/\/jamanetwork.com\/journals\/jama\/fullarticle\/2794146#:~:text=001)%20years%20per%20percentile%20in%202021.,and%2015.51%20years%20in%202021.\" target=\"_blank\">istra\u017eivanja<\/a> razlika u \u017eivotnom vijeku u SAD-u, razlika u o\u010dekivanom \u017eivotnom vijeku izme\u0111u 1% najbogatijih i 1% najsiroma\u0161nijih se u posljednjih nekoliko godina pove\u0107ala zbog nejednake za\u0161ti\u0107enosti od zaraze virusom i njegovih najgorih posljedica. Godine 2019. razlika u \u017eivotnom vijeku izme\u0111u najbogatijih i najsiroma\u0161nijih iznosila je 11,52 godine, godinu dana kasnije pove\u0107ala se na 14,67 godina, a u 2021. na 15,51 godina. Jaz izme\u0111u najbogatijih i najsiroma\u0161nijih 1% iznosi ne\u0161to iznad 10 godina za \u017eene i 15 godina za mu\u0161karce. Te su razlike, usporedbe radi, iste kao i razlike u \u017eivotnom vijeku izme\u0111u cjelo\u017eivotnih pu\u0161a\u010da i nepu\u0161a\u010da, ili pak prosje\u010dne stope mortaliteta izme\u0111u SAD-a i Sudana.<\/p>\n\n\n\n<p>Iako se klasna razlika u \u017eivotnom vijeku pove\u0107ala i postala izra\u017eenija zbog pandemije, ona se progresivno pove\u0107ava ve\u0107 stolje\u0107ima i mo\u017ee se smatrati konstantom moderne civilizacije, pi\u0161e d&#8217;Eramo koji ovaj fenomen naziva biopoliti\u010dkim jazom. Dok neki podaci upu\u0107uju na to da su u predmodernom razdoblju najbogatiji \u017eivjeli kra\u0107e od svojih podanika zbog lo\u0161ih \u017eivotnih navika koje im je omogu\u0107avao luksuz, s uvo\u0111enjem kanalizacijskog sustava i teku\u0107e vode \u2013 najprije u domove bogata\u0161a \u2013 stvari su se po\u010dele mijenjati, i to nezaustavljivo. Dje\u010dji mortalitet prvo je smanjen me\u0111u bogatijim klasama, koje su tako\u0111er prve dobile pristup zdravoj prehrani i sportu\/tjelovje\u017ebi u slu\u017ebi zdravlja. Iako te stavke nisu ostale rezervirane samo za najbogatije pa se \u017eivotni vijek postepeno produ\u017eio za sve, razlika izme\u0111u najbogatijih i najsiroma\u0161nijih nije se ni u jednom trenu po\u010dela smanjivati. Dapa\u010de, s medicinskim napretkom u 20. stolje\u0107u klasni jaz se jo\u0161 vi\u0161e pro\u0161irio.<\/p>\n\n\n\n<p>&#8220;Moderna medicina \u2013 osobito kad je privatizirana i ovisna o diskriminiraju\u0107im re\u017eimima osiguranja \u2013 postala je akcelerator nejednakosti&#8221;, pi\u0161e d&#8217;Eramo. To pokazuju i podaci iz nekoliko istra\u017eivanja \u017eivotnog vijeka u SAD-u kroz 20. stolje\u0107e \u2013 izme\u0111u 1912. i 1941. godine siroma\u0161niji (donjih 50% u distribuciji prihoda) &#8220;dobili\u201d su tek oko godinu dana \u017eivota, dok su u istom periodu bogatiji dobili dodatnih \u0161est godina \u017eivota. Slika je jo\u0161 jasnija kad se dru\u0161tvo podijeli na <a rel=\"noreferrer noopener\" href=\"https:\/\/www.ncbi.nlm.nih.gov\/books\/NBK321304\/\" target=\"_blank\">pet dohodovnih klasa<\/a>: siroma\u0161niji su do\u017eivjeli neznatni rast prosje\u010dnog \u017eivotnog vijeka izme\u0111u dvije generacije (ro\u0111eni 1930. i ro\u0111eni 1960.), dok se \u017eivotni vijek najbogatijih klasa znatno produ\u017eio. U slu\u010daju najsiroma\u0161nijih 20% \u017eena iz te dvije generacije, u tom periodu \u017eivotni vijek se \u010dak skratio za \u010detiri godine, kao \u0161to se vidi na drugom grafu:. <\/p>\n\n\n<div class=\"wp-block-image\">\n<figure class=\"aligncenter size-large is-resized\"><a href=\"https:\/\/www.bilten.org\/wp-content\/uploads\/2023\/03\/Picture3.png\"><img loading=\"lazy\" decoding=\"async\" src=\"https:\/\/www.bilten.org\/wp-content\/uploads\/2023\/03\/Picture3-1024x389.png\" alt=\"\" class=\"wp-image-44210\" width=\"835\" height=\"317\" srcset=\"https:\/\/www.bilten.org\/wp-content\/uploads\/2023\/03\/Picture3-1024x389.png 1024w, https:\/\/www.bilten.org\/wp-content\/uploads\/2023\/03\/Picture3-300x114.png 300w, https:\/\/www.bilten.org\/wp-content\/uploads\/2023\/03\/Picture3-768x292.png 768w, https:\/\/www.bilten.org\/wp-content\/uploads\/2023\/03\/Picture3.png 1308w\" sizes=\"auto, (max-width: 835px) 100vw, 835px\" \/><\/a><figcaption class=\"wp-element-caption\">Graf 1: o\u010dekivana \u017eivotna dob mu\u0161karaca u dobi od 50 godina ro\u0111enih 1930. i 1960. prema prihodu podijeljenom u pet kategorija<\/figcaption><\/figure>\n<\/div>\n\n<div class=\"wp-block-image\">\n<figure class=\"aligncenter size-large is-resized\"><a href=\"https:\/\/www.bilten.org\/wp-content\/uploads\/2023\/03\/Picture4.png\"><img loading=\"lazy\" decoding=\"async\" src=\"https:\/\/www.bilten.org\/wp-content\/uploads\/2023\/03\/Picture4-1024x371.png\" alt=\"\" class=\"wp-image-44211\" width=\"892\" height=\"322\" srcset=\"https:\/\/www.bilten.org\/wp-content\/uploads\/2023\/03\/Picture4-1024x371.png 1024w, https:\/\/www.bilten.org\/wp-content\/uploads\/2023\/03\/Picture4-300x109.png 300w, https:\/\/www.bilten.org\/wp-content\/uploads\/2023\/03\/Picture4-768x278.png 768w, https:\/\/www.bilten.org\/wp-content\/uploads\/2023\/03\/Picture4.png 1317w\" sizes=\"auto, (max-width: 892px) 100vw, 892px\" \/><\/a><figcaption class=\"wp-element-caption\">Graf 2: o\u010dekivana \u017eivotna dob \u017eena u dobi od 50 godina ro\u0111enih 1930. i 1960. prema prihodu podijeljenom u pet kategorija<\/figcaption><\/figure>\n<\/div>\n\n\n<p><\/p>\n\n\n\n<p>\u010cinjenica da \u017eivotni vijek raste s pove\u0107anjem prihoda nije novost u dru\u0161tvenim znanostima, ali autori <a rel=\"noreferrer noopener\" href=\"https:\/\/jamanetwork.com\/journals\/jama\/article-abstract\/2513561\" target=\"_blank\">istra\u017eivanja<\/a> nejednakosti u \u017eivotnom vijeku u SAD-u izme\u0111u 2001. i 2014. otkrili su da ne postoji prag, odnosno razina prihoda nakon koje veza izme\u0111u pove\u0107anja prihoda i produ\u017eetka \u017eivotne dobi prestaje. Tako\u0111er, ne postoji razina prihoda ispod koje ni\u017ei prihodi prestaju biti povezani sa skra\u0107ivanjem \u017eivotnog vijeka. Drugim rije\u010dima, ne postoji nikakav amortizer koji bi barem ubla\u017eio \u010dinjenicu da \u017eivi\u0161 to du\u017ee \u0161to si bogatiji. Najo\u010digledniji, iako ne jedini, amortizer bio bi javni zdravstveni sustav: istra\u017eivanje iste teme provedeno u Francuskoj pokazalo je da se krivulja koja prikazuje vezu prihoda i \u017eivotnog vijeka nakon odre\u0111ene visine prihoda izravnava, odnosno da nema znatne razlike u \u017eivotnom vijeku izme\u0111u osoba koje zara\u0111uju 2.500 eura mjese\u010dno i onih koji zara\u0111uju vi\u0161e. Istra\u017eiva\u010di su jedino mogu\u0107e obja\u0161njenje na\u0161li u francuskom javnom zdravstvenom sustavu koji, za razliku od ameri\u010dkog, barem donekle ubla\u017eava klasne razlike. <\/p>\n\n\n\n<p>Naravno, prije dolaska u bolnicu postoji i niz drugih faktora koji odre\u0111uju zdravlje, pa onda i \u017eivotni vijek, zbog \u010dega su istra\u017eiva\u010di iz Velike Britanije razvili pojam &#8220;healthspan&#8221;, koji se odnosi na period \u017eivota proveden bez bolesti. Kada se i to uzme u obzir, pokazuje se da ne samo da siroma\u0161ni \u017eive kra\u0107e od bogatih (u slu\u010daju UK-a, oko 74 godine naspram 84 za mu\u0161karce i 79 godina naspram 86 za \u017eene), ve\u0107 siroma\u0161ni imaju 18 godina zdravog \u017eivota manje od bogatih. <\/p>\n\n\n\n<p><\/p>\n\n\n\n<p><\/p>\n","protected":false},"excerpt":{"rendered":"<p>O negativnim posljedicama prostorne ili takozvane socijalne distance dosad se govorilo puno vi\u0161e nego o vremenskoj distanci izme\u0111u bogatih i siroma\u0161nih u pandemiji. Kako pi\u0161e Marco d&#8217;Eramo u komentaru brojnih novijih istra\u017eivanja razlika u \u017eivotnom vijeku u SAD-u, razlika u o\u010dekivanom \u017eivotnom vijeku izme\u0111u 1% najbogatijih i 1% najsiroma\u0161nijih se u posljednjih nekoliko godina pove\u0107ala [&hellip;]<\/p>\n","protected":false},"author":9,"featured_media":44207,"comment_status":"closed","ping_status":"closed","sticky":false,"template":"","format":"standard","meta":{"footnotes":""},"categories":[454],"tags":[1208,443,435],"theme":[458],"country":[459],"articleformat":[205],"coauthors":[241],"class_list":["post-44205","post","type-post","status-publish","format-standard","has-post-thumbnail","hentry","category-naslovnica","tag-klasna-stratifikacija","tag-nejednakost","tag-zdravstvo","theme-drustvo","country-svijet","articleformat-vijest"],"_links":{"self":[{"href":"https:\/\/www.bilten.org\/index.php?rest_route=\/wp\/v2\/posts\/44205","targetHints":{"allow":["GET"]}}],"collection":[{"href":"https:\/\/www.bilten.org\/index.php?rest_route=\/wp\/v2\/posts"}],"about":[{"href":"https:\/\/www.bilten.org\/index.php?rest_route=\/wp\/v2\/types\/post"}],"author":[{"embeddable":true,"href":"https:\/\/www.bilten.org\/index.php?rest_route=\/wp\/v2\/users\/9"}],"replies":[{"embeddable":true,"href":"https:\/\/www.bilten.org\/index.php?rest_route=%2Fwp%2Fv2%2Fcomments&post=44205"}],"version-history":[{"count":20,"href":"https:\/\/www.bilten.org\/index.php?rest_route=\/wp\/v2\/posts\/44205\/revisions"}],"predecessor-version":[{"id":44231,"href":"https:\/\/www.bilten.org\/index.php?rest_route=\/wp\/v2\/posts\/44205\/revisions\/44231"}],"wp:featuredmedia":[{"embeddable":true,"href":"https:\/\/www.bilten.org\/index.php?rest_route=\/wp\/v2\/media\/44207"}],"wp:attachment":[{"href":"https:\/\/www.bilten.org\/index.php?rest_route=%2Fwp%2Fv2%2Fmedia&parent=44205"}],"wp:term":[{"taxonomy":"category","embeddable":true,"href":"https:\/\/www.bilten.org\/index.php?rest_route=%2Fwp%2Fv2%2Fcategories&post=44205"},{"taxonomy":"post_tag","embeddable":true,"href":"https:\/\/www.bilten.org\/index.php?rest_route=%2Fwp%2Fv2%2Ftags&post=44205"},{"taxonomy":"theme","embeddable":true,"href":"https:\/\/www.bilten.org\/index.php?rest_route=%2Fwp%2Fv2%2Ftheme&post=44205"},{"taxonomy":"country","embeddable":true,"href":"https:\/\/www.bilten.org\/index.php?rest_route=%2Fwp%2Fv2%2Fcountry&post=44205"},{"taxonomy":"articleformat","embeddable":true,"href":"https:\/\/www.bilten.org\/index.php?rest_route=%2Fwp%2Fv2%2Farticleformat&post=44205"},{"taxonomy":"author","embeddable":true,"href":"https:\/\/www.bilten.org\/index.php?rest_route=%2Fwp%2Fv2%2Fcoauthors&post=44205"}],"curies":[{"name":"wp","href":"https:\/\/api.w.org\/{rel}","templated":true}]}}