{"id":44167,"date":"2023-02-27T11:44:42","date_gmt":"2023-02-27T10:44:42","guid":{"rendered":"https:\/\/www.bilten.org\/?p=44167"},"modified":"2023-03-01T11:28:13","modified_gmt":"2023-03-01T10:28:13","slug":"meteorologija-kao-astrologija","status":"publish","type":"post","link":"https:\/\/www.bilten.org\/?p=44167","title":{"rendered":"Meteorologija kao astrologija"},"content":{"rendered":"\n<p>&#8220;Donji Lapac je najdalje dokle \u0107ete sti\u0107i&#8221; \u2013 tom je porukom pripadnicima Torcide uo\u010di ju\u010dera\u0161njeg derbija u Zagrebu krenuo brzi nacionalni uzlet meteorologa amatera Ivana \u0160oli\u0107a, poznatijeg kao Mali Vakula. Porijeklo nadimka je o\u010dito inspirirano meteorologom Zoranom Vakulom koji se proteklih desetlje\u0107a nastojao profilirati kao svojevrsni selebriti meteorolog ili barem kao meteorolog koji struku, pogotovo kad je rije\u010d o obra\u0107anju puku, \u017eeli u\u010diniti manje sterilnom. \u0160oli\u0107 je kao meteorolog amater prili\u010dno poznat u dalmatinskim okvirima: \u010dlanaka u Slobodnoj Dalmaciji u kojima se prenose njegove prognoze i procjene s Facebooka ili ga se konkretno intervjuira postoji zna\u010dajan broj, a stranicu na Facebooku prati gotovo 40.000 ljudi.<\/p>\n\n\n\n<p>Nakon poruke Torcidi koju su prvo prenijeli dalmatinski mediji, a i onda i ve\u0107ina nacionalnih ponukana klikbejt potencijalom, Mali Vakula je postao gotovo nezaobilazna referenca u pra\u0107enju snje\u017enih nevolja u Lici i Gorskom Kotaru. Njegove objave s Facebooka prenose se redovito, ali i prili\u010dno selektivno. Ve\u0107ina portala je, primjerice, prenijela njegovu \u0161alu o tome kako su zimske slu\u017ebe do\u010dekale me\u0107avu &#8220;skromno, u krugu obitelji&#8221;, ali ne i naknadnu objavu u kojoj ostavlja \u0161alu po strani i tvrdi da su nanosi snijega bili toliki da su slu\u017ebe bile prili\u010dno nemo\u0107ne i da dosta krivnje snose i voza\u010di koji se nisu obazirali na upozorenja i zabrane. Mali Vakula se, dakle, amaterski bavi meteorologijom na dru\u0161tvenim mre\u017eama, kao \u0161to se i mnogi drugi ljudi bave svojim hobijima, bilo onim manje ambicioznim bilo onim koji konkuriraju javnim slu\u017ebama i institucijama. I nema tu ni\u0161ta naro\u010dito sporno. Ono \u0161to je zanimljivo i indikativno za politi\u010dko doba u kojem \u017eivimo jest javna &#8220;potreba&#8221; za tom konkurencijom. Pa \u010dak i u meteorologiji.<\/p>\n\n\n\n<p>Nije ta &#8220;potreba&#8221; nastala slu\u010dajno. Do prije nekih dvadesetak godina, meteorolo\u0161ki je program na televiziji bio isti i uniformiran: mijenjale su se jedino granice na karti, ali nitko nije pretjerano dovodio u pitanje prognoze, pogotovo jer su se obja\u0161njavali znanstveni razlozi njihovih slabosti. Jedini &#8220;ustupak&#8221; bile su uzre\u010dice iz pu\u010dke meteorologije kakvima je u Hrvatskoj pribjegavao Milan Sijerkovi\u0107 i njima poku\u0161avao &#8220;ubla\u017eiti&#8221; u\u010denije izraze i adresirati tada jo\u0161 zna\u010dajni dio populacije koji je okusio predindustrijska vremena i predindustrijska \u010ditanja svijeta. Onda su se pojavile privatne televizije koje su odlu\u010dile meteoprognozu kao televizijski sadr\u017eaj u\u010diniti atraktivnijim. \u010cini se da je jedina opcija (izuzimaju\u0107i anga\u017eman upravo barda Sijerkovi\u0107a) bila seksisti\u010dka i da prednost u predo\u010davanju kretanja ciklona i anticiklona imaju mlade \u017eene. Zatim su se pojavile i bezbrojne mobilne aplikacije u kojima se prognoza prati u &#8220;realnom vremenu&#8221;, a i na \u0161irem dru\u0161tvenom planu se, pogotovo nakon ekonomske krize iz 2008. godine, pove\u0107ala skepsa prema javnim institucijama kao takvima i njihovom tuma\u010denju svijeta. Pridodajmo tome i skepsu prema klimatskim promjenama na desnici i postaje jasno, iako i dalje iznimno bizarno, da ljudi tra\u017ee alternativne meteorologije, i da se meteorologija tretira kao astrologija.<\/p>\n\n\n\n<p>U posljednjih se nekoliko godina \u010desto na dru\u0161tvenim mre\u017eama i u razgovorima s ljudima mo\u017ee osjetiti rastu\u0107e nepovjerenje prema vremenskim prognozama. Iako nitko ne mo\u017ee sa sigurno\u0161\u0107u re\u0107i za\u0161to bi meteorolozi lagali napa\u0107eni narod i koja bi korist stajala iza toga, kao \u0161to se u slu\u010daju nekih drugih teorija zavjere mo\u017ee barem potencijalno rekonstruirati, i kojim bi se to podacima trebali slu\u017eiti alternativni meteorolozi, oprez je uvijek prisutan, a razo\u010daranje neto\u010dnom prognozom, povezano s potvrdom ispravne slutnje, samo \u010deka da se obznani. Komercijalizacija prognoze, medijska konkurencija, svakodnevna ovisnost o vremenskim prilikama i potreba za politi\u010dkim ispu\u0161nim ventilima u velikoj mjeri obja\u0161njavaju rastu\u0107e nepovjerenje. Ne \u010dudi da u takvim okolnostima raste popularnost meteorologa amatera poput Malog Vakule koji svojom prisno\u0161\u0107u odudaraju od otu\u0111enosti javnih institucija, komercijaliziranosti privatnih kanala i anonimnosti aplikacija. Premda se radi o donekle marginalnom fenomenu, itekako oslikava prevladavaju\u0107i politi\u010dki ambijent.<\/p>\n","protected":false},"excerpt":{"rendered":"<p>&#8220;Donji Lapac je najdalje dokle \u0107ete sti\u0107i&#8221; \u2013 tom je porukom pripadnicima Torcide uo\u010di ju\u010dera\u0161njeg derbija u Zagrebu krenuo brzi nacionalni uzlet meteorologa amatera Ivana \u0160oli\u0107a, poznatijeg kao Mali Vakula. Porijeklo nadimka je o\u010dito inspirirano meteorologom Zoranom Vakulom koji se proteklih desetlje\u0107a nastojao profilirati kao svojevrsni selebriti meteorolog ili barem kao meteorolog koji struku, pogotovo [&hellip;]<\/p>\n","protected":false},"author":5,"featured_media":44169,"comment_status":"closed","ping_status":"closed","sticky":false,"template":"","format":"standard","meta":{"footnotes":""},"categories":[454],"tags":[28],"theme":[457],"country":[38],"articleformat":[205],"coauthors":[90],"class_list":["post-44167","post","type-post","status-publish","format-standard","has-post-thumbnail","hentry","category-naslovnica","tag-mediji","theme-klima","country-hrvatska","articleformat-vijest"],"_links":{"self":[{"href":"https:\/\/www.bilten.org\/index.php?rest_route=\/wp\/v2\/posts\/44167","targetHints":{"allow":["GET"]}}],"collection":[{"href":"https:\/\/www.bilten.org\/index.php?rest_route=\/wp\/v2\/posts"}],"about":[{"href":"https:\/\/www.bilten.org\/index.php?rest_route=\/wp\/v2\/types\/post"}],"author":[{"embeddable":true,"href":"https:\/\/www.bilten.org\/index.php?rest_route=\/wp\/v2\/users\/5"}],"replies":[{"embeddable":true,"href":"https:\/\/www.bilten.org\/index.php?rest_route=%2Fwp%2Fv2%2Fcomments&post=44167"}],"version-history":[{"count":4,"href":"https:\/\/www.bilten.org\/index.php?rest_route=\/wp\/v2\/posts\/44167\/revisions"}],"predecessor-version":[{"id":44173,"href":"https:\/\/www.bilten.org\/index.php?rest_route=\/wp\/v2\/posts\/44167\/revisions\/44173"}],"wp:featuredmedia":[{"embeddable":true,"href":"https:\/\/www.bilten.org\/index.php?rest_route=\/wp\/v2\/media\/44169"}],"wp:attachment":[{"href":"https:\/\/www.bilten.org\/index.php?rest_route=%2Fwp%2Fv2%2Fmedia&parent=44167"}],"wp:term":[{"taxonomy":"category","embeddable":true,"href":"https:\/\/www.bilten.org\/index.php?rest_route=%2Fwp%2Fv2%2Fcategories&post=44167"},{"taxonomy":"post_tag","embeddable":true,"href":"https:\/\/www.bilten.org\/index.php?rest_route=%2Fwp%2Fv2%2Ftags&post=44167"},{"taxonomy":"theme","embeddable":true,"href":"https:\/\/www.bilten.org\/index.php?rest_route=%2Fwp%2Fv2%2Ftheme&post=44167"},{"taxonomy":"country","embeddable":true,"href":"https:\/\/www.bilten.org\/index.php?rest_route=%2Fwp%2Fv2%2Fcountry&post=44167"},{"taxonomy":"articleformat","embeddable":true,"href":"https:\/\/www.bilten.org\/index.php?rest_route=%2Fwp%2Fv2%2Farticleformat&post=44167"},{"taxonomy":"author","embeddable":true,"href":"https:\/\/www.bilten.org\/index.php?rest_route=%2Fwp%2Fv2%2Fcoauthors&post=44167"}],"curies":[{"name":"wp","href":"https:\/\/api.w.org\/{rel}","templated":true}]}}