{"id":44134,"date":"2023-02-22T14:15:54","date_gmt":"2023-02-22T13:15:54","guid":{"rendered":"https:\/\/www.bilten.org\/?p=44134"},"modified":"2023-02-22T14:16:26","modified_gmt":"2023-02-22T13:16:26","slug":"nakon-istanbulske-konvencija-190","status":"publish","type":"post","link":"https:\/\/www.bilten.org\/?p=44134","title":{"rendered":"Nakon Istanbulske, Konvencija 190!"},"content":{"rendered":"\n<p>Nakon \u0161estogodi\u0161njeg zastoja, Vije\u0107e Europe ju\u010der je kona\u010dno zatra\u017eilo suglasnost Europskog parlamenta za sklapanje Konvencije o spre\u010davanju i borbi protiv nasilja nad \u017eenama i nasilja u obitelji (Istanbulske konvencije) u ime Europske unije, i time prokr\u010dilo put ratifikaciji konvencije na europskoj razini. Nakon \u0161to Europski parlament da svoj pristanak, Vije\u0107e \u0107e odr\u017eati kona\u010dno glasovanje u Vije\u0107u za pravosu\u0111e i unutarnje poslove u lipnju.<\/p>\n\n\n\n<p>Istanbulska konvencija Vije\u0107a Europe pokrenuta je 2011. godine i prvi je me\u0111unarodni obvezuju\u0107i instrument za borbu protiv i sprje\u010davanje nasilja nad \u017eenama, za za\u0161titu i pru\u017eanje pomo\u0107i \u017ertvama nasilja. To uklju\u010duje mjere za prikupljanje podataka, podizanje svijesti, kriminalizaciju nasilja nad \u017eenama i pru\u017eanje usluga potpore. Bavi se i dimenzijom rodno uvjetovanog nasilja u pitanjima azila i migracija. Proces ratifikacije zapo\u010deo je 2015., ali je blokiran u Vije\u0107u od 2017. \u0160est dr\u017eava \u010dlanica EU jo\u0161 nije ratificiralo konvenciju: Bugarska, \u010ce\u0161ka, Ma\u0111arska, Latvija, Litva i Slova\u010dka.<\/p>\n\n\n\n<p>Paulina Brandberg, \u0161vedska ministrica ravnopravnosti spolova i zamjenica ministra zapo\u0161ljavanja, podsjetila je na \u010dinjenicu da je svaka tre\u0107a \u017eena u EU do\u017eivjela fizi\u010dko ili seksualno nasilje, a vi\u0161e od polovice \u017eena do\u017eivjelo je seksualno uznemiravanje. Tajnica ETUC-a Isabelle Sch\u00f6mann izjavila je da je ratifikacija Istanbulske konvencije va\u017ean korak prema tome da se stane na kraj rodno uvjetovanom nasilju: \u201cUz toliko ra\u0161ireno nasilje i uznemiravanje \u017eena i djevoj\u010dica, bilo je neodgovorno od strane Vije\u0107a da je toliko godina blokiralo ratifikaciju Istanbulske konvencije. (&#8230;) Sada kada je zastoj na razini EU prekinut, \u0161est dr\u017eava \u010dlanica koje nisu ratificirale konvenciju na nacionalnoj razini moraju to hitno u\u010diniti.\u201d<\/p>\n\n\n\n<p>Europska sindikalna konfederacija (ETUC) sada <a href=\"https:\/\/www.etuc.org\/en\/pressrelease\/eu-finally-ratifies-istanbul-convention-now-protect-women-work\">poziva<\/a> Vije\u0107e da ukloni sve prepreke dr\u017eavama \u010dlanicama da ratificiraju <a href=\"https:\/\/www.bilten.org\/?p=37057\">Konvenciju 190<\/a> Me\u0111unarodne organizacije rada o uklanjanju nasilja nad \u017eenama i uznemiravanja u svijetu rada. Konvencija 190 tako\u0111er je u zastoju \u2013 europski sindikati su jo\u0161 2021. pozivali na njezinu ratifikaciju, a trebala je stupiti na snagu do kraja godine. Isabelle Sch\u00f6mann je rekla da je sada dobar trenutak da se pogura i ratifikacija te konvencije, i podsjetila na \u010dinjenicu da su obiteljsko nasilje i rad postali isprepleteni otkako se pro\u0161irio rad na daljinu (od ku\u0107e): \u201cETUC \u0107e nastaviti raditi na sna\u017enoj direktivi EU koja prepoznaje obiteljsko nasilje kao problem na radnom mjestu i prepoznaje ulogu koju sindikati imaju u pru\u017eanju podr\u0161ke \u017ertvama i pre\u017eivjelima kroz kolektivne ugovore i politike na radnom mjestu.\u201d<\/p>\n\n\n\n<p>Konvencija 190 trebala bi \u0161tititi od svih oblika nasilja i uznemiravanja u \u201csvijetu rada\u201d. Svijet rada je \u0161iroko definiran koncept koji uzima u obzir \u010dinjenicu da se rad ne odvija uvijek u prostorijama poslodavca te obuhva\u0107a i nasilje i uznemiravanje koji se doga\u0111aju na putu do i od radnog mjesta, na poslovnim putovanjima, u smje\u0161taju koji osigurava poslodavac ili putem komunikacija povezanih s poslom, uklju\u010duju\u0107i i one koje su omogu\u0107ene informacijskim i komunikacijskim tehnologijama. Konvencija tako\u0111er obvezuje vlade i poslodavce da poku\u0161aju smanjiti obiteljsko nasilje, uklju\u010duju\u0107i i situacije kada je dom radno mjesto, \u0161to je sve \u010de\u0161\u0107i slu\u010daj. Konvencija tako\u0111er zagovara mjere kao \u0161to su dopusti za \u017ertve, fleksibilni radni aran\u017emani, privremena za\u0161tita od otkaza i omogu\u0107avanje podr\u0161ke na radnom mjestu \u017ertvama obiteljskog nasilja.<\/p>\n","protected":false},"excerpt":{"rendered":"<p>Nakon \u0161estogodi\u0161njeg zastoja, Vije\u0107e Europe ju\u010der je kona\u010dno zatra\u017eilo suglasnost Europskog parlamenta za sklapanje Konvencije o spre\u010davanju i borbi protiv nasilja nad \u017eenama i nasilja u obitelji (Istanbulske konvencije) u ime Europske unije, i time prokr\u010dilo put ratifikaciji konvencije na europskoj razini. Nakon \u0161to Europski parlament da svoj pristanak, Vije\u0107e \u0107e odr\u017eati kona\u010dno glasovanje u [&hellip;]<\/p>\n","protected":false},"author":9,"featured_media":44136,"comment_status":"closed","ping_status":"closed","sticky":false,"template":"","format":"standard","meta":{"footnotes":""},"categories":[454],"tags":[1043,877,947,668],"theme":[455],"country":[495],"articleformat":[205],"coauthors":[241],"class_list":["post-44134","post","type-post","status-publish","format-standard","has-post-thumbnail","hentry","category-naslovnica","tag-istanbulska-konvencija","tag-nasilje-nad-zenama","tag-nasilje-u-obitelji","tag-radnicka-prava","theme-rad","country-europska-unija","articleformat-vijest"],"_links":{"self":[{"href":"https:\/\/www.bilten.org\/index.php?rest_route=\/wp\/v2\/posts\/44134","targetHints":{"allow":["GET"]}}],"collection":[{"href":"https:\/\/www.bilten.org\/index.php?rest_route=\/wp\/v2\/posts"}],"about":[{"href":"https:\/\/www.bilten.org\/index.php?rest_route=\/wp\/v2\/types\/post"}],"author":[{"embeddable":true,"href":"https:\/\/www.bilten.org\/index.php?rest_route=\/wp\/v2\/users\/9"}],"replies":[{"embeddable":true,"href":"https:\/\/www.bilten.org\/index.php?rest_route=%2Fwp%2Fv2%2Fcomments&post=44134"}],"version-history":[{"count":2,"href":"https:\/\/www.bilten.org\/index.php?rest_route=\/wp\/v2\/posts\/44134\/revisions"}],"predecessor-version":[{"id":44137,"href":"https:\/\/www.bilten.org\/index.php?rest_route=\/wp\/v2\/posts\/44134\/revisions\/44137"}],"wp:featuredmedia":[{"embeddable":true,"href":"https:\/\/www.bilten.org\/index.php?rest_route=\/wp\/v2\/media\/44136"}],"wp:attachment":[{"href":"https:\/\/www.bilten.org\/index.php?rest_route=%2Fwp%2Fv2%2Fmedia&parent=44134"}],"wp:term":[{"taxonomy":"category","embeddable":true,"href":"https:\/\/www.bilten.org\/index.php?rest_route=%2Fwp%2Fv2%2Fcategories&post=44134"},{"taxonomy":"post_tag","embeddable":true,"href":"https:\/\/www.bilten.org\/index.php?rest_route=%2Fwp%2Fv2%2Ftags&post=44134"},{"taxonomy":"theme","embeddable":true,"href":"https:\/\/www.bilten.org\/index.php?rest_route=%2Fwp%2Fv2%2Ftheme&post=44134"},{"taxonomy":"country","embeddable":true,"href":"https:\/\/www.bilten.org\/index.php?rest_route=%2Fwp%2Fv2%2Fcountry&post=44134"},{"taxonomy":"articleformat","embeddable":true,"href":"https:\/\/www.bilten.org\/index.php?rest_route=%2Fwp%2Fv2%2Farticleformat&post=44134"},{"taxonomy":"author","embeddable":true,"href":"https:\/\/www.bilten.org\/index.php?rest_route=%2Fwp%2Fv2%2Fcoauthors&post=44134"}],"curies":[{"name":"wp","href":"https:\/\/api.w.org\/{rel}","templated":true}]}}