{"id":44128,"date":"2023-02-22T10:47:51","date_gmt":"2023-02-22T09:47:51","guid":{"rendered":"https:\/\/www.bilten.org\/?p=44128"},"modified":"2023-02-23T10:18:50","modified_gmt":"2023-02-23T09:18:50","slug":"plenkovic-iz-privatnog-sektora","status":"publish","type":"post","link":"https:\/\/www.bilten.org\/?p=44128","title":{"rendered":"Plenkovi\u0107 iz privatnog sektora"},"content":{"rendered":"\n<p>Ako se u i\u0161ta mo\u017eemo pouzdati kad je rije\u010d o politi\u010dkoj sceni (jugo)isto\u010dne Europe u posljednjih dvadesetak godina onda su to nove varijante iste politi\u010dko-moralne ideje. Radi se o stalnoj ponudi novih stranaka koje uglavnom vode nova lica i \u010diji se program mo\u017ee svesti na anti-korupcijski. Pod tim se podrazumijeva obra\u010dun sa sto\u017eernim strankama koje su &#8220;zarobile&#8221; dr\u017eavni aparat i javni sektor te klijentelizmom kao metodom selektivne socijalne politike. Od pozitivnih elemenata programa, pored popravljanja procedura i pravosudnog sustava, mo\u017ee se istaknuti jedino zazivanje &#8220;pravog&#8221; slobodnog tr\u017ei\u0161ta i meritokracije.<\/p>\n\n\n\n<p>Bolje profilirane stranke, ovisno o politi\u010dkoj povijesti pojedine zemlje i odnosu snaga, mogu ra\u010dunati na zna\u010dajne izborne rezultate koji im ponekad, kao na primjer u Sloveniji, mogu donijeti i mandat za sastavljanje vlade. Iako im se retorika uglavnom zasniva na onoj &#8220;otvaranja ekonomije&#8221; iz devedesetih koju su promovirali civilni i politi\u010dki predstavnici kapitala sa zapada kako bi se rije\u0161ili lokalnih elita i nacionalnih bur\u017eoazija iz profitabilnih sektora ekonomije, adresati su im ni\u017ee klase: od sitnih poduzetnika koje &#8220;gu\u0161i&#8221; birokracija preko obrazovanih kadrova koji ne mogu dobiti poslove u javnom sektoru jer ne posjeduju strana\u010dke iskaznice do onih dijelova radni\u010dke klase koji nisu zahva\u0107eni klijentelisti\u010dkom mre\u017eom i pro\u017eivljavaju svakodnevne frustracije kad su u pitanju nefunkcionalne socijalne usluge.<\/p>\n\n\n\n<p>Kasnije putanje tih stranaka nerijetko, uslijed manjka pozitivnog sadr\u017eaja, vode u jasnije desno profiliranje ili u povijesni zaborav. U Hrvatskoj je najzna\u010dajniji primjer ishodi\u0161no anti-korupcijskih stranaka bio Most, a trenutno va\u017eniju ulogu igra Centar koji obna\u0161a vlast u Splitu. Me\u0111utim, ve\u0107 neko vrijeme se kao kapitalac u toj ulozi isti\u010de Damir Van\u0111eli\u0107, biv\u0161i \u0161ef Fonda za obnovu nakon potresa i nesu\u0111eni HDZ-ov kandidat za gradona\u010delnik Zagreba, medijski \u010desto predstavljen kao Plenkovi\u0107 iz privatnog sektora i dostojan konkurent predsjedniku HDZ-a. Radi se o \u010dovjeku koji, kad je rije\u010d o hrvatskoj politi\u010dkoj sceni, ima savr\u0161enu biografiju: branitelj, ratni zarobljenik i uspje\u0161an menad\u017eer. Po brojnim medijskim napisima i intervjuima te osnivanjem svojevrsne proto-strana\u010dke udruge Zrin koja okuplja &#8220;neovisne stru\u010dnjake iz akademskog i poslovnog svijeta&#8221; sasvim je izvjesno da planira politi\u010dki iskorak na narednim parlamentarnim izborima.<\/p>\n\n\n\n<p>Glavno je pitanje odudara li, dakle, Van\u0111eli\u0107 od dosada\u0161njih novih lica koji su se promovirali kao predstavnici &#8220;tre\u0107eg puta&#8221;? Ovdje smo u vi\u0161e navrata u posljednjih par godina pisali o globalnoj promjeni politi\u010dke klime koja standardne spontano-tr\u017ei\u0161ne ili neoliberalne pristupe \u010dini sve manje uvjerljivima. Problemi s opskrbnim lancima tijekom pandemije, nove geopoliti\u010dke okolnosti i specifi\u010dnosti razvoja novih industrijskih sektora poput onih vezanih uz takozvanu zelenu tranziciju li\u0161ili su razli\u010dite oblike dr\u017eavnog intervencionizma i planiranja statusa politi\u010dko-ekonomskog tabua. \u010cini se, barem ako mo\u017eemo suditi po ovotjednom <a rel=\"noreferrer noopener\" href=\"https:\/\/slobodnadalmacija.hr\/premium\/damir-vandelic-otvoreno-o-svom-odnosu-i-razlazu-s-plenkovicem-planom-za-izbornu-pobjedu-ratnom-zarobljenistvu-1266387\" target=\"_blank\">intervjuu<\/a> u Slobodnoj Dalmaciji, da Van\u0111eli\u0107 nije imun na te promjene i da ih integrira u vlastite politi\u010dke ideje i zamisli. Ne radi se, dakle, vi\u0161e o slijepoj anti-korupciji koja se isklju\u010divo oslanja na nerazra\u0111enu ontolo\u0161ku prednost slobodnog tr\u017ei\u0161ta u odnosu na dr\u017eavu, birokraciju i poreze. Valja napomenuti da Van\u0111eli\u0107evi klju\u010dni konkurenti u profiliranju za predvodnika anti-korupcijske politi\u010dke opcije, prije svih stranka Centar predvo\u0111ena bra\u010dnim parom Puljak, i dalje ostaju zato\u010deni u refleksima pro\u0161log desetlje\u0107a.<\/p>\n\n\n\n<p>Tako\u0111er, te\u0161ko je Van\u0111eli\u0107u dodijeliti status tehnokratske podvale klerikalnog dijela politi\u010dkog spektra kao \u0161to se to u vi\u0161e navrata \u010dinilo. U spomenutom intervjuu je na pitanje o poba\u010daju decidirano odgovorio: &#8220;Tijelo je \u017eenino i njezina je zadnja.&#8221; Dodu\u0161e, Van\u0111eli\u0107 se ne libi gostovanja u usta\u0161kim podkastima, ali je jasno poru\u010dio i da je njemu usta\u0161ki pozdrav neprihvatljiv. No, ovdje nas vi\u0161e zanimaju politi\u010dko-ekonomske razlike u odnosu na prethodnike mu u toj ulozi i javnu predod\u017ebu o idejama koje ta uloga nosi sa sobom. Van\u0111eli\u0107eva predod\u017eba o problemima hrvatske ekonomije ne staje na pukim anti-korupcijskim vapajima. On smatra da je glavni problem u na\u0161im institucijama, a ne u globalnoj konkurenciji i podjeli rada, ali rje\u0161enje ne vidi u prostoj demonta\u017ei tih institucija i prepu\u0161tanju \u017eivota i politike tr\u017ei\u0161nim silnicama ve\u0107 u kreiranju kvalitetnih institucija. Njegov eksplicitni zagovor reindustrijalizacije zvu\u010di naivno, ali zna\u010dajno trezvenije od konkurenata. Naime, Van\u0111eli\u0107 smatra da bi Europi, a o\u010dito je smatra barem potencijalno koordiniranim politi\u010dko-ekonomskim subjektom, bilo lak\u0161e locirati svoju industriju u Hrvatskoj nego u Nizozemskoj zbog jeftinijeg zemlji\u0161ta, jeftinije obrazovane radne snage i \u2013 pazi sad \u2013 ni\u017eih poreza. Unato\u010d tome \u0161to i zajedni\u010dki europski industrijski plan i pristanak zapadnih zemalja Unije na reindustrijalizaciju ovih krajeva zvu\u010de prili\u010dno iluzorno, Van\u0111eli\u0107 je duboko usidren u najaktualnijim raspravama i za razliku od konkurenata, ekonomskih analiti\u010dara i predstavnika kapitala ne la\u017ee o visini poreznog optere\u0107enja u usporedbi s europskim zemljama.<\/p>\n\n\n\n<p>Van\u0111eli\u0107 odudara od zami\u0161ljenih predod\u017ebi o ideolo\u0161kim sklonostima novih anti-korupcijskih lica i kad je rije\u010d o socijalnoj dimenziji ekonomskih politika i jugoslavenskom naslje\u0111u i to jasno pokazuje na vlastitom primjeru. Na pitanje novinarske o svjetonazorskoj bliskosti desnom centru Van\u0111eli\u0107 isti\u010de sljede\u0107e: &#8220;Zaista ne obra\u0107am pa\u017enju na takva pitanja. Ro\u0111en sam u radni\u010dkoj obitelji na zagreba\u010dkoj Pe\u0161\u0107enici. Da dr\u017eava u to vrijeme nije stajala uz mene, da nisam imao besplatno obrazovanje i topli obrok u \u0161koli, ja danas ne bih bio tu gdje jesam. Zato sam sna\u017eno socijalno orijentiran u obrazovanju, zdravstvu, brizi za ranjive skupine, starije i socijalno ugro\u017eene.&#8221; Radi se o skiciranoj socijalnoj autobiografiji koju ne mo\u017eemo \u010duti ni od SDP-ovih kadrova, a kamoli onih desnih.<\/p>\n\n\n\n<p>Treba, naravno, sve ove izjave uzeti sa stanovitim oprezom i tek vidjeti u kojem \u0107e obliku pre\u017eivjeti u predizbornim programima i raspravama, ali te\u0161ko je razlu\u010diti kome bi se to\u010dno u ovom trenutku Van\u0111eli\u0107 njima la\u017eno predstavljao. Prema onom \u0161to smo mogli pro\u010ditati u intervjuu \u010dini se da Van\u0111eli\u0107 zna\u010dajno odudara od prethodnika i trenutnih pretendenata na ulogu predvodnika anti-korupcijske opcije i da je do\u0161lo do uvoza nekih politi\u010dkih trendova i na na\u0161oj sceni. Ako stvarno nastavi na tragu skiciranom u intervjuu i ako mu to donese izborni uspjeh, sve \u0107e se parlamentarne opcije morati na neki na\u010din odrediti prema tome.<\/p>\n","protected":false},"excerpt":{"rendered":"<p>Ako se u i\u0161ta mo\u017eemo pouzdati kad je rije\u010d o politi\u010dkoj sceni (jugo)isto\u010dne Europe u posljednjih dvadesetak godina onda su to nove varijante iste politi\u010dko-moralne ideje. Radi se o stalnoj ponudi novih stranaka koje uglavnom vode nova lica i \u010diji se program mo\u017ee svesti na anti-korupcijski. Pod tim se podrazumijeva obra\u010dun sa sto\u017eernim strankama koje [&hellip;]<\/p>\n","protected":false},"author":5,"featured_media":44131,"comment_status":"closed","ping_status":"closed","sticky":false,"template":"","format":"standard","meta":{"footnotes":""},"categories":[454],"tags":[12,127],"theme":[456],"country":[38],"articleformat":[205],"coauthors":[90],"class_list":["post-44128","post","type-post","status-publish","format-standard","has-post-thumbnail","hentry","category-naslovnica","tag-izbori","tag-korupcija","theme-politika","country-hrvatska","articleformat-vijest"],"_links":{"self":[{"href":"https:\/\/www.bilten.org\/index.php?rest_route=\/wp\/v2\/posts\/44128","targetHints":{"allow":["GET"]}}],"collection":[{"href":"https:\/\/www.bilten.org\/index.php?rest_route=\/wp\/v2\/posts"}],"about":[{"href":"https:\/\/www.bilten.org\/index.php?rest_route=\/wp\/v2\/types\/post"}],"author":[{"embeddable":true,"href":"https:\/\/www.bilten.org\/index.php?rest_route=\/wp\/v2\/users\/5"}],"replies":[{"embeddable":true,"href":"https:\/\/www.bilten.org\/index.php?rest_route=%2Fwp%2Fv2%2Fcomments&post=44128"}],"version-history":[{"count":4,"href":"https:\/\/www.bilten.org\/index.php?rest_route=\/wp\/v2\/posts\/44128\/revisions"}],"predecessor-version":[{"id":44133,"href":"https:\/\/www.bilten.org\/index.php?rest_route=\/wp\/v2\/posts\/44128\/revisions\/44133"}],"wp:featuredmedia":[{"embeddable":true,"href":"https:\/\/www.bilten.org\/index.php?rest_route=\/wp\/v2\/media\/44131"}],"wp:attachment":[{"href":"https:\/\/www.bilten.org\/index.php?rest_route=%2Fwp%2Fv2%2Fmedia&parent=44128"}],"wp:term":[{"taxonomy":"category","embeddable":true,"href":"https:\/\/www.bilten.org\/index.php?rest_route=%2Fwp%2Fv2%2Fcategories&post=44128"},{"taxonomy":"post_tag","embeddable":true,"href":"https:\/\/www.bilten.org\/index.php?rest_route=%2Fwp%2Fv2%2Ftags&post=44128"},{"taxonomy":"theme","embeddable":true,"href":"https:\/\/www.bilten.org\/index.php?rest_route=%2Fwp%2Fv2%2Ftheme&post=44128"},{"taxonomy":"country","embeddable":true,"href":"https:\/\/www.bilten.org\/index.php?rest_route=%2Fwp%2Fv2%2Fcountry&post=44128"},{"taxonomy":"articleformat","embeddable":true,"href":"https:\/\/www.bilten.org\/index.php?rest_route=%2Fwp%2Fv2%2Farticleformat&post=44128"},{"taxonomy":"author","embeddable":true,"href":"https:\/\/www.bilten.org\/index.php?rest_route=%2Fwp%2Fv2%2Fcoauthors&post=44128"}],"curies":[{"name":"wp","href":"https:\/\/api.w.org\/{rel}","templated":true}]}}