{"id":44118,"date":"2023-02-20T09:29:18","date_gmt":"2023-02-20T08:29:18","guid":{"rendered":"https:\/\/www.bilten.org\/?p=44118"},"modified":"2023-02-21T09:13:10","modified_gmt":"2023-02-21T08:13:10","slug":"cin-drugi","status":"publish","type":"post","link":"https:\/\/www.bilten.org\/?p=44118","title":{"rendered":"\u010cin drugi"},"content":{"rendered":"\n<p>U srpskoj je javnosti u posljednjih mjesec dana Kosovo ponovo postalo sredi\u0161nje politi\u010dko pitanje. Prema svemu sude\u0107i, zapadne su ambasade, pogotovo ameri\u010dka, naumile u novim geopoliti\u010dkim okolnostima \u0161to prije rije\u0161iti tzv. kosovsko pitanje. O dinamici recentnih odnosa, kriza i pregovora, stavovima u srpskoj javnosti i polo\u017eaju i taktici Aleksandra Vu\u010di\u0107a pi\u0161e Luka Petrovi\u0107.<\/p>\n\n\n\n<p>Po\u010detak februara obele\u017eila je jo\u0161 jedna posebna sednica Narodne skup\u0161tine Srbije posve\u0107ena pitanju Kosova, druga o ovoj temi otkako je formiran novi saziv parlamenta. Sednici je prethodilo objavljivanje u medijima jedne verzije tzv. <a rel=\"noreferrer noopener\" href=\"https:\/\/www.danas.rs\/vesti\/politika\/sta-pise-u-francusko-nemackom-dokumentu-o-kosovu\/\" target=\"_blank\">francusko-nema\u010dkog plana<\/a>, koji je kasnije prerastao u plan Evropske unije.<\/p>\n\n\n\n<p>Sli\u010dno kao i na <a rel=\"noreferrer noopener\" href=\"https:\/\/www.bilten.org\/?p=42947\" target=\"_blank\">prvoj posebnoj sednici<\/a>, pred parlamentom se formalno pojavio Izve\u0161taj Vlade o pregovorima sa Pri\u0161tinom, dok sam tekst plana, ono \u0161to je zapravo trebalo da bude tema, nije dostavljen ni na uvid narodnim poslanicima. Aleksandar Vu\u010di\u0107 <sup><a href=\"#footnote_1_44118\" id=\"identifier_1_44118\" class=\"footnote-link footnote-identifier-link\" title=\"Kao i u slu\u010daju prve posebne sednice o Kosovu, Izve&scaron;taj Vlade je pred Narodnom skup&scaron;tinom branio predsednik Republike. Poziv je predsedniku Republike formalno uputio predsednik Narodne skup&scaron;tine. Zbog ove proceduralne nepravilnosti reagovali su opozicioni poslanici oba puta\">1<\/a><\/sup> je prvobitno najavio da \u0107e plan dati na uvid \u0161efovima poslani\u010dkih klubova, verovatno o\u010dekuju\u0107i da \u0107e sve poslani\u010dke grupe odbiti takav na\u010din prezentacije sporazuma. Ipak, kada su pojedine poslani\u010dke grupe javno rekle da bi prisustvovale sastanku, Vu\u010di\u0107 je odustao od svoje najave.<\/p>\n\n\n\n<p>Celovit tekst plana je do danas ostao skriven od javnosti. O njegovoj sadr\u017eini se naslu\u0107uje na osnovu onoga \u0161to se pojavilo u medijima, Vu\u010di\u0107eve interpretacije sporazuma koji je video, te njegove interpretacije onoga \u0161to se pojavilo u medijima. Ukratko \u2013 samo je on imao uvid u celovit tekst, za ono \u0161to se pojavilo u medijima ne znamo u kojoj se meri podudara sa originalnim tekstom, dok se taj plan koji se pojavio u medijima, opet, prema njegovim re\u010dima, razlikuje za oko deset proceneta u odnosu na originalni tekst. Naravno, nije poznato koje odredbe teksta iz medija nisu originalne.<\/p>\n\n\n\n<p>Za ovu situaciju sigurno va\u017ei izreka da &#8220;\u0111avo je u detaljima&#8221;. Gotovo svaka re\u010d i formulacija u tekstu su va\u017eni, pa je kona\u010dan stav prema dokumentu, samo na osnovu onoga \u0161to je dostupno javnosti, dobrim delom lov u mutnom.<\/p>\n\n\n\n<h2 class=\"wp-block-heading\">Kriza pre plana<\/h2>\n\n\n\n<p>O francusko-nema\u010dkom planu se \u0161u\u0161ka ve\u0107 gotovo \u0161est meseci u srpskoj javnosti, ali sve do kraja januara, jedini izvor informacija i tuma\u010d plana bio je Aleksndar Vu\u010di\u0107. Od samog po\u010detka plan je <a rel=\"noreferrer noopener\" href=\"https:\/\/www.slobodnaevropa.org\/a\/vu%C4%8Di%C4%87-kosovo-francusko-nema%C4%8Dki-predlog\/32093614.html\" target=\"_blank\">ozna\u010dio<\/a> kao nepovoljan po Srbiju, posebno u kontekstu aktuelnih geopoliti\u010dkih de\u0161avanja <sup><a href=\"#footnote_2_44118\" id=\"identifier_2_44118\" class=\"footnote-link footnote-identifier-link\" title=\"Albin Kurti i Vjosa Osmani, ne slu\u010dajno, insistiraju na tezi na tezi da je Srbija zastupnik ruskih interesa na Balkanu te da su Srbi &ldquo;mali Rusi&rdquo;. Naravno, ovako jeftinu generalizaciju te&scaron;ko da bilo ko mo\u017ee uzimati za ozbiljno.\">2<\/a><\/sup> i rata u Ukrajini, kada je zapadnim dr\u017eavama potrebno da zatvore goru\u0107a pitanja na Balkanu. <sup><a href=\"#footnote_3_44118\" id=\"identifier_3_44118\" class=\"footnote-link footnote-identifier-link\" title=\"Jedna od teza je da bi trenutna pozicija Srbije bila zna\u010dajno druga\u010dija da je Srbija uvela sankcije Rusiji i da se svrstala uz Zapad. Te&scaron;ko je proceniti koliko je ova teza ispravna &ndash; cinici bi rekli da bi i pored eventualnih sankcija, pozicija zapadnih dr\u017eava spram pitanja Kosova bila ista. Uostalom, ve\u0107ina tih dr\u017eava je odmah priznala Kosovo 2008. po progla&scaron;enju nezavisnosti.\">3<\/a><\/sup><\/p>\n\n\n\n<p>Ipak, u kasnijim javnim nastupima Vu\u010di\u0107 se vi\u0161e bavio <a href=\"https:\/\/www.danas.rs\/vesti\/politika\/pocetak-kraja-vucicevog-balansiranja-ako-ne-prihvati-francusko-nemacki-plan-srbija-ce-biti-vidjena-kao-remetilacki-faktor-u-regionu\/\" target=\"_blank\" rel=\"noreferrer noopener\">ra\u010dunanjem<\/a> koliko bi neprihvatanje plana ekonomski ko\u0161talo Srbiju, nagove\u0161tavaju\u0107i da je \u0161teta od eventualnog povla\u010denja investicija i posrednih ekonomskih sankcija cena koju bi Srbija te\u0161ko mogla da plati. U me\u0111uvremenu, do objavljivanja jedne verzije u listu Danas, na Kosovu se de\u0161avalo nekoliko kriza koje su dodatno zao\u0161trile postoje\u0107e odnose.<\/p>\n\n\n\n<p>Prvo je do\u0161lo na red pitanja registarskih tablica. Kosovska vlada najavila mogu\u0107nost da \u0107e u jednom trenutku zapo\u010deti sa zaplenom vozila Srba sa severa \u010diji automobili nisu registrovani skladu sa kosovskim propisima, \u0161to je dovelo do napu\u0161tanja kosovskih institucija od strane politi\u010dara Srpske liste. Zatim, u decembru je uhap\u0161eno nekoliko osoba srpske nacionalnosti pod optu\u017ebom da su planirali teroristi\u010dki napad na zgradu Centralne izborne komisije (!?), da bi se situacija do krajnosti zao\u0161trila nakon etni\u010dki motivisanog nasilja, te ranjavanja dva de\u010daka na pravoslavni Bo\u017ei\u0107. U takvom kontekstu pojavila se u medijima jedna verzija plana \u2013 pitanje Kosova ponovo je postala tema broj jedan u srpskom politi\u010dkom \u017eivotu.<\/p>\n\n\n\n<p>Nije do kraja jasno odakle opoziciono nastrojenom Danasu tekst koji u objavili, ali ono \u0161to je iza\u0161lo u javnost je uzburkalo srpsku politi\u010dku scenu i dobrim delom podelilo dru\u0161tvo. Iako su svi bili svesni da ne mogu sa sigurno\u0161\u0107u tvrditi da je re\u010d zvani\u010dnom dokumentu, malo je onih koji su ostali uzdr\u017eani spram teksta.<\/p>\n\n\n\n<p>Reagovali su intelektualci svih provinijencija \u2013 jedni su izneli zahtev za <a rel=\"noreferrer noopener\" href=\"https:\/\/www.danas.rs\/vesti\/politika\/apel-javnih-licnosti-za-prihvatanje-predloga-eu-za-srbiju-i-kosovo\/?fbclid=IwAR3pWdWrATrTDZ4Gwpoo-rNI-H88-z8W5Sav9FUowcbyuqmkkciw7SYMp0k\" target=\"_blank\"><u>prihvatanjem plana<\/u><\/a> radi stabilizacije Balkana i definitivnog okretanja Srbije ka evroatlantskim integracijama. Mo\u017eemo slobodno re\u0107i da mali deo javnosti, a jo\u0161 manji broj politi\u010dkih aktera stoji na ovim pozicijama. Drugi su <a rel=\"noreferrer noopener\" href=\"https:\/\/www.danas.rs\/vesti\/politika\/sta-pise-u-proglasu-koji-su-potpisali-kostunica-kusturica-samardzic-vukadinovic\/\" target=\"_blank\">pozvali<\/a> na &#8220;odbijanje ultimatuma&#8221; zahtevaju\u0107i politiku reintegracije Kosova u ustavni i pravni poredak Srbije. Uzgred, to je otprilike i pozicija svih desni\u010darskih (ali i pojedinih &#8220;gra\u0111anskih&#8221;) parlamentarnih politi\u010dkih stranaka. Osim pukih parola, te\u0161ko je re\u0107i kako se ta\u010dno reintegracija izvodi u praksi u trenutku kada preko milion Albanaca na Kosovu ne \u017eeli da \u017eivi u Srbiji. Debata o kosovskom pitanju pro\u0161irila se na sve mogu\u0107e forume, iako niko do kraja nije siguran \u0161ta zaista u planu pi\u0161e.<\/p>\n\n\n\n<h2 class=\"wp-block-heading\">Plan?<\/h2>\n\n\n\n<p>Odreba plana, makar od onoga \u0161to se pojavilo u medijima, koje je izvazvala najvi\u0161e u bure ti\u010de se \u010clana 4 kojim je definisano da se Srbija &#8220;ne\u0107e protiviti \u010dlanstvu Kosova u bilo kojoj me\u0111unarodnoj organizaciji&#8221;. Iz navedenog sledi da bi Kosovo moglo da postane punopravna \u010dlanica Ujedinjenih nacija, te da se od Srbije zahteva da ne blokira eventualno \u010dlanstvo. Va\u017eno je ista\u0107i da to verovatno ne bi podrazumevalo me\u0111usobno priznanje. Kada smo kod me\u0111usobnog priznanja, to je maksimalisti\u010dki zahtev Kurtijeve vlade, koji malo ko u me\u0111unarodnoj zajednici uzima za ozbiljno, \u0161to je razlog zbog kojeg je i kosovska strana u po\u010detku odbila da prihvati plan.<\/p>\n\n\n\n<p>Kao \u0161to je povratak Kosova u ustavno-pravni okvir Srbije zahtev koji je te\u0161ko ostvariv u praksi, sli\u010dno va\u017ei i za me\u0111usobno priznanje. Deluje da \u0107e se re\u0161enje tra\u017eiti izme\u0111u ove dve krajnosti. Zato je plan upore\u0111en sa ve\u0107 predlo\u017eenim I\u0161ingerovim planom iz 2007. godine kojim je predvi\u0111en model &#8220;dve Nema\u010dke&#8221; <sup><a href=\"#footnote_4_44118\" id=\"identifier_4_44118\" class=\"footnote-link footnote-identifier-link\" title=\"Iako Isto\u010dna i Zapadna Nema\u010dka nikada zvani\u010dno nisu priznale jedna drugu, obe dr\u017eave su bile punopravne \u010dlanice Ujedinjenih nacija.\">4<\/a><\/sup> \u2013 bez me\u0111usobnog priznanje obe &#8220;strane&#8221;, kako stoji u tekstu, bi nesmetano bile deo svih me\u0111unarodnih organizacija, uklju\u010duju\u0107i i Ujedinjene nacije.<\/p>\n\n\n\n<p>Ono \u0161to je razo\u010daralo deo &#8220;proevropske&#8221; javnosti u Srbiji je \u010dinjenica da nije ponu\u0111ena adekvatna nadoknada za punopravno \u010dlanstvo Kosova u Ujedinjenim nacijama. Ukratko, prema svim prilikama, Srbija ne bira izme\u0111u o\u010duvanja Kosova i \u010dlanstva u Evropskoj uniji. Ovde nije re\u010d o tome da li \u0107e Srbija ostati zaglavljena u pro\u0161losti ili \u0107e se okrenuti budu\u0107nosti. Iako je ova (la\u017ena) dilema obojila politi\u010dki \u017eivot Srbije u proteklih dvadesetak godina <sup><a href=\"#footnote_5_44118\" id=\"identifier_5_44118\" class=\"footnote-link footnote-identifier-link\" title=\"Naravno, najuspe&scaron;niji su bili oni akteri koji su obe\u0107avali oba &ndash; i Kosovo i Evropu. Na primer, to je bila politika Demokratske stranka za vreme Borisa Tadi\u0107a. Na takvoj poziciji je i Srpska napredna stranka od svog osnivanja. Stranke koje su dilemu re&scaron;avale u korist nekog od dva re&scaron;enja su zauzimale krajnji pol partijskog spektra, bilo da je re\u010d o &ldquo;gra\u0111anskim&rdquo; ili nacionalisti\u010dkim opcijama. Centar je popunjavala opcija koja se zalagala za oba &ldquo;nacionalna interesa&rdquo;.\">5<\/a><\/sup> je prilika da se od Srbije zahteva da ne blokira \u010dlanstvo Kosova u Ujedinjenim nacijama, bez da zauzvrat postane \u010dlan Evropske unije u bliskoj budu\u0107nosti.<\/p>\n\n\n\n<p>Druga tema koja interesuje javnost u Srbiji, ali i sve one aktere koji ne misle da je reintergracija Kosova ustavni okvir Srbije ostvariva u praksi, jeste pitanje polo\u017eaja srpske ve\u0107ine na severu Kosova, te pitanje statusa srpskih enklava i kulturne ba\u0161tine ju\u017eno od reke Ibar. Briselskim sporazumom iz 2013. godine predvi\u0111eno je formiranje Zajednice srpskih op\u0161tina (ZSO), koja bi trebalo da Srbima sa severa garantuje odre\u0111eni stepen autonomije, zavisno od konkretnih re\u0161enja budu\u0107eg Statuta ZSO. Do danas, ZSO nije formirana, iako su Srbi po\u010deli da u\u010destvuju u politi\u010dkim i pravnim institucijama Kosova, ukinuv\u0161i tzv. paralelne institucije na severu. Tekstom koji se pojavio u javnosti nije eksplicitno spomenuta ZSO, tako da se i to pitanje za sada ostavlja nere\u0161enim. Zvani\u010dni stav aktuelne kosovske vlade je da je garantovanje autonomije na etni\u010dkom principu nesaglasno sa kosovskim ustavom. Ipak, deluje da su u ovom trenutku zapadne ambasade, pre svega <a href=\"https:\/\/www.euronews.rs\/srbija\/politika\/77431\/ocekuje-se-jos-jedan-sastanak-u-ambasadi-sad-u-pristini-povodom-formiranja-zso\/vest\" target=\"_blank\" rel=\"noreferrer noopener\">ameri\u010dka<\/a>, re\u0161ene da zapo\u010dnu proces formiranja ZSO i da su prihvatanje i implementacija plana blisko vezani za pitanje autonomije Srba sa severa.<\/p>\n\n\n\n<h2 class=\"wp-block-heading\">Od izbora do izbora<\/h2>\n\n\n\n<p>Skup\u0161tinsko zasedanje obele\u017eio je poku\u0161aj <a href=\"https:\/\/www.youtube.com\/watch?v=eAIe0jT_0PY&amp;ab_channel=FACEHDTV\" target=\"_blank\" rel=\"noreferrer noopener\">tu\u010de<\/a> izme\u0111u poslanika desni\u010darskih stranaka i SNS-a, tokom kojeg je Vu\u010di\u0107 sa govornice komentarisao politi\u010dku pro\u0161lost svojih protivnika. Malo je bilo supstantivnih rasprava, \u0161to je i o\u010dekivano jer nikome nije bio poznat ceo tekst plana. Zanimljivo je da je Vu\u010di\u0107 svoje izlaganje zapo\u010deo prepri\u010davanjem dijaloga Atinjana i Meljana za vreme Peloponeskog rata. Metafori\u010dki, Srbi su u ovoj pri\u010di Meljani koji se nalaze pred dilemom da li da prihvate volju mo\u0107nijih i ja\u010dih ili ostanu na verni principima po cenu sopstvene propasti. Mo\u017ee se naslutiti da je Vu\u010di\u0107eva poruka da bi u ovoj situaciju ipak trebalo izbe\u0107i sudbinu Meljana.<\/p>\n\n\n\n<p>Nakon toga, izlo\u017eio je svoj <a href=\"https:\/\/www.danas.rs\/vesti\/politika\/aleksandar-vucic-skupstina-srbije-francusko-nemacki-plan-deset-tacaka-vucicev-plan\/\" target=\"_blank\" rel=\"noreferrer noopener\">plan<\/a>, koji se odnosi na o\u010duvanje mira i stabilnosti, insistiranju na pregovorima i daljem ekonomskom rastu. Kao i na prvoj posebnoj sednici, vreme za izlaganje poslani\u010dkih grupa bilo je ograni\u010deno, dok je Vu\u010di\u0107 mogao da govori koliko je \u017eeleo. Desni\u010darska opozicija je ponovo zahtevala odbacivanje bilo kakvog predloga koji ne garantuje o\u010duvanje Kosova u sastavu Srbije.<\/p>\n\n\n\n<p>Kada je re\u010d o &#8220;proevropskoj opoziciji&#8221; <sup><a href=\"#footnote_6_44118\" id=\"identifier_6_44118\" class=\"footnote-link footnote-identifier-link\" title=\"Pod ovim nazivom se u Srbiji obi\u010dno ubrajaju sve &ldquo;gra\u0111anske&rdquo;, socijaldemokratske i zeleno-leve parlamentarne opcije.\">6<\/a><\/sup> , pozicije su razli\u010dite. Ponovo se postavilo pitanje taktike delovanja, te da li je i koliko potrebno podr\u017eati eventualni zaokret ka Evropskoj uniji. Stranka slobode i pravde se me\u0111u prvima oglasila povodom plana istakav\u0161i da &#8220;<a rel=\"noreferrer noopener\" href=\"https:\/\/rtv.rs\/sr_lat\/politika\/orlic-posledice-su-hocemo-li-da-imamo-buducnost;-djilas-evropski-put-srbije-ne-sme-biti-ugrozen_1412224.html\" target=\"_blank\">evropski put ne sme biti ugro\u017een<\/a>&#8220;. Utisak je da je bilo najmanje verbalnih sukoba izme\u0111u Vu\u010di\u0107a i poslanika iz ove stranke iz &#8220;proevropske opozicije&#8221; tokom rasprave u parlamentu, \u0161to je ponovo ra\u0161irilo kuloarske pri\u010de o mogu\u0107oj budu\u0107oj saradnji ove dve opcije. Neboj\u0161a Zelenovi\u0107 iz stranke Zajedno je tako\u0111e bio bli\u017ei ideji da bi ipak trebalo napraviti <a href=\"https:\/\/www.danas.rs\/vesti\/politika\/predstavnici-proevropske-opozicije-za-danas-o-prijemu-kosova-u-un-ds-i-ndb-bez-konkretnog-odgovora-nebojsa-zelenovic-donekle-otvoreniji\/\" target=\"_blank\" rel=\"noreferrer noopener\">odlu\u010dniji korak ka prihvatanju re\u0161enja<\/a> i jasnijem politi\u010dkom svrstavanja u zapadni blok. Zeleno-levi klub je zahtevao transparentnost pregovora uz jasno isticanje da <a href=\"https:\/\/www.danas.rs\/vesti\/politika\/djordjevic-ne-davimo-beograd-u-instuticionalnom-smislu-ne-mozemo-da-odbijemo-poziv-vucica\/\" target=\"_blank\" rel=\"noreferrer noopener\">nema saradnje sa re\u017eimom<\/a> po bilo kojem pitanju, te da deo problema le\u017ei i u me\u0111unarodnoj zajednici koja pristaje na tajne pregovore sa re\u017eimom.<\/p>\n\n\n\n<p>Me\u0111utim, par dana nakon odr\u017eavanja skup\u0161tinske sednice, Kurti je <a href=\"https:\/\/nova.rs\/vesti\/politika\/kurti-prihvatili-smo-francusko-nemacki-predlog-za-kosovo\/\" target=\"_blank\" rel=\"noreferrer noopener\">javno prihvatio plan<\/a>. To je Vu\u010di\u0107a stavilo u nezgodnu poziciju, zato \u0161to je on ostao jedina strana u pregovorima koja se nije jasno izjasnila o predlogu. A kada se na\u0111e u tako nezgodnoj situaciji, najlak\u0161i odgovor je pretnja novim izborima \u0161to bi zna\u010dilo dalje odlaganje postizanja dogovora.<\/p>\n\n\n\n<p>Koalicioni partner SPS je optu\u017een da nije dovoljno agilno branio predsednika tokom skup\u0161tinskog zasedanja, pa je od strane nekoliko visokih funkcionera SNS-a <a rel=\"noreferrer noopener\" href=\"https:\/\/www.tanjug.rs\/srbija\/politika\/13883\/darko-glisic-o-sps-stavljena-tacka-neka-svako-nosi-svoj-krst\/vest\" target=\"_blank\">zatra\u017eeno<\/a> raspisivanje novih izbora. Izgleda da ovoga puta Vu\u010di\u0107 ne sme da se odlu\u010di na takav manevar jer u ovom trenutku deluje da su zapadne dr\u017eave odlu\u010dne da se ceo proces privedu kraju. Ostaje da se vidi koliko \u0107e institirati na brzom prihvatanju plana \u2013 ve\u0107 <a rel=\"noreferrer noopener\" href=\"https:\/\/www.rts.rs\/page\/stories\/sr\/story\/9\/politika\/5125936\/aleksandar-vucic-aljbin-kurti-brisel-.html\" target=\"_blank\">27. februara<\/a> bi trebalo da se Kurti i Vu\u010di\u0107 sastanu u Briselu radi nastavka pregovora, a tema je upravo predlo\u017eeni plan i nastavak &#8220;normalizacije odnosa&#8221;.<\/p>\n<ol class=\"footnotes\"><li id=\"footnote_1_44118\" class=\"footnote\">Kao i u slu\u010daju prve posebne sednice o Kosovu, Izve\u0161taj Vlade je pred Narodnom skup\u0161tinom branio predsednik Republike. Poziv je predsedniku Republike formalno uputio predsednik Narodne skup\u0161tine. Zbog ove proceduralne nepravilnosti reagovali su opozicioni poslanici oba puta<span class=\"footnote-back-link-wrapper\">[<a href=\"#identifier_1_44118\" class=\"footnote-link footnote-back-link\">&#8617;<\/a>]<\/span><\/li><li id=\"footnote_2_44118\" class=\"footnote\">Albin Kurti i Vjosa Osmani, ne slu\u010dajno, insistiraju na tezi na tezi da je Srbija zastupnik ruskih interesa na Balkanu te da su Srbi &#8220;mali Rusi&#8221;. Naravno, ovako jeftinu generalizaciju te\u0161ko da bilo ko mo\u017ee uzimati za ozbiljno.<span class=\"footnote-back-link-wrapper\">[<a href=\"#identifier_2_44118\" class=\"footnote-link footnote-back-link\">&#8617;<\/a>]<\/span><\/li><li id=\"footnote_3_44118\" class=\"footnote\">Jedna od teza je da bi trenutna pozicija Srbije bila zna\u010dajno druga\u010dija da je Srbija uvela sankcije Rusiji i da se svrstala uz Zapad. Te\u0161ko je proceniti koliko je ova teza ispravna \u2013 cinici bi rekli da bi i pored eventualnih sankcija, pozicija zapadnih dr\u017eava spram pitanja Kosova bila ista. Uostalom, ve\u0107ina tih dr\u017eava je odmah priznala Kosovo 2008. po progla\u0161enju nezavisnosti.<span class=\"footnote-back-link-wrapper\">[<a href=\"#identifier_3_44118\" class=\"footnote-link footnote-back-link\">&#8617;<\/a>]<\/span><\/li><li id=\"footnote_4_44118\" class=\"footnote\">Iako Isto\u010dna i Zapadna Nema\u010dka nikada zvani\u010dno nisu priznale jedna drugu, obe dr\u017eave su bile punopravne \u010dlanice Ujedinjenih nacija.<span class=\"footnote-back-link-wrapper\">[<a href=\"#identifier_4_44118\" class=\"footnote-link footnote-back-link\">&#8617;<\/a>]<\/span><\/li><li id=\"footnote_5_44118\" class=\"footnote\">Naravno, najuspe\u0161niji su bili oni akteri koji su obe\u0107avali oba \u2013 i Kosovo i Evropu. Na primer, to je bila politika Demokratske stranka za vreme Borisa Tadi\u0107a. Na takvoj poziciji je i Srpska napredna stranka od svog osnivanja. Stranke koje su dilemu re\u0161avale u korist nekog od dva re\u0161enja su zauzimale krajnji pol partijskog spektra, bilo da je re\u010d o &#8220;gra\u0111anskim&#8221; ili nacionalisti\u010dkim opcijama. Centar je popunjavala opcija koja se zalagala za oba &#8220;nacionalna interesa&#8221;.<span class=\"footnote-back-link-wrapper\">[<a href=\"#identifier_5_44118\" class=\"footnote-link footnote-back-link\">&#8617;<\/a>]<\/span><\/li><li id=\"footnote_6_44118\" class=\"footnote\">Pod ovim nazivom se u Srbiji obi\u010dno ubrajaju sve &#8220;gra\u0111anske&#8221;, socijaldemokratske i zeleno-leve parlamentarne opcije.<span class=\"footnote-back-link-wrapper\">[<a href=\"#identifier_6_44118\" class=\"footnote-link footnote-back-link\">&#8617;<\/a>]<\/span><\/li><\/ol>","protected":false},"excerpt":{"rendered":"<p>U srpskoj je javnosti u posljednjih mjesec dana Kosovo ponovo postalo sredi\u0161nje politi\u010dko pitanje. Prema svemu sude\u0107i, zapadne su ambasade, pogotovo ameri\u010dka, naumile u novim geopoliti\u010dkim okolnostima \u0161to prije rije\u0161iti tzv. kosovsko pitanje. O dinamici recentnih odnosa, kriza i pregovora, stavovima u srpskoj javnosti i polo\u017eaju i taktici Aleksandra Vu\u010di\u0107a pi\u0161e Luka Petrovi\u0107. Po\u010detak februara [&hellip;]<\/p>\n","protected":false},"author":5,"featured_media":44121,"comment_status":"closed","ping_status":"closed","sticky":false,"template":"","format":"standard","meta":{"footnotes":""},"categories":[454],"tags":[497,469],"theme":[456],"country":[11],"articleformat":[450],"coauthors":[971],"class_list":["post-44118","post","type-post","status-publish","format-standard","has-post-thumbnail","hentry","category-naslovnica","tag-kosovo","tag-srbija","theme-politika","country-srbija","articleformat-tema"],"_links":{"self":[{"href":"https:\/\/www.bilten.org\/index.php?rest_route=\/wp\/v2\/posts\/44118","targetHints":{"allow":["GET"]}}],"collection":[{"href":"https:\/\/www.bilten.org\/index.php?rest_route=\/wp\/v2\/posts"}],"about":[{"href":"https:\/\/www.bilten.org\/index.php?rest_route=\/wp\/v2\/types\/post"}],"author":[{"embeddable":true,"href":"https:\/\/www.bilten.org\/index.php?rest_route=\/wp\/v2\/users\/5"}],"replies":[{"embeddable":true,"href":"https:\/\/www.bilten.org\/index.php?rest_route=%2Fwp%2Fv2%2Fcomments&post=44118"}],"version-history":[{"count":4,"href":"https:\/\/www.bilten.org\/index.php?rest_route=\/wp\/v2\/posts\/44118\/revisions"}],"predecessor-version":[{"id":44123,"href":"https:\/\/www.bilten.org\/index.php?rest_route=\/wp\/v2\/posts\/44118\/revisions\/44123"}],"wp:featuredmedia":[{"embeddable":true,"href":"https:\/\/www.bilten.org\/index.php?rest_route=\/wp\/v2\/media\/44121"}],"wp:attachment":[{"href":"https:\/\/www.bilten.org\/index.php?rest_route=%2Fwp%2Fv2%2Fmedia&parent=44118"}],"wp:term":[{"taxonomy":"category","embeddable":true,"href":"https:\/\/www.bilten.org\/index.php?rest_route=%2Fwp%2Fv2%2Fcategories&post=44118"},{"taxonomy":"post_tag","embeddable":true,"href":"https:\/\/www.bilten.org\/index.php?rest_route=%2Fwp%2Fv2%2Ftags&post=44118"},{"taxonomy":"theme","embeddable":true,"href":"https:\/\/www.bilten.org\/index.php?rest_route=%2Fwp%2Fv2%2Ftheme&post=44118"},{"taxonomy":"country","embeddable":true,"href":"https:\/\/www.bilten.org\/index.php?rest_route=%2Fwp%2Fv2%2Fcountry&post=44118"},{"taxonomy":"articleformat","embeddable":true,"href":"https:\/\/www.bilten.org\/index.php?rest_route=%2Fwp%2Fv2%2Farticleformat&post=44118"},{"taxonomy":"author","embeddable":true,"href":"https:\/\/www.bilten.org\/index.php?rest_route=%2Fwp%2Fv2%2Fcoauthors&post=44118"}],"curies":[{"name":"wp","href":"https:\/\/api.w.org\/{rel}","templated":true}]}}